{"id":33412,"date":"2025-02-23T20:26:45","date_gmt":"2025-02-23T19:26:45","guid":{"rendered":"https:\/\/www.iceagetv.com\/radiosite\/?p=33412"},"modified":"2025-02-23T20:26:49","modified_gmt":"2025-02-23T19:26:49","slug":"dans-un-nouveau-communique-publie-ce-soir-le-vatican-annonce-que-letat-de-sante-du-pape-reste-critique-et-les-medecins-sont-toujours-reserves-sur-le-pronostic","status":"publish","type":"post","link":"https:\/\/www.iceagetv.com\/radiosite\/dans-un-nouveau-communique-publie-ce-soir-le-vatican-annonce-que-letat-de-sante-du-pape-reste-critique-et-les-medecins-sont-toujours-reserves-sur-le-pronostic\/","title":{"rendered":"Dans un nouveau communiqu\u00e9 publi\u00e9 ce soir, le Vatican annonce que l&rsquo;\u00e9tat de sant\u00e9 du Pape reste critique et \u00ab\u00a0les m\u00e9decins sont toujours r\u00e9serv\u00e9s sur le pronostic\u00a0\u00bb"},"content":{"rendered":"\n<p class=\"\"><strong>Le pape Fran\u00e7ois, hospitalis\u00e9 pour une pneumonie \u00e0 Rome, reste dans un \u00e9tat \u00abcritique\u00bb et continue de recevoir de l\u2019oxyg\u00e8ne \u00e0 haut d\u00e9bit mais il n\u2019a pas subi de nouvelle crise respiratoire depuis samedi soir, a annonc\u00e9 dimanche soir le Vatican.<\/strong><\/p>\n\n\n\n<p class=\"\">\u00abLa complexit\u00e9 du tableau clinique et l\u2019attente n\u00e9cessaire pour que les th\u00e9rapies pharmacologiques fassent effet n\u00e9cessitent de rester r\u00e9serv\u00e9 sur le pronostic\u00bb, indique le Saint-Si\u00e8ge dans ce dernier bulletin de sant\u00e9 publi\u00e9.<\/p>\n\n\n\n<p class=\"\">Le j\u00e9suite argentin de 88 ans, qui a b\u00e9n\u00e9fici\u00e9 de transfusions sanguines, a vu son taux d\u2019h\u00e9moglobine remonter et sa thrombop\u00e9nie (baisse du nombre de plaquettes sanguines) est rest\u00e9e stable, pr\u00e9cisent les m\u00e9decins de l\u2019h\u00f4pital Gemelli de Rome.<\/p>\n\n\n\n<p class=\"\">\u00abCependant, certains examens sanguins montrent une insuffisance r\u00e9nale initiale, l\u00e9g\u00e8re, actuellement sous contr\u00f4le\u00bb, ont-ils indiqu\u00e9. \u00abL\u2019oxyg\u00e9noth\u00e9rapie \u00e0 haut d\u00e9bit se poursuit par des canules nasales\u00bb, ajoutent-ils en pr\u00e9cisant que le pape reste conscient. \u00abAu cours de la matin\u00e9e, dans son appartement am\u00e9nag\u00e9 au 10e \u00e9tage, il a particip\u00e9 \u00e0 la Sainte Messe, avec ceux qui prennent soin de lui\u00bb, pr\u00e9cise la m\u00eame source.<\/p>\n","protected":false},"excerpt":{"rendered":"<p>Le pape Fran\u00e7ois, hospitalis\u00e9 pour une pneumonie \u00e0 Rome, reste dans un \u00e9tat \u00abcritique\u00bb et continue de recevoir de l\u2019oxyg\u00e8ne \u00e0 haut d\u00e9bit mais il n\u2019a pas subi de nouvelle crise respiratoire depuis samedi soir, a annonc\u00e9 dimanche soir le Vatican. \u00abLa complexit\u00e9 du tableau clinique et l\u2019attente n\u00e9cessaire pour que les th\u00e9rapies pharmacologiques fassent [&hellip;]<\/p>\n","protected":false},"author":2,"featured_media":33286,"comment_status":"open","ping_status":"open","sticky":false,"template":"","format":"standard","meta":{"_jetpack_memberships_contains_paid_content":false,"footnotes":"","jetpack_publicize_message":"","jetpack_publicize_feature_enabled":true,"jetpack_social_post_already_shared":true,"jetpack_social_options":{"image_generator_settings":{"template":"highway","enabled":true,"token":"eyJpbWciOiJodHRwczpcL1wvd3d3LmljZWFnZXR2LmNvbVwvcmFkaW9zaXRlXC93cC1jb250ZW50XC91cGxvYWRzXC8yMDI1XC8wMlwvRHBCWTJiczkuanBnIiwidHh0IjoiRGFucyB1biBub3V2ZWF1IGNvbW11bmlxdVx1MDBlOSBwdWJsaVx1MDBlOSBjZSBzb2lyLCBsZSBWYXRpY2FuIGFubm9uY2UgcXVlIGwmIzgyMTc7XHUwMGU5dGF0IGRlIHNhbnRcdTAwZTkgZHUgUGFwZSByZXN0ZSBjcml0aXF1ZSBldCAmIzgyMjA7bGVzIG1cdTAwZTlkZWNpbnMgc29udCB0b3Vqb3VycyByXHUwMGU5c2Vydlx1MDBlOXMgc3VyIGxlIHByb25vc3RpYyYjODIyMTsiLCJ0ZW1wbGF0ZSI6ImhpZ2h3YXkiLCJibG9nX2lkIjoxMTEwMTY0NjF9.Tcbxs4v10Q9nY1omcDTRcl38rXT5AgE6_F3Hmlxch4sMQ"},"version":2},"_wpas_customize_per_network":false},"categories":[405],"tags":[],"class_list":["post-33412","post","type-post","status-publish","format-standard","has-post-thumbnail","hentry","category-actu-france-monde"],"jetpack_publicize_connections":[],"jetpack_featured_media_url":"https:\/\/i0.wp.com\/www.iceagetv.com\/radiosite\/wp-content\/uploads\/2025\/02\/DpBY2bs9.jpg?fit=679%2C293&ssl=1","jetpack_sharing_enabled":true,"_links":{"self":[{"href":"https:\/\/www.iceagetv.com\/radiosite\/wp-json\/wp\/v2\/posts\/33412","targetHints":{"allow":["GET"]}}],"collection":[{"href":"https:\/\/www.iceagetv.com\/radiosite\/wp-json\/wp\/v2\/posts"}],"about":[{"href":"https:\/\/www.iceagetv.com\/radiosite\/wp-json\/wp\/v2\/types\/post"}],"author":[{"embeddable":true,"href":"https:\/\/www.iceagetv.com\/radiosite\/wp-json\/wp\/v2\/users\/2"}],"replies":[{"embeddable":true,"href":"https:\/\/www.iceagetv.com\/radiosite\/wp-json\/wp\/v2\/comments?post=33412"}],"version-history":[{"count":1,"href":"https:\/\/www.iceagetv.com\/radiosite\/wp-json\/wp\/v2\/posts\/33412\/revisions"}],"predecessor-version":[{"id":33413,"href":"https:\/\/www.iceagetv.com\/radiosite\/wp-json\/wp\/v2\/posts\/33412\/revisions\/33413"}],"wp:featuredmedia":[{"embeddable":true,"href":"https:\/\/www.iceagetv.com\/radiosite\/wp-json\/wp\/v2\/media\/33286"}],"wp:attachment":[{"href":"https:\/\/www.iceagetv.com\/radiosite\/wp-json\/wp\/v2\/media?parent=33412"}],"wp:term":[{"taxonomy":"category","embeddable":true,"href":"https:\/\/www.iceagetv.com\/radiosite\/wp-json\/wp\/v2\/categories?post=33412"},{"taxonomy":"post_tag","embeddable":true,"href":"https:\/\/www.iceagetv.com\/radiosite\/wp-json\/wp\/v2\/tags?post=33412"}],"curies":[{"name":"wp","href":"https:\/\/api.w.org\/{rel}","templated":true}]}}