{"id":33437,"date":"2025-02-25T06:10:07","date_gmt":"2025-02-25T05:10:07","guid":{"rendered":"https:\/\/www.iceagetv.com\/radiosite\/?p=33437"},"modified":"2025-02-25T06:10:10","modified_gmt":"2025-02-25T05:10:10","slug":"guerre-en-ukraine-macron-estime-quune-treve-est-possible-dans-les-semaines-a-venir","status":"publish","type":"post","link":"https:\/\/www.iceagetv.com\/radiosite\/guerre-en-ukraine-macron-estime-quune-treve-est-possible-dans-les-semaines-a-venir\/","title":{"rendered":"Guerre en Ukraine: Macron estime qu&rsquo;une \u00ab\u00a0tr\u00eave\u00a0\u00bb est possible dans les \u00ab\u00a0semaines \u00e0 venir"},"content":{"rendered":"\n<p class=\"\">Une mission d&rsquo;urgence. Emmanuel Macron est \u00e0 Washington pour rencontrer Donald Trump pour tenter d&rsquo;infl\u00e9chir la position am\u00e9ricaine, alors que la France met en garde contre un accord de cessez-le-feu \u00ab\u00a0b\u00e2cl\u00e9\u00a0\u00bb en Ukraine.Apr\u00e8s son entretien avec Trump, Macron esp\u00e8re une tr\u00eave dans les \u00ab\u00a0semaines \u00e0 venir\u00a0\u00bb<\/p>\n\n\n\n<p class=\"\">Ce direct consacr\u00e9 \u00e0 l&rsquo;actualit\u00e9 autour de la guerre en Ukraine est termin\u00e9. Le pr\u00e9sident de la R\u00e9publique Emmanuel Macron a \u00e9chang\u00e9 avec Donald Trump au sujet de la guerre en Ukraine.<\/p>\n\n\n\n<p class=\"\">Le pr\u00e9sident am\u00e9ricain, dont l&rsquo;administration a repris les discussions avec les autorit\u00e9s russes, se dit \u00ab\u00a0convaincu\u00a0\u00bb que Vladimir Poutine \u00ab\u00a0veut arriver \u00e0 un accord\u00a0\u00bb sur l&rsquo;Ukraine.Macron estime qu&rsquo;une \u00ab\u00a0tr\u00eave\u00a0\u00bb est possible entre l&rsquo;Ukraine et la Russie dans les \u00ab\u00a0semaines \u00e0 venir\u00a0\u00bbEmmanuel Macron, dans un entretien accord \u00e0 Fox News, pense qu&rsquo;une \u00ab\u00a0tr\u00eave\u00a0\u00bb est possible entre l&rsquo;Ukraine et la Russie dans les \u00ab\u00a0semaines \u00e0 venirEmmanuel Macron estime que le retour de Donald Trump marque \u00ab\u00a0un point de bascule\u00a0\u00bb dans la guerre en UkraineDans un entretien accord\u00e9 \u00e0 Fox News, Emmanuel Macron a salu\u00e9 l'\u00a0\u00bbinitiative positive\u00a0\u00bb de Donald Trump pour la guerre en Ukraine.\u00a0\u00bbNous voulons la paix\u00a0\u00bb, a-t-il d\u00e9clar\u00e9, appelant toutefois le pr\u00e9sident am\u00e9ricain \u00e0 \u00ab\u00a0faire attention, il faut quelque chose de substantiel pour l&rsquo;Ukraine et l&rsquo;Europe.\u00a0\u00bb<\/p>\n","protected":false},"excerpt":{"rendered":"<p>Une mission d&rsquo;urgence. Emmanuel Macron est \u00e0 Washington pour rencontrer Donald Trump pour tenter d&rsquo;infl\u00e9chir la position am\u00e9ricaine, alors que la France met en garde contre un accord de cessez-le-feu \u00ab\u00a0b\u00e2cl\u00e9\u00a0\u00bb en Ukraine.Apr\u00e8s son entretien avec Trump, Macron esp\u00e8re une tr\u00eave dans les \u00ab\u00a0semaines \u00e0 venir\u00a0\u00bb Ce direct consacr\u00e9 \u00e0 l&rsquo;actualit\u00e9 autour de la guerre [&hellip;]<\/p>\n","protected":false},"author":2,"featured_media":33438,"comment_status":"open","ping_status":"open","sticky":false,"template":"","format":"standard","meta":{"_jetpack_memberships_contains_paid_content":false,"footnotes":"","jetpack_publicize_message":"","jetpack_publicize_feature_enabled":true,"jetpack_social_post_already_shared":true,"jetpack_social_options":{"image_generator_settings":{"template":"highway","enabled":true,"token":"eyJpbWciOiJodHRwczpcL1wvd3d3LmljZWFnZXR2LmNvbVwvcmFkaW9zaXRlXC93cC1jb250ZW50XC91cGxvYWRzXC8yMDI1XC8wMlwvMjAyNTAyMjVfMDYwODQyLTEwMjR4NTc2LmpwZyIsInR4dCI6Ikd1ZXJyZSBlbiBVa3JhaW5lOiBNYWNyb24gZXN0aW1lIHF1JiM4MjE3O3VuZSAmIzgyMjA7dHJcdTAwZWF2ZSYjODIyMTsgZXN0IHBvc3NpYmxlIGRhbnMgbGVzICYjODIyMDtzZW1haW5lcyBcdTAwZTAgdmVuaXIiLCJ0ZW1wbGF0ZSI6ImhpZ2h3YXkiLCJibG9nX2lkIjoxMTEwMTY0NjF9.B56yok4V_lbHCQtPOiGOibJFN8B2HKkUkq-aYmCFkhoMQ"},"version":2},"_wpas_customize_per_network":false},"categories":[405],"tags":[],"class_list":["post-33437","post","type-post","status-publish","format-standard","has-post-thumbnail","hentry","category-actu-france-monde"],"jetpack_publicize_connections":[],"jetpack_featured_media_url":"https:\/\/i0.wp.com\/www.iceagetv.com\/radiosite\/wp-content\/uploads\/2025\/02\/20250225_060842.jpg?fit=2032%2C1143&ssl=1","jetpack_sharing_enabled":true,"_links":{"self":[{"href":"https:\/\/www.iceagetv.com\/radiosite\/wp-json\/wp\/v2\/posts\/33437","targetHints":{"allow":["GET"]}}],"collection":[{"href":"https:\/\/www.iceagetv.com\/radiosite\/wp-json\/wp\/v2\/posts"}],"about":[{"href":"https:\/\/www.iceagetv.com\/radiosite\/wp-json\/wp\/v2\/types\/post"}],"author":[{"embeddable":true,"href":"https:\/\/www.iceagetv.com\/radiosite\/wp-json\/wp\/v2\/users\/2"}],"replies":[{"embeddable":true,"href":"https:\/\/www.iceagetv.com\/radiosite\/wp-json\/wp\/v2\/comments?post=33437"}],"version-history":[{"count":1,"href":"https:\/\/www.iceagetv.com\/radiosite\/wp-json\/wp\/v2\/posts\/33437\/revisions"}],"predecessor-version":[{"id":33439,"href":"https:\/\/www.iceagetv.com\/radiosite\/wp-json\/wp\/v2\/posts\/33437\/revisions\/33439"}],"wp:featuredmedia":[{"embeddable":true,"href":"https:\/\/www.iceagetv.com\/radiosite\/wp-json\/wp\/v2\/media\/33438"}],"wp:attachment":[{"href":"https:\/\/www.iceagetv.com\/radiosite\/wp-json\/wp\/v2\/media?parent=33437"}],"wp:term":[{"taxonomy":"category","embeddable":true,"href":"https:\/\/www.iceagetv.com\/radiosite\/wp-json\/wp\/v2\/categories?post=33437"},{"taxonomy":"post_tag","embeddable":true,"href":"https:\/\/www.iceagetv.com\/radiosite\/wp-json\/wp\/v2\/tags?post=33437"}],"curies":[{"name":"wp","href":"https:\/\/api.w.org\/{rel}","templated":true}]}}