{"id":33454,"date":"2025-02-26T08:27:03","date_gmt":"2025-02-26T07:27:03","guid":{"rendered":"https:\/\/www.iceagetv.com\/radiosite\/?p=33454"},"modified":"2025-02-26T08:27:08","modified_gmt":"2025-02-26T07:27:08","slug":"paris-le-cuisinier-dun-ehpad-age-de-49-ans-a-ete-mis-en-examen-et-place-en-detention-provisoire-soupconne-davoir-viole-une-octogenaire-dans-un-ehpad-du-19e-arrondissement","status":"publish","type":"post","link":"https:\/\/www.iceagetv.com\/radiosite\/paris-le-cuisinier-dun-ehpad-age-de-49-ans-a-ete-mis-en-examen-et-place-en-detention-provisoire-soupconne-davoir-viole-une-octogenaire-dans-un-ehpad-du-19e-arrondissement\/","title":{"rendered":"Paris : Le cuisinier d&rsquo;un Ehpad, \u00e2g\u00e9 de 49 ans, a \u00e9t\u00e9 mis en examen et plac\u00e9 en d\u00e9tention provisoire, soup\u00e7onn\u00e9 d&rsquo;avoir viol\u00e9 une octog\u00e9naire dans un Ehpad du 19e arrondissement"},"content":{"rendered":"\n<p class=\"\">Le cuisinier d&rsquo;un Ehpad, \u00e2g\u00e9 de 49 ans, a \u00e9t\u00e9 mis en examen et plac\u00e9 en d\u00e9tention provisoire, soup\u00e7onn\u00e9 d&rsquo;avoir viol\u00e9 une octog\u00e9naire dans un Ehpad du 19e arrondissement de Paris. Le parquet de Paris a ouvert le 21 f\u00e9vrier une information judiciaire pour des faits de viols au pr\u00e9judice de personne vuln\u00e9rable selon le Parisien.<\/p>\n\n\n\n<p class=\"\">Le 15 janvier, la direction de l&rsquo;Ehpad H\u00e9rold avait signal\u00e9 au parquet \u00ab\u00a0le comportement inappropri\u00e9 d&rsquo;un cuisinier de l&rsquo;\u00e9tablissement aupr\u00e8s d&rsquo;une r\u00e9sidente\u00a0\u00bb.<\/p>\n\n\n\n<p class=\"\">L&rsquo;homme avait \u00e9t\u00e9 recrut\u00e9 en janvier 2023 mais son contrat n&rsquo;avait pas \u00e9t\u00e9 reconduit. Le suspect, dont le casier judiciaire est vierge, a \u00e9t\u00e9 interpell\u00e9 le 19 f\u00e9vrier, puis mis en examen et plac\u00e9 en d\u00e9tention provisoire.<\/p>\n\n\n\n<p class=\"\">L&rsquo;octog\u00e9naire se serait confi\u00e9e \u00e0 la direction de l&rsquo;Ehpad et aurait expliqu\u00e9 que le cuisinier avait eu un comportement inappropri\u00e9 envers elle, \u00e0 savoir des avances \u00e0 caract\u00e8re sexuel, au cours du week-end des 27 et 28 juillet, explique la ville de Paris \u00e0 BFM Paris \u00cele-de-France.<\/p>\n\n\n\n<p class=\"\">Une enqu\u00eate interne a \u00e9t\u00e9 diligent\u00e9e et a permis d&rsquo;entendre les r\u00e9sidents et le personnel.&nbsp;<\/p>\n","protected":false},"excerpt":{"rendered":"<p>Le cuisinier d&rsquo;un Ehpad, \u00e2g\u00e9 de 49 ans, a \u00e9t\u00e9 mis en examen et plac\u00e9 en d\u00e9tention provisoire, soup\u00e7onn\u00e9 d&rsquo;avoir viol\u00e9 une octog\u00e9naire dans un Ehpad du 19e arrondissement de Paris. Le parquet de Paris a ouvert le 21 f\u00e9vrier une information judiciaire pour des faits de viols au pr\u00e9judice de personne vuln\u00e9rable selon le [&hellip;]<\/p>\n","protected":false},"author":2,"featured_media":33455,"comment_status":"open","ping_status":"open","sticky":false,"template":"","format":"standard","meta":{"_jetpack_memberships_contains_paid_content":false,"footnotes":"","jetpack_publicize_message":"","jetpack_publicize_feature_enabled":true,"jetpack_social_post_already_shared":true,"jetpack_social_options":{"image_generator_settings":{"template":"highway","enabled":true,"token":"eyJpbWciOiJodHRwczpcL1wvd3d3LmljZWFnZXR2LmNvbVwvcmFkaW9zaXRlXC93cC1jb250ZW50XC91cGxvYWRzXC8yMDI1XC8wMlwvbmIxVE04U3MuanBnIiwidHh0IjoiUGFyaXMgOiBMZSBjdWlzaW5pZXIgZCYjODIxNzt1biBFaHBhZCwgXHUwMGUyZ1x1MDBlOSBkZSA0OSBhbnMsIGEgXHUwMGU5dFx1MDBlOSBtaXMgZW4gZXhhbWVuIGV0IHBsYWNcdTAwZTkgZW4gZFx1MDBlOXRlbnRpb24gcHJvdmlzb2lyZSwgc291cFx1MDBlN29ublx1MDBlOSBkJiM4MjE3O2F2b2lyIHZpb2xcdTAwZTkgdW5lIG9jdG9nXHUwMGU5bmFpcmUgZGFucyB1biBFaHBhZCBkdSAxOWUgYXJyb25kaXNzZW1lbnQiLCJ0ZW1wbGF0ZSI6ImhpZ2h3YXkiLCJibG9nX2lkIjoxMTEwMTY0NjF9.n4wNnSX1fMJLitxyA5uziPvNJyXHXKyDaafsWyvKD5wMQ"},"version":2},"_wpas_customize_per_network":false},"categories":[405],"tags":[],"class_list":["post-33454","post","type-post","status-publish","format-standard","has-post-thumbnail","hentry","category-actu-france-monde"],"jetpack_publicize_connections":[],"jetpack_featured_media_url":"https:\/\/i0.wp.com\/www.iceagetv.com\/radiosite\/wp-content\/uploads\/2025\/02\/nb1TM8Ss.jpg?fit=679%2C293&ssl=1","jetpack_sharing_enabled":true,"_links":{"self":[{"href":"https:\/\/www.iceagetv.com\/radiosite\/wp-json\/wp\/v2\/posts\/33454","targetHints":{"allow":["GET"]}}],"collection":[{"href":"https:\/\/www.iceagetv.com\/radiosite\/wp-json\/wp\/v2\/posts"}],"about":[{"href":"https:\/\/www.iceagetv.com\/radiosite\/wp-json\/wp\/v2\/types\/post"}],"author":[{"embeddable":true,"href":"https:\/\/www.iceagetv.com\/radiosite\/wp-json\/wp\/v2\/users\/2"}],"replies":[{"embeddable":true,"href":"https:\/\/www.iceagetv.com\/radiosite\/wp-json\/wp\/v2\/comments?post=33454"}],"version-history":[{"count":1,"href":"https:\/\/www.iceagetv.com\/radiosite\/wp-json\/wp\/v2\/posts\/33454\/revisions"}],"predecessor-version":[{"id":33456,"href":"https:\/\/www.iceagetv.com\/radiosite\/wp-json\/wp\/v2\/posts\/33454\/revisions\/33456"}],"wp:featuredmedia":[{"embeddable":true,"href":"https:\/\/www.iceagetv.com\/radiosite\/wp-json\/wp\/v2\/media\/33455"}],"wp:attachment":[{"href":"https:\/\/www.iceagetv.com\/radiosite\/wp-json\/wp\/v2\/media?parent=33454"}],"wp:term":[{"taxonomy":"category","embeddable":true,"href":"https:\/\/www.iceagetv.com\/radiosite\/wp-json\/wp\/v2\/categories?post=33454"},{"taxonomy":"post_tag","embeddable":true,"href":"https:\/\/www.iceagetv.com\/radiosite\/wp-json\/wp\/v2\/tags?post=33454"}],"curies":[{"name":"wp","href":"https:\/\/api.w.org\/{rel}","templated":true}]}}