{"id":33458,"date":"2025-02-26T09:04:26","date_gmt":"2025-02-26T08:04:26","guid":{"rendered":"https:\/\/www.iceagetv.com\/radiosite\/?p=33458"},"modified":"2025-02-26T09:04:30","modified_gmt":"2025-02-26T08:04:30","slug":"eric-ciotti-propose-de-fermer-larcom-plutot-que-c8-nous-allons-deposer-un-texte-dans-ce-sens-car-cest-une-institution-politisee-qui-ne-sert-a-rien","status":"publish","type":"post","link":"https:\/\/www.iceagetv.com\/radiosite\/eric-ciotti-propose-de-fermer-larcom-plutot-que-c8-nous-allons-deposer-un-texte-dans-ce-sens-car-cest-une-institution-politisee-qui-ne-sert-a-rien\/","title":{"rendered":"Eric Ciotti propose de fermer l&rsquo;ARCOM plut\u00f4t que C8 : \u00ab\u00a0Nous allons d\u00e9poser un texte dans ce sens car c&rsquo;est une institution politis\u00e9e qui ne sert \u00e0 rien\u00a0"},"content":{"rendered":"\n<p class=\"\">Le pr\u00e9sident de l&rsquo;UDR et d\u00e9put\u00e9 des Alpes-Maritimes Eric Ciotti \u00e9tait ce matin sur CNews, invit\u00e9 de Sonia Mabrouk et il a \u00e9t\u00e9 interrog\u00e9 sur la fin de C8 qui va se produire vendredi \u00e0 23h59, et il a tenu des propos tr\u00e8s forts en affirmant que c&rsquo;est l&rsquo;ARCOM qu&rsquo;il fallait fermer et non pas C8:&nbsp;<\/p>\n\n\n\n<p class=\"\">\u00ab\u00a0Bien s\u00fbr c&rsquo;est une d\u00e9cision politique. Moi, j&rsquo;aimerai que l&rsquo;on ferme l&rsquo;ARCOM plut\u00f4t que l&rsquo;on ferme C8. Et nous allons d&rsquo;ailleurs d\u00e9pos\u00e9 en ce sens, car l&rsquo;ARCOM fait partie de ces institutions qui ne servent \u00e0 rien et qui ne sont que des courroies de transmission de la volont\u00e9 du pouvoir.<\/p>\n\n\n\n<p class=\"\">C8 \u00e9tait la cha\u00eene pr\u00e9f\u00e9r\u00e9e des fran\u00e7ais et on prive des millions de fran\u00e7ais&nbsp; de leur chaine de pr\u00e9f\u00e9r\u00e9e car un petit c\u00e9nacle a ob\u00e9i \u00e0 une d\u00e9cision politique pour sanctionner un groupe de m\u00e9dia car on les estime \u00ab\u00a0mal pensant\u00a0\u00bb.<\/p>\n\n\n\n<p class=\"\">On a une petite caste qui d\u00e9cide de ce que les Fran\u00e7ais doivent voir, ce que les Fran\u00e7ais doivent penser. Quand on ferme une chaine de t\u00e9l\u00e9, on est plus vraiment dans une d\u00e9mocratie.\u00a0\u00bb&nbsp;<\/p>\n\n\n\n<p class=\"\">D\u00e8s le mois de septembre, C8 et NRJ12 avaient saisi le Conseil d\u2019\u00c9tat pour contester cette d\u00e9cision. Fin novembre, il avait jug\u00e9 \u00ab irrecevable \u00bb un premier recours d\u00e9pos\u00e9, avant m\u00eame l\u2019annonce finale des cha\u00eenes retenues. Le r\u00e9gulateur de l\u2019audiovisuel avait ensuite valid\u00e9 sa s\u00e9lection le 12 d\u00e9cembre.<\/p>\n\n\n\n<p class=\"\">Une nouvelle audience s\u2019est tenue le 30 d\u00e9cembre, durant laquelle il a \u00e9t\u00e9 estim\u00e9 que la condition d\u2019urgence n\u00e9cessaire \u00e0 un r\u00e9f\u00e9r\u00e9 n\u2019\u00e9tait \u00ab pas remplie \u00bb.&nbsp;<\/p>\n\n\n\n<p class=\"\">Ce mercredi 19 f\u00e9vrier 2025, le Conseil d\u2019\u00c9tat a officiellement valid\u00e9 la d\u00e9cision de l\u2019Autorit\u00e9 de r\u00e9gulation de la communication audiovisuelle et num\u00e9rique (Arcom) de ne pas renouveler les fr\u00e9quences TNT de C8 et NRJ12<\/p>\n","protected":false},"excerpt":{"rendered":"<p>Le pr\u00e9sident de l&rsquo;UDR et d\u00e9put\u00e9 des Alpes-Maritimes Eric Ciotti \u00e9tait ce matin sur CNews, invit\u00e9 de Sonia Mabrouk et il a \u00e9t\u00e9 interrog\u00e9 sur la fin de C8 qui va se produire vendredi \u00e0 23h59, et il a tenu des propos tr\u00e8s forts en affirmant que c&rsquo;est l&rsquo;ARCOM qu&rsquo;il fallait fermer et non pas [&hellip;]<\/p>\n","protected":false},"author":2,"featured_media":33459,"comment_status":"open","ping_status":"open","sticky":false,"template":"","format":"standard","meta":{"_jetpack_memberships_contains_paid_content":false,"footnotes":"","jetpack_publicize_message":"","jetpack_publicize_feature_enabled":true,"jetpack_social_post_already_shared":true,"jetpack_social_options":{"image_generator_settings":{"template":"highway","enabled":true,"token":"eyJpbWciOiJodHRwczpcL1wvd3d3LmljZWFnZXR2LmNvbVwvcmFkaW9zaXRlXC93cC1jb250ZW50XC91cGxvYWRzXC8yMDI1XC8wMlwvRXJpYy1DaW90dGktcHJvcG9zZS1kZS1mZXJtZXItbEFSQ09NLXBsdXRvdC1xdWUtQzguanBnIiwidHh0IjoiRXJpYyBDaW90dGkgcHJvcG9zZSBkZSBmZXJtZXIgbCYjODIxNztBUkNPTSBwbHV0XHUwMGY0dCBxdWUgQzggOiAmIzgyMjA7Tm91cyBhbGxvbnMgZFx1MDBlOXBvc2VyIHVuIHRleHRlIGRhbnMgY2Ugc2VucyBjYXIgYyYjODIxNztlc3QgdW5lIGluc3RpdHV0aW9uIHBvbGl0aXNcdTAwZTllIHF1aSBuZSBzZXJ0IFx1MDBlMCByaWVuXHUwMGEwIiwidGVtcGxhdGUiOiJoaWdod2F5IiwiYmxvZ19pZCI6MTExMDE2NDYxfQ.oNXRVzML3CzU1JJ10dvvTYMUcr5GUP52zoi1D6AFek8MQ"},"version":2},"_wpas_customize_per_network":false},"categories":[405],"tags":[],"class_list":["post-33458","post","type-post","status-publish","format-standard","has-post-thumbnail","hentry","category-actu-france-monde"],"jetpack_publicize_connections":[],"jetpack_featured_media_url":"https:\/\/i0.wp.com\/www.iceagetv.com\/radiosite\/wp-content\/uploads\/2025\/02\/Eric-Ciotti-propose-de-fermer-lARCOM-plutot-que-C8.jpg?fit=679%2C293&ssl=1","jetpack_sharing_enabled":true,"_links":{"self":[{"href":"https:\/\/www.iceagetv.com\/radiosite\/wp-json\/wp\/v2\/posts\/33458","targetHints":{"allow":["GET"]}}],"collection":[{"href":"https:\/\/www.iceagetv.com\/radiosite\/wp-json\/wp\/v2\/posts"}],"about":[{"href":"https:\/\/www.iceagetv.com\/radiosite\/wp-json\/wp\/v2\/types\/post"}],"author":[{"embeddable":true,"href":"https:\/\/www.iceagetv.com\/radiosite\/wp-json\/wp\/v2\/users\/2"}],"replies":[{"embeddable":true,"href":"https:\/\/www.iceagetv.com\/radiosite\/wp-json\/wp\/v2\/comments?post=33458"}],"version-history":[{"count":1,"href":"https:\/\/www.iceagetv.com\/radiosite\/wp-json\/wp\/v2\/posts\/33458\/revisions"}],"predecessor-version":[{"id":33460,"href":"https:\/\/www.iceagetv.com\/radiosite\/wp-json\/wp\/v2\/posts\/33458\/revisions\/33460"}],"wp:featuredmedia":[{"embeddable":true,"href":"https:\/\/www.iceagetv.com\/radiosite\/wp-json\/wp\/v2\/media\/33459"}],"wp:attachment":[{"href":"https:\/\/www.iceagetv.com\/radiosite\/wp-json\/wp\/v2\/media?parent=33458"}],"wp:term":[{"taxonomy":"category","embeddable":true,"href":"https:\/\/www.iceagetv.com\/radiosite\/wp-json\/wp\/v2\/categories?post=33458"},{"taxonomy":"post_tag","embeddable":true,"href":"https:\/\/www.iceagetv.com\/radiosite\/wp-json\/wp\/v2\/tags?post=33458"}],"curies":[{"name":"wp","href":"https:\/\/api.w.org\/{rel}","templated":true}]}}