{"id":33465,"date":"2025-02-26T10:50:07","date_gmt":"2025-02-26T09:50:07","guid":{"rendered":"https:\/\/www.iceagetv.com\/radiosite\/?p=33465"},"modified":"2025-02-26T10:50:11","modified_gmt":"2025-02-26T09:50:11","slug":"numeros-durgence-fermetures-reseau-routier-les-informations-pratiques-a-la-reunion-a-lapproche-de-la-forte-tempete-garance","status":"publish","type":"post","link":"https:\/\/www.iceagetv.com\/radiosite\/numeros-durgence-fermetures-reseau-routier-les-informations-pratiques-a-la-reunion-a-lapproche-de-la-forte-tempete-garance\/","title":{"rendered":"Num\u00e9ros d\u2019urgence, fermetures, r\u00e9seau routier : les informations pratiques \u00e0 La R\u00e9union \u00e0 l&rsquo;approche de la forte temp\u00eate Garance"},"content":{"rendered":"\n<p class=\"\"><strong>La R\u00e9union se pr\u00e9pare \u00e0 affronter un \u00e9pisode cyclonique dans les prochaines heures. La forte temp\u00eate tropicale Garance approche des c\u00f4tes r\u00e9unionnaises. Retrouvez tous les informations pratiques, les fermetures et les num\u00e9ros d\u2019urgence \u00e0 conna\u00eetre.<\/strong>Le m\u00e9t\u00e9ore Garance approche de La R\u00e9union. Son passage au plus pr\u00e8s du d\u00e9partement est pr\u00e9vu en fin de journ\u00e9e du jeudi 27 f\u00e9vrier et la nuit du jeudi au vendredi, potentiellement au stade de cyclone tropical intense.<\/p>\n\n\n\n<p class=\"\">La R\u00e9union est d\u2019ores et d\u00e9j\u00e0 place en alerte orange ce mercredi 26 f\u00e9vrier, \u00e0 compter de 14h. Une influence directe du syst\u00e8me est attendue en fin de journ\u00e9e de jeudi et jusqu\u2019en journ\u00e9e de vendredi.<\/p>\n\n\n\n<p class=\"\">Retrouvez toutes les informations pratiques n\u00e9cessaires pour se pr\u00e9parer au mieux \u00e0 l\u2019arriv\u00e9e du m\u00e9t\u00e9ore, et ainsi que celles indispensables pendant ou apr\u00e8s son passage.<\/p>\n\n\n\n<h2 class=\"wp-block-heading\">Num\u00e9ros d\u2019urgence<\/h2>\n\n\n\n<p class=\"\"><strong>SAMU<\/strong>&nbsp;: 15<\/p>\n\n\n\n<p class=\"\"><strong>Pompiers<\/strong>&nbsp;: 18<\/p>\n\n\n\n<p class=\"\"><strong>Gendarmerie<\/strong>\u00a0: 17<\/p>\n\n\n\n<h2 class=\"wp-block-heading\">R\u00e9seau EDF<\/h2>\n\n\n\n<p class=\"\">Pour signaler une situation d\u2019urgence, pr\u00e9sentant un risque \u00e0 la personne, contacter le service d\u00e9pannage d\u2019EDF&nbsp;:<strong>&nbsp;0800 333&nbsp;974<\/strong>.<\/p>\n\n\n\n<h2 class=\"wp-block-heading\">R\u00e9seaux de transport en commun<\/h2>\n\n\n\n<p class=\"\">Le&nbsp;<strong>T\u00e9l\u00e9ph\u00e9rique Papang<\/strong>, \u00e0 Saint-Denis, ferme au public \u00e0 compter de 12h30 ce mercredi 26 f\u00e9vrier. Il le demeurera jusqu\u2019\u00e0 nouvel ordre.<\/p>\n\n\n\n<h2 class=\"wp-block-heading\">R\u00e9seau routier<\/h2>\n\n\n\n<p class=\"\">Compte tenu des vents forts qui sont d\u2019ores et d\u00e9j\u00e0 observ\u00e9s sur le viaduc de la NRL, la circulation y est d\u00e9conseill\u00e9e aux deux-roues.<\/p>\n\n\n\n<h2 class=\"wp-block-heading\">Ecoles et cr\u00e8ches<\/h2>\n\n\n\n<p class=\"\">Les \u00e9coles, coll\u00e8ges et lyc\u00e9es, ainsi que les cr\u00e8ches et accueils collectifs pour mineurs sont ferm\u00e9s \u00e0 compter de 14h ce mercredi 26 f\u00e9vrier.<\/p>\n\n\n\n<h2 class=\"wp-block-heading\">Fermetures des lieux publics<\/h2>\n\n\n\n<p class=\"\">Le Jardin de l\u2019Etat \u00e0 Saint-Denis ferme au public ce mercredi 26 f\u00e9vrier \u00e0 12h. La r\u00e9ouverture se fera apr\u00e8s le passage du m\u00e9t\u00e9ore, apr\u00e8s inspection de l\u2019ensemble du site.<\/p>\n\n\n\n<p class=\"\">Le stade Michel Volnay de Saint-Pierre et celui d\u2018athl\u00e9tisme de Petite-\u00cele sont ferm\u00e9s \u00e0 14h ce mercredi 26 f\u00e9vrier. &nbsp;<\/p>\n\n\n\n<p class=\"\">Le camping de l\u2019Etang-Sal\u00e9 ferme \u00e0 14h ce mercredi 26 f\u00e9vrier.<\/p>\n\n\n\n<h2 class=\"wp-block-heading\">Collecte des d\u00e9chets<\/h2>\n\n\n\n<p class=\"\">La collecte des bacs se poursuit durant l\u2019alerte orange. Le d\u00e9p\u00f4t d\u2019encombrants ou de d\u00e9chets verts sur la voie publique doit en revanche \u00eatre limit\u00e9 au maximum.<\/p>\n\n\n\n<p class=\"\">Les collectes s\u2019interrompront en cas de passage en alerte rouge et alerte violette. Il est recommand\u00e9 de rentrer ses bacs.<\/p>\n","protected":false},"excerpt":{"rendered":"<p>La R\u00e9union se pr\u00e9pare \u00e0 affronter un \u00e9pisode cyclonique dans les prochaines heures. La forte temp\u00eate tropicale Garance approche des c\u00f4tes r\u00e9unionnaises. Retrouvez tous les informations pratiques, les fermetures et les num\u00e9ros d\u2019urgence \u00e0 conna\u00eetre.Le m\u00e9t\u00e9ore Garance approche de La R\u00e9union. Son passage au plus pr\u00e8s du d\u00e9partement est pr\u00e9vu en fin de journ\u00e9e du [&hellip;]<\/p>\n","protected":false},"author":2,"featured_media":33466,"comment_status":"open","ping_status":"open","sticky":false,"template":"","format":"standard","meta":{"_jetpack_memberships_contains_paid_content":false,"footnotes":"","jetpack_publicize_message":"","jetpack_publicize_feature_enabled":true,"jetpack_social_post_already_shared":false,"jetpack_social_options":{"image_generator_settings":{"template":"highway","enabled":true,"token":"eyJpbWciOiJodHRwczpcL1wvd3d3LmljZWFnZXR2LmNvbVwvcmFkaW9zaXRlXC93cC1jb250ZW50XC91cGxvYWRzXC8yMDI1XC8wMlwvbGFwcHJvY2hlLWRlLWxhLWZvcnRlLXRlbXBldGUtR2FyYW5jZS5qcGciLCJ0eHQiOiJOdW1cdTAwZTlyb3MgZFx1MjAxOXVyZ2VuY2UsIGZlcm1ldHVyZXMsIHJcdTAwZTlzZWF1IHJvdXRpZXIgOiBsZXMgaW5mb3JtYXRpb25zIHByYXRpcXVlcyBcdTAwZTAgTGEgUlx1MDBlOXVuaW9uIFx1MDBlMCBsJiM4MjE3O2FwcHJvY2hlIGRlIGxhIGZvcnRlIHRlbXBcdTAwZWF0ZSBHYXJhbmNlIiwidGVtcGxhdGUiOiJoaWdod2F5IiwiYmxvZ19pZCI6MTExMDE2NDYxfQ.KXv8pjQ-ftMWQEepwSSMLAKRsTxX-zgakC86ZM12ZhkMQ"},"version":2},"_wpas_customize_per_network":false},"categories":[14],"tags":[],"class_list":["post-33465","post","type-post","status-publish","format-standard","has-post-thumbnail","hentry","category-actu-meteo"],"jetpack_publicize_connections":[],"jetpack_featured_media_url":"https:\/\/i0.wp.com\/www.iceagetv.com\/radiosite\/wp-content\/uploads\/2025\/02\/lapproche-de-la-forte-tempete-Garance.jpg?fit=697%2C465&ssl=1","jetpack_sharing_enabled":true,"_links":{"self":[{"href":"https:\/\/www.iceagetv.com\/radiosite\/wp-json\/wp\/v2\/posts\/33465","targetHints":{"allow":["GET"]}}],"collection":[{"href":"https:\/\/www.iceagetv.com\/radiosite\/wp-json\/wp\/v2\/posts"}],"about":[{"href":"https:\/\/www.iceagetv.com\/radiosite\/wp-json\/wp\/v2\/types\/post"}],"author":[{"embeddable":true,"href":"https:\/\/www.iceagetv.com\/radiosite\/wp-json\/wp\/v2\/users\/2"}],"replies":[{"embeddable":true,"href":"https:\/\/www.iceagetv.com\/radiosite\/wp-json\/wp\/v2\/comments?post=33465"}],"version-history":[{"count":1,"href":"https:\/\/www.iceagetv.com\/radiosite\/wp-json\/wp\/v2\/posts\/33465\/revisions"}],"predecessor-version":[{"id":33467,"href":"https:\/\/www.iceagetv.com\/radiosite\/wp-json\/wp\/v2\/posts\/33465\/revisions\/33467"}],"wp:featuredmedia":[{"embeddable":true,"href":"https:\/\/www.iceagetv.com\/radiosite\/wp-json\/wp\/v2\/media\/33466"}],"wp:attachment":[{"href":"https:\/\/www.iceagetv.com\/radiosite\/wp-json\/wp\/v2\/media?parent=33465"}],"wp:term":[{"taxonomy":"category","embeddable":true,"href":"https:\/\/www.iceagetv.com\/radiosite\/wp-json\/wp\/v2\/categories?post=33465"},{"taxonomy":"post_tag","embeddable":true,"href":"https:\/\/www.iceagetv.com\/radiosite\/wp-json\/wp\/v2\/tags?post=33465"}],"curies":[{"name":"wp","href":"https:\/\/api.w.org\/{rel}","templated":true}]}}