{"id":3348,"date":"2015-11-17T17:02:48","date_gmt":"2015-11-17T17:02:48","guid":{"rendered":"http:\/\/www.iceagetv.com\/radiosite\/?p=3348"},"modified":"2015-11-17T17:02:48","modified_gmt":"2015-11-17T17:02:48","slug":"revision-constitutionnelle-valls-appelle-la-droite-a-la-coherence","status":"publish","type":"post","link":"https:\/\/www.iceagetv.com\/radiosite\/revision-constitutionnelle-valls-appelle-la-droite-a-la-coherence\/","title":{"rendered":"R\u00e9vision constitutionnelle : Valls appelle la droite \u00e0 la coh\u00e9rence"},"content":{"rendered":"<p>\n\tLors des questions au gouvernement, Manuel Valls a plaid&eacute; pour une r&eacute;vision &quot;n&eacute;cessaire&quot; pour instaurer des mesures contre les djihadistes binationaux.Manuel Valls&nbsp;souhaite mettre la droite au pied du mur. Selon lui, elle ne serait pas &laquo;&nbsp;coh&eacute;rente&nbsp;&raquo; si elle ne votait pas la r&eacute;vision de la Constitution que pr&eacute;pare le gouvernement apr&egrave;s les attentats de&nbsp;Paris, une r&eacute;vision notamment &laquo;&nbsp;n&eacute;cessaire&nbsp;&raquo;, explique-t-il, pour &eacute;largir la d&eacute;ch&eacute;ance de nationalit&eacute; aux binationaux n&eacute;s fran&ccedil;ais et instaurer de nouvelles mesures concernant le retour en&nbsp;France&nbsp;de &laquo;&nbsp;terroristes&nbsp;&raquo; combattant &agrave; l&#39;&eacute;tranger (&laquo;&nbsp;visas de retour&nbsp;&raquo;, &laquo;&nbsp;assignation &agrave; r&eacute;sidence&nbsp;&raquo;).\n<\/p>\n<p>\n\t&laquo;&nbsp;Mesdames et messieurs de l&#39;opposition, il faut faire preuve de coh&eacute;rence. Une r&eacute;vision constitutionnelle est n&eacute;cessaire pour inscrire [ces dispositions] dans notre droit&nbsp;&raquo;, a-t-il d&eacute;clar&eacute; lors de la s&eacute;ance de questions au gouvernement. &laquo;&nbsp;Soit vous &ecirc;tes d&#39;accord et vous votez cette r&eacute;forme constitutionnelle, soit vous ne le faites pas et vous n&#39;&ecirc;tes pas coh&eacute;rents&nbsp;&raquo;, a-t-il lanc&eacute;.\n<\/p>\n<p>\n\t&laquo;&nbsp;De s&eacute;rieuses questions juridiques&nbsp;&raquo;\n<\/p>\n<p>\n\tInterrog&eacute; par le d&eacute;put&eacute; Les R&eacute;publicains Laurent Wauquiez, qui proposait un &laquo;&nbsp;centre d&#39;internement&nbsp;&raquo; pour les personnes fich&eacute;es pour terrorisme, le Premier ministre lui a r&eacute;pondu que cette mesure, de m&ecirc;me que l&#39;assignation &agrave; r&eacute;sidence sous bracelet &eacute;lectronique propos&eacute;e par Nicolas Sarkozy soulevaient de &laquo;&nbsp;graves probl&egrave;mes de droit par rapport &agrave; la Constitution et par rapport &agrave; nos obligations internationales&nbsp;&raquo;. &laquo;&nbsp;Placer sous bracelet &eacute;lectronique ou en internement d&#39;office toute personne faisant l&#39;objet d&#39;une fiche S, m&ecirc;me lorsqu&#39;il n&#39;existe &agrave; [son] encontre que de simples soup&ccedil;ons non recoup&eacute;s&nbsp;&raquo;, soul&egrave;ve &laquo;&nbsp;de s&eacute;rieuses questions juridiques pour ne pas tomber dans un r&eacute;gime d&#39;exception&nbsp;&raquo;, a-t-il expliqu&eacute;.&nbsp;Ces propositions ont &eacute;t&eacute; soumises au Conseil d&#39;&Eacute;tat&nbsp;pour v&eacute;rifier leur conformit&eacute; avec la Constitution et les conventions internationales, a-t-il rappel&eacute;, invitant Laurent Wauquiez &laquo;&nbsp;&agrave; les affiner, &agrave; les formuler, &agrave; les travailler&nbsp;&raquo;. &laquo;&nbsp;Le gouvernement est pr&ecirc;t &agrave; une discussion pour int&eacute;grer toute proposition efficace&nbsp;&raquo; et conforme aux accords internationaux, a-t-il assur&eacute;.\n<\/p>\n<p>\n\tLa r&eacute;vision vise &agrave; inscrire un &laquo;&nbsp;r&eacute;gime civil d&#39;&eacute;tat de crise&nbsp;&raquo; dans la Constitution, &agrave; &eacute;largir la d&eacute;ch&eacute;ance de nationalit&eacute; aux binationaux n&eacute;s fran&ccedil;ais ainsi qu&#39;&agrave; mettre en place un &laquo;&nbsp;visa de retour&nbsp;&raquo; pour les Fran&ccedil;ais revenant de Syrie ou d&#39;Irak, a soulign&eacute; Manuel Valls. Les djihadistes fran&ccedil;ais pourraient ainsi se voir imposer &laquo;&nbsp;des conditions de surveillance draconiennes &agrave; leur retour&nbsp;&raquo;, comme une &laquo;&nbsp;assignation &agrave; r&eacute;sidence&nbsp;&raquo;, selon une source gouvernementale.\n<\/p>\n<p>\n\tUnion sacr&eacute;e\n<\/p>\n<p>\n\tManuel Valls a &eacute;galement appel&eacute; les d&eacute;put&eacute;s &agrave; &ecirc;tre des &laquo;&nbsp;patriotes rassembl&eacute;s&nbsp;&raquo;, exprimant &laquo;&nbsp;le regret personnel&nbsp;&raquo; que &laquo;&nbsp;nous n&#39;ayons pas r&eacute;ussi collectivement&nbsp;&raquo; &agrave; maintenir l&#39;union nationale apr&egrave;s les attentats de janvier. &laquo;&nbsp;Je ferai tout pour que l&#39;unit&eacute;, l&#39;union sacr&eacute;e soient pr&eacute;serv&eacute;es&nbsp;&raquo;, a-t-il ajout&eacute;.\n<\/p>\n<p>\n\tR&eacute;pondant au d&eacute;put&eacute; Les R&eacute;publicains Philippe Meunier (Rh&ocirc;ne), qui lui demandait de rendre &laquo;&nbsp;plus restrictives&nbsp;&raquo; les conditions d&#39;obtention de la nationalit&eacute; fran&ccedil;aise, il a exprim&eacute; sa col&egrave;re contre un &laquo;&nbsp;amalgame&nbsp;&raquo;. &laquo;&nbsp;La confusion que vous op&eacute;rez dans votre question, le fait de rendre par les propos que vous tenez tout &eacute;tranger suspect, &ccedil;a, vous nous trouverez toujours devant pour dire non&nbsp;&raquo;, a dit Manuel Valls, rappelant &ecirc;tre lui-m&ecirc;me naturalis&eacute; fran&ccedil;ais.\n<\/p>\n<p>\n\tLe chef du gouvernement avait auparavant rendu un hommage appuy&eacute; &agrave; l&#39;attitude des policiers, forces de l&#39;ordre, gendarmes, services de sant&eacute;, sapeurs pompiers et enseignants face aux attentats et ses suites, recueillant une ovation debout de la gauche de l&#39;h&eacute;micycle.<\/p>\n","protected":false},"excerpt":{"rendered":"<p>Lors des questions au gouvernement, Manuel Valls a plaid&eacute; pour une r&eacute;vision &quot;n&eacute;cessaire&quot; pour instaurer des mesures contre les djihadistes binationaux.Manuel Valls&nbsp;souhaite mettre la droite au pied du mur. Selon lui, elle ne serait pas &laquo;&nbsp;coh&eacute;rente&nbsp;&raquo; si elle ne votait pas la r&eacute;vision de la Constitution que pr&eacute;pare le gouvernement apr&egrave;s les attentats de&nbsp;Paris, une [&hellip;]<\/p>\n","protected":false},"author":2,"featured_media":3349,"comment_status":"open","ping_status":"open","sticky":false,"template":"","format":"standard","meta":{"_jetpack_memberships_contains_paid_content":false,"footnotes":"","jetpack_publicize_message":"","jetpack_publicize_feature_enabled":true,"jetpack_social_post_already_shared":false,"jetpack_social_options":{"image_generator_settings":{"template":"highway","default_image_id":0,"font":"","enabled":false},"version":2},"_wpas_customize_per_network":false},"categories":[405],"tags":[760],"class_list":["post-3348","post","type-post","status-publish","format-standard","has-post-thumbnail","hentry","category-actu-france-monde","tag-revision-constitutionnelle"],"jetpack_publicize_connections":[],"jetpack_featured_media_url":"https:\/\/i0.wp.com\/www.iceagetv.com\/radiosite\/wp-content\/uploads\/2015\/11\/R%C3%A9vision-constitutionnelle.jpg?fit=660%2C281&ssl=1","jetpack_sharing_enabled":true,"_links":{"self":[{"href":"https:\/\/www.iceagetv.com\/radiosite\/wp-json\/wp\/v2\/posts\/3348","targetHints":{"allow":["GET"]}}],"collection":[{"href":"https:\/\/www.iceagetv.com\/radiosite\/wp-json\/wp\/v2\/posts"}],"about":[{"href":"https:\/\/www.iceagetv.com\/radiosite\/wp-json\/wp\/v2\/types\/post"}],"author":[{"embeddable":true,"href":"https:\/\/www.iceagetv.com\/radiosite\/wp-json\/wp\/v2\/users\/2"}],"replies":[{"embeddable":true,"href":"https:\/\/www.iceagetv.com\/radiosite\/wp-json\/wp\/v2\/comments?post=3348"}],"version-history":[{"count":1,"href":"https:\/\/www.iceagetv.com\/radiosite\/wp-json\/wp\/v2\/posts\/3348\/revisions"}],"predecessor-version":[{"id":3350,"href":"https:\/\/www.iceagetv.com\/radiosite\/wp-json\/wp\/v2\/posts\/3348\/revisions\/3350"}],"wp:featuredmedia":[{"embeddable":true,"href":"https:\/\/www.iceagetv.com\/radiosite\/wp-json\/wp\/v2\/media\/3349"}],"wp:attachment":[{"href":"https:\/\/www.iceagetv.com\/radiosite\/wp-json\/wp\/v2\/media?parent=3348"}],"wp:term":[{"taxonomy":"category","embeddable":true,"href":"https:\/\/www.iceagetv.com\/radiosite\/wp-json\/wp\/v2\/categories?post=3348"},{"taxonomy":"post_tag","embeddable":true,"href":"https:\/\/www.iceagetv.com\/radiosite\/wp-json\/wp\/v2\/tags?post=3348"}],"curies":[{"name":"wp","href":"https:\/\/api.w.org\/{rel}","templated":true}]}}