{"id":33488,"date":"2025-02-26T20:53:33","date_gmt":"2025-02-26T19:53:33","guid":{"rendered":"https:\/\/www.iceagetv.com\/radiosite\/?p=33488"},"modified":"2025-02-26T20:53:38","modified_gmt":"2025-02-26T19:53:38","slug":"immigration-reexamen-des-accords-avec-lalgerie-droit-dasile-devoye-force-frontiere-ce-quil-faut-retenir-des-annonces-de-francois-bayrou","status":"publish","type":"post","link":"https:\/\/www.iceagetv.com\/radiosite\/immigration-reexamen-des-accords-avec-lalgerie-droit-dasile-devoye-force-frontiere-ce-quil-faut-retenir-des-annonces-de-francois-bayrou\/","title":{"rendered":"Immigration : \u00abR\u00e9examen\u00bb des accords avec l&rsquo;Alg\u00e9rie, droit d&rsquo;asile \u00abd\u00e9voy\u00e9\u00bb, \u00abforce fronti\u00e8re\u00bb\u2026 Ce qu\u2019il faut retenir des annonces de Fran\u00e7ois Bayrou"},"content":{"rendered":"\n<p class=\"\">Pour d\u00e9finir les \u00aborientations\u00bb du gouvernement en mati\u00e8re d&rsquo;immigration, le Premier ministre Fran\u00e7ois Bayrou a r\u00e9uni ce mercredi une partie de son gouvernement sur fond de tensions croissantes avec Alger encore raviv\u00e9es depuis l&rsquo;attentat de Mulhouse.<\/p>\n\n\n\n<p class=\"\">Une plus grande fermet\u00e9 dans les relations diplomatiques avec Alger. Telle \u00e9tait la feuille de route du&nbsp;<a href=\"https:\/\/www.cnews.fr\/francois-bayrou\" target=\"_blank\" rel=\"noreferrer noopener\">Premier ministre Fran\u00e7ois Bayrou<\/a>&nbsp;qui s\u2019est exprim\u00e9 ce mercredi \u00e0 l\u2019issue du comit\u00e9 interminist\u00e9riel de contr\u00f4le de l\u2019immigration. L\u2019occasion d\u2019\u00e9voquer les tensions avec l\u2019Alg\u00e9rie et d&rsquo;annoncer avoir demand\u00e9 un \u00abaudit interminist\u00e9riel\u00bb sur la \u00abpolitique de d\u00e9livrance des visas\u00bb par la France.<\/p>\n\n\n\n<p class=\"\">Le Premier ministre, s&rsquo;exprimant devant la presse apr\u00e8s un comit\u00e9 interminist\u00e9riel consacr\u00e9 au contr\u00f4le de l&rsquo;immigration (CICI) r\u00e9uni \u00e0 Matignon, a indiqu\u00e9 avoir \u00absign\u00e9 (mardi) soir une lettre de mission\u00bb demandant cet audit aux inspections g\u00e9n\u00e9rales de la police et des Affaires \u00e9trang\u00e8res.<\/p>\n\n\n\n<h2 class=\"wp-block-heading\">\u00abr\u00e9examiner la totalit\u00e9 des accords avec l&rsquo;Alg\u00e9rie\u00bb<\/h2>\n\n\n\n<p class=\"\">La France va demander au gouvernement alg\u00e9rien que soient \u00abr\u00e9examin\u00e9s la totalit\u00e9 des accords\u00bb en mati\u00e8re d&rsquo;immigration \u00abet la mani\u00e8re dont ces accords sont ex\u00e9cut\u00e9s\u00bb, a affirm\u00e9 Fran\u00e7ois Bayrou, en plus d&rsquo;un audit interminist\u00e9riel de la politique de d\u00e9livrance des visas.&nbsp;<\/p>\n\n\n\n<p class=\"\">Les accords r\u00e9gissant les flux migratoires entre&nbsp;<a href=\"https:\/\/www.cnews.fr\/algerie\" target=\"_blank\" rel=\"noreferrer noopener\">la France et l&rsquo;Alg\u00e9rie<\/a>&nbsp;\u00abne sont pas respect\u00e9s\u00bb, accuse Fran\u00e7ois Bayrou. \u00abCes accords donnent des avantages consid\u00e9rables aux ressortissants alg\u00e9riens\u00bb, souligne le Premier ministre.<\/p>\n\n\n\n<p class=\"\">Le chef du gouvernement donne ainsi \u00abun mois, six semaines\u00bb pour r\u00e9examiner ces accords. \u00abPendant ce temps va \u00eatre pr\u00e9sent\u00e9 au gouvernement alg\u00e9rien une liste \u00abd&rsquo;urgence\u00bb de personnes \u00abparticuli\u00e8rement sensibles\u00bb que l&rsquo;\u00c9tat souhaite expulser.&nbsp;<\/p>\n\n\n\n<p class=\"\">Si cette demande de la France n&rsquo;est pas entendue, \u00ables avantages particuliers\u00bb accord\u00e9s \u00e0 l&rsquo;Alg\u00e9rie pourront \u00eatre remis en cause, ainsi que les accords eux-m\u00eames.\u00c9voquant les accords de 1968 entre la France et l&rsquo;Alg\u00e9rie, qui selon lui ne sont donc \u00abpas respect\u00e9s\u00bb, le Premier ministre a affirm\u00e9 que le gouvernement fran\u00e7ais ne peut \u00abpas accepter que la situation perdure\u00bb. \u00abJe le dis sans volont\u00e9 de faire de l&rsquo;escalade, sans volont\u00e9 de faire de la surench\u00e8re\u00bb, mais \u00abil est de la responsabilit\u00e9 du gouvernement fran\u00e7ais de dire que les refus de r\u00e9admission (des ressortissants alg\u00e9riens, ndlr) sont une atteinte directe aux accords que nous avons avec les autorit\u00e9s alg\u00e9riennes et que nous ne l&rsquo;accepterons pas\u00bb.&nbsp;<\/p>\n\n\n\n<p class=\"\">A noter que ce rendez-vous intervient apr\u00e8s&nbsp;<a href=\"https:\/\/www.cnews.fr\/mulhouse\" target=\"_blank\" rel=\"noreferrer noopener\">l&rsquo;attaque survenue samedi \u00e0 Mulhouse (Haut-Rhin)<\/a>, dans laquelle un Alg\u00e9rien de 37 ans, en situation irr\u00e9guli\u00e8re et sous le coup d&rsquo;une obligation de quitter le territoire fran\u00e7ais (OQTF), est accus\u00e9 d&rsquo;avoir tu\u00e9 \u00e0 l&rsquo;arme blanche une personne et d&rsquo;en avoir bless\u00e9 sept autres.<\/p>\n\n\n\n<p class=\"\">Le mise en cause \u00abavait \u00e9t\u00e9 pr\u00e9sent\u00e9 quatorze fois aux autorit\u00e9s alg\u00e9riennes. Et quatorze fois les autorit\u00e9s alg\u00e9riennes ont dit non\u00bb, a d\u00e9nonc\u00e9 Fran\u00e7ois Bayrou \u00e0 deux reprises ce mercredi, jugeant \u00e0 nouveau \u00abinacceptable\u00bb le refus d&rsquo;Alger de reprendre son ressortissant. Cette nouvelle affaire vient aggraver un peu plus les tensions entre Paris et Alger, qui a refus\u00e9 \u00e0 de multiples reprises ces derni\u00e8res semaines de reprendre plusieurs de ses ressortissants expuls\u00e9s de France.&nbsp;<\/p>\n\n\n\n<h2 class=\"wp-block-heading\">Une r\u00e9flexion \u00e0 conduire sur l&rsquo;asile<\/h2>\n\n\n\n<p class=\"\">Le Premier ministre est \u00e9galement revenu sur le nombre de&nbsp;<a href=\"https:\/\/www.cnews.fr\/asile\" target=\"_blank\" rel=\"noreferrer noopener\">demandeurs d&rsquo;asile<\/a>, qui s&rsquo;\u00e9l\u00e8ve \u00e0 160.000 pour 2024. \u00abLa question de l&rsquo;asile est aujourd&rsquo;hui assez largement d\u00e9voy\u00e9e, utilis\u00e9e, comme un moyen de franchir les fronti\u00e8res\u00bb, estime Fran\u00e7ois Bayrou.<\/p>\n\n\n\n<p class=\"\">\u00abNous avons toute une r\u00e9flexion \u00e0 conduire sur ce que l&rsquo;asile doit repr\u00e9senter\u00bb, a jug\u00e9 le Premier ministre, pour qui \u00abla France est un pays dont la tradition est l&rsquo;asile (&#8230;) \u00e0 condition que cette d\u00e9marche ne soit pas d\u00e9voy\u00e9e de ses v\u00e9ritables finalit\u00e9s\u00bb.<\/p>\n\n\n\n<h2 class=\"wp-block-heading\">Un dispositif sp\u00e9cial contre l&rsquo;immigration ill\u00e9gale<\/h2>\n\n\n\n<p class=\"\">Pour lutter contre\u00a0<a href=\"https:\/\/www.cnews.fr\/immigration\" target=\"_blank\" rel=\"noreferrer noopener\">l&rsquo;immigration<\/a>\u00a0ill\u00e9gale, la \u00abforce fronti\u00e8re\u00bb sera \u00abd\u00e9ploy\u00e9e \u00e0 titre exp\u00e9rimental notamment\u00bb \u00e0 la fronti\u00e8re franco-italienne et \u00abg\u00e9n\u00e9ralis\u00e9e \u00e0 l&rsquo;ensemble des fronti\u00e8res de l&rsquo;Hexagone\u00bb, a-t-il \u00e9galement annonc\u00e9.\u00a0Ce dispositif \u00abregroupe la gendarmerie, la police, les douanes, et permet de faire appel \u00e0 des r\u00e9servistes et la force Sentinelle lorsqu&rsquo;il le faut pour que nos fronti\u00e8res soient mieux surveill\u00e9es\u00bb, a d\u00e9taill\u00e9 Fran\u00e7ois Bayrou.<\/p>\n\n\n\n<p class=\"\">Concernant le \u00abpacte asile immigration\u00bb, adopt\u00e9 au niveau europ\u00e9en l&rsquo;an dernier, les adaptations n\u00e9cessaires seront mises en places dans le droit fran\u00e7ais \u00abdans les mois qui viennent\u00bb, a-t-il pr\u00e9cis\u00e9.<\/p>\n\n\n\n<p class=\"\">\u00abLe gouvernement fran\u00e7ais sera \u00e0 l&rsquo;initiative pour faire \u00e9voluer notre coop\u00e9ration migratoire avec le Royaume-Uni. Un accord pilote sur l&rsquo;immigration va \u00eatre explor\u00e9 avec nos partenaires avant de participer activement aux discussions pour un accord global\u00bb entre le Royaume-Uni et l&rsquo;UE, assure le Premier ministre.<\/p>\n\n\n\n<h2 class=\"wp-block-heading\">De nouveaux radars pour Mayotte<\/h2>\n\n\n\n<p class=\"\">Concernant l&rsquo;immigration ill\u00e9gale \u00e0&nbsp;<a href=\"https:\/\/www.cnews.fr\/mayotte\" target=\"_blank\" rel=\"noreferrer noopener\">Mayotte<\/a>, Fran\u00e7ois Bayrou rappelle que les quatre radars pour d\u00e9tecter les embarcations des trafiquants avaient \u00e9t\u00e9 d\u00e9truits par le cyclone Chido.&nbsp;<\/p>\n\n\n\n<p class=\"\">Ils ont \u00e9t\u00e9 remplac\u00e9s par cinq radars \u00abde remplacement\u00bb aux performances moindres, mais seront chang\u00e9s \u00abd&rsquo;ici au mois de juin [pour] des radars nouveaux et une surveillance par satellite\u00bb.<\/p>\n\n\n\n<p class=\"\">Cr\u00e9\u00e9 en 2005, le CICI a \u00e9t\u00e9 r\u00e9activ\u00e9 par d\u00e9cret pr\u00e9sidentiel et pr\u00e9sent\u00e9 par le ministre de l&rsquo;Int\u00e9rieur Bruno Retailleau \u00abpour r\u00e9pondre aux attentes des Fran\u00e7ais en faveur d&rsquo;une plus grande ma\u00eetrise des flux migratoires\u00bb.&nbsp;<\/p>\n","protected":false},"excerpt":{"rendered":"<p>Pour d\u00e9finir les \u00aborientations\u00bb du gouvernement en mati\u00e8re d&rsquo;immigration, le Premier ministre Fran\u00e7ois Bayrou a r\u00e9uni ce mercredi une partie de son gouvernement sur fond de tensions croissantes avec Alger encore raviv\u00e9es depuis l&rsquo;attentat de Mulhouse. Une plus grande fermet\u00e9 dans les relations diplomatiques avec Alger. Telle \u00e9tait la feuille de route du&nbsp;Premier ministre Fran\u00e7ois [&hellip;]<\/p>\n","protected":false},"author":2,"featured_media":33489,"comment_status":"open","ping_status":"open","sticky":false,"template":"","format":"standard","meta":{"_jetpack_memberships_contains_paid_content":false,"footnotes":"","jetpack_publicize_message":"","jetpack_publicize_feature_enabled":true,"jetpack_social_post_already_shared":true,"jetpack_social_options":{"image_generator_settings":{"template":"highway","enabled":true,"token":"eyJpbWciOiJodHRwczpcL1wvd3d3LmljZWFnZXR2LmNvbVwvcmFkaW9zaXRlXC93cC1jb250ZW50XC91cGxvYWRzXC8yMDI1XC8wMlwvMDAwXzM2eXE5MnYtdGFpbGxlMTIwMF82N2JmNDA0ZDhlNjEyLmpwZyIsInR4dCI6IkltbWlncmF0aW9uIDogXHUwMGFiUlx1MDBlOWV4YW1lblx1MDBiYiBkZXMgYWNjb3JkcyBhdmVjIGwmIzgyMTc7QWxnXHUwMGU5cmllLCBkcm9pdCBkJiM4MjE3O2FzaWxlIFx1MDBhYmRcdTAwZTl2b3lcdTAwZTlcdTAwYmIsIFx1MDBhYmZvcmNlIGZyb250aVx1MDBlOHJlXHUwMGJiXHUyMDI2IENlIHF1XHUyMDE5aWwgZmF1dCByZXRlbmlyIGRlcyBhbm5vbmNlcyBkZSBGcmFuXHUwMGU3b2lzIEJheXJvdSIsInRlbXBsYXRlIjoiaGlnaHdheSIsImJsb2dfaWQiOjExMTAxNjQ2MX0.Fg7MaJfv8Dy1XkI-kzD1w9fqVfMSgGODh8A43BKuV3UMQ"},"version":2},"_wpas_customize_per_network":false},"categories":[405],"tags":[],"class_list":["post-33488","post","type-post","status-publish","format-standard","has-post-thumbnail","hentry","category-actu-france-monde"],"jetpack_publicize_connections":[],"jetpack_featured_media_url":"https:\/\/i0.wp.com\/www.iceagetv.com\/radiosite\/wp-content\/uploads\/2025\/02\/000_36yq92v-taille1200_67bf404d8e612.jpg?fit=750%2C422&ssl=1","jetpack_sharing_enabled":true,"_links":{"self":[{"href":"https:\/\/www.iceagetv.com\/radiosite\/wp-json\/wp\/v2\/posts\/33488","targetHints":{"allow":["GET"]}}],"collection":[{"href":"https:\/\/www.iceagetv.com\/radiosite\/wp-json\/wp\/v2\/posts"}],"about":[{"href":"https:\/\/www.iceagetv.com\/radiosite\/wp-json\/wp\/v2\/types\/post"}],"author":[{"embeddable":true,"href":"https:\/\/www.iceagetv.com\/radiosite\/wp-json\/wp\/v2\/users\/2"}],"replies":[{"embeddable":true,"href":"https:\/\/www.iceagetv.com\/radiosite\/wp-json\/wp\/v2\/comments?post=33488"}],"version-history":[{"count":1,"href":"https:\/\/www.iceagetv.com\/radiosite\/wp-json\/wp\/v2\/posts\/33488\/revisions"}],"predecessor-version":[{"id":33490,"href":"https:\/\/www.iceagetv.com\/radiosite\/wp-json\/wp\/v2\/posts\/33488\/revisions\/33490"}],"wp:featuredmedia":[{"embeddable":true,"href":"https:\/\/www.iceagetv.com\/radiosite\/wp-json\/wp\/v2\/media\/33489"}],"wp:attachment":[{"href":"https:\/\/www.iceagetv.com\/radiosite\/wp-json\/wp\/v2\/media?parent=33488"}],"wp:term":[{"taxonomy":"category","embeddable":true,"href":"https:\/\/www.iceagetv.com\/radiosite\/wp-json\/wp\/v2\/categories?post=33488"},{"taxonomy":"post_tag","embeddable":true,"href":"https:\/\/www.iceagetv.com\/radiosite\/wp-json\/wp\/v2\/tags?post=33488"}],"curies":[{"name":"wp","href":"https:\/\/api.w.org\/{rel}","templated":true}]}}