{"id":33504,"date":"2025-02-27T14:42:42","date_gmt":"2025-02-27T13:42:42","guid":{"rendered":"https:\/\/www.iceagetv.com\/radiosite\/?p=33504"},"modified":"2025-02-27T14:42:46","modified_gmt":"2025-02-27T13:42:46","slug":"cyclone-garance-a-19h-les-reunionnais-doivent-etre-confines-dans-des-lieux-surs-indique-le-prefet-de-la-reunion","status":"publish","type":"post","link":"https:\/\/www.iceagetv.com\/radiosite\/cyclone-garance-a-19h-les-reunionnais-doivent-etre-confines-dans-des-lieux-surs-indique-le-prefet-de-la-reunion\/","title":{"rendered":"Cyclone Garance : \u00a0\u00bb \u00e0 19h, les R\u00e9unionnais doivent \u00eatre confin\u00e9s dans des lieux s\u00fbrs \u00ab\u00a0, indique le pr\u00e9fet de La R\u00e9union"},"content":{"rendered":"\n<p class=\"\"><strong>Le cyclone tropical intense Garance approche de La R\u00e9union. Le passage au plus pr\u00e8s de ce ph\u00e9nom\u00e8ne \u00a0\u00bb puissant et violent \u00a0\u00bb est pr\u00e9vu en fin de nuit du jeudi au vendredi, ou vendredi matin t\u00f4t. L\u2019alerte rouge sera en vigueur \u00e0 19h, le temps commencera \u00e0 se d\u00e9grader en cours de journ\u00e9e de ce jeudi, pr\u00e9viennent la pr\u00e9fecture et M\u00e9t\u00e9o France.<\/strong>L\u2019alerte rouge sera d\u00e9clench\u00e9e \u00e0 19h ce jeudi 27 f\u00e9vrier, \u00a0\u00bb&nbsp;<strong>au moment o\u00f9 il y aura un danger pour la vie humaine<\/strong>&nbsp;\u00ab\u00a0, a indiqu\u00e9 ce matin le&nbsp;<a href=\"https:\/\/la1ere.francetvinfo.fr\/reunion\/cyclone-garance-la-reunion-en-alerte-rouge-a-partir-de-19h-suivez-en-direct-l-intervention-du-prefet-patrice-latron-1564816.html\" target=\"_blank\" rel=\"noreferrer noopener\">pr\u00e9fet de La R\u00e9union lors d\u2019une conf\u00e9rence de presse conjointe avec M\u00e9t\u00e9o France et les services de secours<\/a>.<\/p>\n\n\n\n<p class=\"\">Il s\u2019agit d\u2019un ph\u00e9nom\u00e8ne \u00a0\u00bb&nbsp;<em><strong>puissant, violent et lent&nbsp;<\/strong><\/em>\u00ab\u00a0, insiste le repr\u00e9sentant de l\u2019Etat.<\/p>\n\n\n\n<h2 class=\"wp-block-heading\">Un ph\u00e9nom\u00e8ne puissant, violent et lent<\/h2>\n\n\n\n<p class=\"\">Le cyclone tropical intense Garance approche de La R\u00e9union.&nbsp;<a href=\"https:\/\/la1ere.francetvinfo.fr\/reunion\/cyclone-garance-le-systeme-a-ralenti-sa-course-et-se-trouve-a-340-km-au-nord-de-la-reunion-point-de-4h-1564801.html\" target=\"_blank\" rel=\"noreferrer noopener\">Il se situe&nbsp;<strong>\u00e0 un peu plus de 300 km de La R\u00e9union<\/strong><\/a>, selon C\u00e9line Jauffret, directrice interr\u00e9gionale de M\u00e9t\u00e9o France. Elle confirme que Garance est un&nbsp;<strong>ph\u00e9nom\u00e8ne dangereux, avec des vents potentiellement destructeurs et g\u00e9n\u00e9rant un \u00e9tat de mer dangereux<\/strong>.<\/p>\n\n\n\n<p class=\"\">Son passage&nbsp;<strong>au plus pr\u00e8s de La R\u00e9union est pr\u00e9vu en fin de nuit du jeudi 27 au vendredi 28 f\u00e9vrier<\/strong>. La trajectoire confirme pour l\u2019heure un passage sur La R\u00e9union, avec encore quelques incertitudes sur le point d\u2019impact exact. Quoiqu\u2019il en soit&nbsp;<strong>Garance touchera La R\u00e9union par le Nord<\/strong>, mais devrait impacter l\u2019ensemble de l\u2019\u00eele.<\/p>\n\n\n\n<p class=\"\">Le cyclone tropical intense&nbsp;<strong>vient d\u2019amorcer son virage en direction de La R\u00e9union<\/strong>, pr\u00e9cise C\u00e9line Jauffret. Elle indique qu\u2019<strong>une phase d\u2019affaiblissement du syst\u00e8me lors de son approche en fin de nuit est possible<\/strong>. Les rafales de vent attendues seraient alors sup\u00e9rieures \u00e0 150 km\/h. Ce sc\u00e9nario reste incertain et sera affin\u00e9 en cours de journ\u00e9e, dit-elle.<\/p>\n\n\n\n<h2 class=\"wp-block-heading\">Les premiers effets sont attendus en cours de journ\u00e9e<\/h2>\n\n\n\n<p class=\"\">Pour l\u2019heure,&nbsp;<strong>la houle cyclonique a commenc\u00e9 \u00e0 se manifester dans le Nord de l\u2019\u00eele<\/strong>. Elle va augmenter en cours de journ\u00e9e pour se renforcer significativement dans la soir\u00e9e et en cours de nuit, paroxysme des conditions d\u00e9grad\u00e9es.&nbsp;<strong><a href=\"https:\/\/la1ere.francetvinfo.fr\/reunion\/la-reunion-vigilance-rouge-vagues-submersion-de-la-pointe-des-aigrettes-a-la-pointe-des-cascades-1564807.html\" target=\"_blank\" rel=\"noreferrer noopener\">Une vigilance rouge vague submersion est en vigueur pour le Nord, le Nord-Ouest et l&rsquo;Est<\/a><\/strong>.&nbsp;<\/p>\n\n\n\n<p class=\"\">Les premiers passages pluvieux sont attendus dans l\u2019apr\u00e8s-midi, mais&nbsp;<strong>la d\u00e9gradation notable du temps interviendra en cours de nuit avec le renforcement du vent et des pr\u00e9cipitations plus soutenues<\/strong>. De m\u00eame, les rafales maximales sont attendues d\u2019abord sur la moiti\u00e9 Nord, puis sur l\u2019ensemble de l\u2019ile en deuxi\u00e8me partie de nuit.<\/p>\n\n\n\n<p class=\"\">M\u00e9t\u00e9o France rappelle que ce syst\u00e8me est de petite taille, son extension g\u00e9ographique est donc limit\u00e9e et&nbsp;<strong>sa capacit\u00e9 \u00e0 \u00e9voluer reste tr\u00e8s rapide<\/strong>.<\/p>\n\n\n\n<h2 class=\"wp-block-heading\">Le pr\u00e9fet appelle les R\u00e9unionnais \u00e0 la prudence<\/h2>\n\n\n\n<p class=\"\">La R\u00e9union reste pour l\u2019heure en alerte orange jusqu\u2019\u00e0 19h, les R\u00e9unionnais doivent donc profiter de la journ\u00e9e pour \u00a0\u00bb&nbsp;<em>faire les derni\u00e8res courses&nbsp;<\/em>\u00a0\u00bb et se pr\u00e9parer, indique Patrice Latron. Le pr\u00e9fet de La R\u00e9union appelle la population \u00e0 faire preuve de vigilance et \u00e0&nbsp;<strong>rester \u00e0 l\u2019\u00e9cart des bords de mer<\/strong>, l\u2019\u00e9pisode de houle cyclonique ayant d\u00e9but\u00e9.<\/p>\n\n\n\n<p class=\"\"><strong>Les centres de vie<\/strong>, destin\u00e9s aux malades souffrant de pathologies critiques et au nombre de 6 dans l\u2019\u00eele,&nbsp;<strong>ainsi que&nbsp;<a href=\"https:\/\/la1ere.francetvinfo.fr\/reunion\/forte-tempete-tropicale-garance-la-liste-des-centres-d-hebergement-par-commune-1564570.html\" target=\"_blank\" rel=\"noreferrer noopener\">les centres d\u2019h\u00e9bergements d\u2019urgence<\/a>&nbsp;seront ouverts \u00e0 partir de 16h<\/strong>. Sur les 160 centres d\u2019h\u00e9bergements r\u00e9partis dans les 24 communes de l\u2019\u00eele, les 2\/3 devraient \u00eatre actifs. &nbsp;<\/p>\n\n\n\n<h2 class=\"wp-block-heading\">L\u2019alerte rouge effective \u00e0 19h, les autorit\u00e9s mobilis\u00e9es<\/h2>\n\n\n\n<p class=\"\"><strong>A 19h ce jeudi 27 f\u00e9vrier, l\u2019alerte rouge entrera donc en vigueur<\/strong>, pla\u00e7ant la population en confinement, stoppant l\u2019activit\u00e9 \u00e9conomique et les d\u00e9placements. \u00a0\u00bb&nbsp;<em>A 19h, les R\u00e9unionnais doivent \u00eatre confin\u00e9s dans des lieux s\u00fbrs<\/em>&nbsp;\u00ab\u00a0, indique le pr\u00e9fet de La R\u00e9union.<\/p>\n\n\n\n<p class=\"\">Patrice Latron pr\u00e9cise que&nbsp;<strong>des renforts de la s\u00e9curit\u00e9 civile sont d\u2019ores et d\u00e9j\u00e0 en alerte&nbsp;<\/strong>en m\u00e9tropole et \u00e0 Mayotte pour rejoindre La R\u00e9union d\u00e8s demain, vendredi 28 f\u00e9vrier, si besoin.<\/p>\n\n\n\n<p class=\"\">Le centre op\u00e9rationnel de d\u00e9fense de la pr\u00e9fecture sera activ\u00e9 \u00e0 19h. Il comptera une quinzaine de repr\u00e9sentants des forces de l\u2019ordre, de s\u00e9curit\u00e9 et de secours, de M\u00e9t\u00e9o France et des services des routes.&nbsp;<strong>La cellule d\u2019information au public sera elle-aussi activ\u00e9e \u00e0 partir de 19h et pour toute la nuit<\/strong>.<\/p>\n","protected":false},"excerpt":{"rendered":"<p>Le cyclone tropical intense Garance approche de La R\u00e9union. Le passage au plus pr\u00e8s de ce ph\u00e9nom\u00e8ne \u00a0\u00bb puissant et violent \u00a0\u00bb est pr\u00e9vu en fin de nuit du jeudi au vendredi, ou vendredi matin t\u00f4t. L\u2019alerte rouge sera en vigueur \u00e0 19h, le temps commencera \u00e0 se d\u00e9grader en cours de journ\u00e9e de ce [&hellip;]<\/p>\n","protected":false},"author":2,"featured_media":33505,"comment_status":"open","ping_status":"open","sticky":false,"template":"","format":"standard","meta":{"_jetpack_memberships_contains_paid_content":false,"footnotes":"","jetpack_publicize_message":"","jetpack_publicize_feature_enabled":true,"jetpack_social_post_already_shared":true,"jetpack_social_options":{"image_generator_settings":{"template":"highway","enabled":true,"token":"eyJpbWciOiJodHRwczpcL1wvd3d3LmljZWFnZXR2LmNvbVwvcmFkaW9zaXRlXC93cC1jb250ZW50XC91cGxvYWRzXC8yMDI1XC8wMlwvQ3ljbG9uZS1HYXJhbmNlLmpwZyIsInR4dCI6IkN5Y2xvbmUgR2FyYW5jZSA6ICYjODIyMTsgXHUwMGUwIDE5aCwgbGVzIFJcdTAwZTl1bmlvbm5haXMgZG9pdmVudCBcdTAwZWF0cmUgY29uZmluXHUwMGU5cyBkYW5zIGRlcyBsaWV1eCBzXHUwMGZicnMgJiM4MjIwOywgaW5kaXF1ZSBsZSBwclx1MDBlOWZldCBkZSBMYSBSXHUwMGU5dW5pb24iLCJ0ZW1wbGF0ZSI6ImhpZ2h3YXkiLCJibG9nX2lkIjoxMTEwMTY0NjF9.hxvylVHux2oDf2TyzYxZ_bR4VLj0jfacmvAIus2MAqUMQ"},"version":2},"_wpas_customize_per_network":false},"categories":[14],"tags":[],"class_list":["post-33504","post","type-post","status-publish","format-standard","has-post-thumbnail","hentry","category-actu-meteo"],"jetpack_publicize_connections":[],"jetpack_featured_media_url":"https:\/\/i0.wp.com\/www.iceagetv.com\/radiosite\/wp-content\/uploads\/2025\/02\/Cyclone-Garance.jpg?fit=661%2C482&ssl=1","jetpack_sharing_enabled":true,"_links":{"self":[{"href":"https:\/\/www.iceagetv.com\/radiosite\/wp-json\/wp\/v2\/posts\/33504","targetHints":{"allow":["GET"]}}],"collection":[{"href":"https:\/\/www.iceagetv.com\/radiosite\/wp-json\/wp\/v2\/posts"}],"about":[{"href":"https:\/\/www.iceagetv.com\/radiosite\/wp-json\/wp\/v2\/types\/post"}],"author":[{"embeddable":true,"href":"https:\/\/www.iceagetv.com\/radiosite\/wp-json\/wp\/v2\/users\/2"}],"replies":[{"embeddable":true,"href":"https:\/\/www.iceagetv.com\/radiosite\/wp-json\/wp\/v2\/comments?post=33504"}],"version-history":[{"count":1,"href":"https:\/\/www.iceagetv.com\/radiosite\/wp-json\/wp\/v2\/posts\/33504\/revisions"}],"predecessor-version":[{"id":33506,"href":"https:\/\/www.iceagetv.com\/radiosite\/wp-json\/wp\/v2\/posts\/33504\/revisions\/33506"}],"wp:featuredmedia":[{"embeddable":true,"href":"https:\/\/www.iceagetv.com\/radiosite\/wp-json\/wp\/v2\/media\/33505"}],"wp:attachment":[{"href":"https:\/\/www.iceagetv.com\/radiosite\/wp-json\/wp\/v2\/media?parent=33504"}],"wp:term":[{"taxonomy":"category","embeddable":true,"href":"https:\/\/www.iceagetv.com\/radiosite\/wp-json\/wp\/v2\/categories?post=33504"},{"taxonomy":"post_tag","embeddable":true,"href":"https:\/\/www.iceagetv.com\/radiosite\/wp-json\/wp\/v2\/tags?post=33504"}],"curies":[{"name":"wp","href":"https:\/\/api.w.org\/{rel}","templated":true}]}}