{"id":33513,"date":"2025-02-27T17:13:46","date_gmt":"2025-02-27T16:13:46","guid":{"rendered":"https:\/\/www.iceagetv.com\/radiosite\/?p=33513"},"modified":"2025-02-27T17:13:50","modified_gmt":"2025-02-27T16:13:50","slug":"le-ministre-de-linterieur-bruno-retailleau-appelle-les-prefets-et-les-responsables-de-la-securite-a-une-extreme-vigilance-a-lapproche-des-festivites-du-mois-du-ramadan-qui-doit-commenc","status":"publish","type":"post","link":"https:\/\/www.iceagetv.com\/radiosite\/le-ministre-de-linterieur-bruno-retailleau-appelle-les-prefets-et-les-responsables-de-la-securite-a-une-extreme-vigilance-a-lapproche-des-festivites-du-mois-du-ramadan-qui-doit-commenc\/","title":{"rendered":"Le ministre de l&rsquo;Int\u00e9rieur Bruno Retailleau appelle les pr\u00e9fets et les responsables de la s\u00e9curit\u00e9 \u00e0 une \u00abextr\u00eame vigilance\u00bb \u00e0 l&rsquo;approche des festivit\u00e9s du mois du Ramadan qui doit commencer samedi"},"content":{"rendered":"\n<p class=\"\">Le ministre de l&rsquo;Int\u00e9rieur Bruno Retailleau a appel\u00e9 les pr\u00e9fets et les responsables de la s\u00e9curit\u00e9 \u00e0 une \u00abextr\u00eame vigilance\u00bb \u00e0 l&rsquo;approche des festivit\u00e9s du mois du Ramadan qui doit commencer le 1er mars, selon un t\u00e9l\u00e9gramme, dont l&rsquo;AFP a eu connaissance.<\/p>\n\n\n\n<p class=\"\">\u00abLe niveau \u00e9lev\u00e9 de la menace terroriste qui continue de peser sur notre pays ainsi que la persistance des tensions au plan international exigent le maintien d&rsquo;une extr\u00eame vigilance, notamment vis-\u00e0-vis des manifestations et des lieux \u00e0 caract\u00e8re religieux\u00bb, a fait valoir le ministre dans ce t\u00e9l\u00e9gramme.<\/p>\n\n\n\n<p class=\"\">\u00abLe Ramadan, mois de j\u00eaune sacr\u00e9 pour les musulmans, devrait commencer le samedi 1er mars et s&rsquo;achever le dimanche 30 mars 2025. Tr\u00e8s suivi par les fid\u00e8les, il est susceptible de g\u00e9n\u00e9rer des rassemblements importants de personnes sur la voie publique, notamment aux abords des lieux de culte musulman\u00bb, a-t-il poursuivi.<\/p>\n\n\n\n<p class=\"\">Il a \u00e9galement demand\u00e9 aux responsables de porter leur attention sur \u00ables offices et rassemblements qui auront lieu\u00bb tout au long du Ramadan, notamment \u00abla nuit du destin \u00bb, qui marque le d\u00e9but de la r\u00e9v\u00e9lation du Coran au proph\u00e8te Mohammed et qui devrait avoir lieu dans la nuit du 26 mars, ainsi que l&rsquo;A\u00efd al-Fitr, qui marque la fin du mois de Ramadan et qui devrait avoir lieu autour du 31 mars. Bruno Retailleau avait d\u00e9j\u00e0 envoy\u00e9 de telles directives par le pass\u00e9, en particulier lors de la f\u00eate de la Toussaint ou des festivit\u00e9s de fin d&rsquo;ann\u00e9e.<\/p>\n","protected":false},"excerpt":{"rendered":"<p>Le ministre de l&rsquo;Int\u00e9rieur Bruno Retailleau a appel\u00e9 les pr\u00e9fets et les responsables de la s\u00e9curit\u00e9 \u00e0 une \u00abextr\u00eame vigilance\u00bb \u00e0 l&rsquo;approche des festivit\u00e9s du mois du Ramadan qui doit commencer le 1er mars, selon un t\u00e9l\u00e9gramme, dont l&rsquo;AFP a eu connaissance. \u00abLe niveau \u00e9lev\u00e9 de la menace terroriste qui continue de peser sur notre [&hellip;]<\/p>\n","protected":false},"author":2,"featured_media":33514,"comment_status":"open","ping_status":"open","sticky":false,"template":"","format":"standard","meta":{"_jetpack_memberships_contains_paid_content":false,"footnotes":"","jetpack_publicize_message":"","jetpack_publicize_feature_enabled":true,"jetpack_social_post_already_shared":true,"jetpack_social_options":{"image_generator_settings":{"template":"highway","enabled":true,"token":"eyJpbWciOiJodHRwczpcL1wvd3d3LmljZWFnZXR2LmNvbVwvcmFkaW9zaXRlXC93cC1jb250ZW50XC91cGxvYWRzXC8yMDI1XC8wMlwvNUV5VFlSWmkuanBnIiwidHh0IjoiTGUgbWluaXN0cmUgZGUgbCYjODIxNztJbnRcdTAwZTlyaWV1ciBCcnVubyBSZXRhaWxsZWF1IGFwcGVsbGUgbGVzIHByXHUwMGU5ZmV0cyBldCBsZXMgcmVzcG9uc2FibGVzIGRlIGxhIHNcdTAwZTljdXJpdFx1MDBlOSBcdTAwZTAgdW5lIFx1MDBhYmV4dHJcdTAwZWFtZSB2aWdpbGFuY2VcdTAwYmIgXHUwMGUwIGwmIzgyMTc7YXBwcm9jaGUgZGVzIGZlc3Rpdml0XHUwMGU5cyBkdSBtb2lzIGR1IFJhbWFkYW4gcXVpIGRvaXQgY29tbWVuY2VyIHNhbWVkaSIsInRlbXBsYXRlIjoiaGlnaHdheSIsImJsb2dfaWQiOjExMTAxNjQ2MX0.gY_yQ-0EJ0kPdrZfGyyXWZeIMmdBJiP1uBmNWnVhS2IMQ"},"version":2},"_wpas_customize_per_network":false},"categories":[405],"tags":[],"class_list":["post-33513","post","type-post","status-publish","format-standard","has-post-thumbnail","hentry","category-actu-france-monde"],"jetpack_publicize_connections":[],"jetpack_featured_media_url":"https:\/\/i0.wp.com\/www.iceagetv.com\/radiosite\/wp-content\/uploads\/2025\/02\/5EyTYRZi.jpg?fit=679%2C293&ssl=1","jetpack_sharing_enabled":true,"_links":{"self":[{"href":"https:\/\/www.iceagetv.com\/radiosite\/wp-json\/wp\/v2\/posts\/33513","targetHints":{"allow":["GET"]}}],"collection":[{"href":"https:\/\/www.iceagetv.com\/radiosite\/wp-json\/wp\/v2\/posts"}],"about":[{"href":"https:\/\/www.iceagetv.com\/radiosite\/wp-json\/wp\/v2\/types\/post"}],"author":[{"embeddable":true,"href":"https:\/\/www.iceagetv.com\/radiosite\/wp-json\/wp\/v2\/users\/2"}],"replies":[{"embeddable":true,"href":"https:\/\/www.iceagetv.com\/radiosite\/wp-json\/wp\/v2\/comments?post=33513"}],"version-history":[{"count":1,"href":"https:\/\/www.iceagetv.com\/radiosite\/wp-json\/wp\/v2\/posts\/33513\/revisions"}],"predecessor-version":[{"id":33515,"href":"https:\/\/www.iceagetv.com\/radiosite\/wp-json\/wp\/v2\/posts\/33513\/revisions\/33515"}],"wp:featuredmedia":[{"embeddable":true,"href":"https:\/\/www.iceagetv.com\/radiosite\/wp-json\/wp\/v2\/media\/33514"}],"wp:attachment":[{"href":"https:\/\/www.iceagetv.com\/radiosite\/wp-json\/wp\/v2\/media?parent=33513"}],"wp:term":[{"taxonomy":"category","embeddable":true,"href":"https:\/\/www.iceagetv.com\/radiosite\/wp-json\/wp\/v2\/categories?post=33513"},{"taxonomy":"post_tag","embeddable":true,"href":"https:\/\/www.iceagetv.com\/radiosite\/wp-json\/wp\/v2\/tags?post=33513"}],"curies":[{"name":"wp","href":"https:\/\/api.w.org\/{rel}","templated":true}]}}