{"id":33521,"date":"2025-02-28T08:03:49","date_gmt":"2025-02-28T07:03:49","guid":{"rendered":"https:\/\/www.iceagetv.com\/radiosite\/?p=33521"},"modified":"2025-02-28T08:03:54","modified_gmt":"2025-02-28T07:03:54","slug":"cyril-hanouna-annonce-quil-va-travailler-des-le-1er-septembre-dans-le-groupe-m6-pour-une-quotidienne-sur-w9-mais-des-lundi-il-sera-sur-toutes-les-box-en-direct-a-18h40-avec-tpmp","status":"publish","type":"post","link":"https:\/\/www.iceagetv.com\/radiosite\/cyril-hanouna-annonce-quil-va-travailler-des-le-1er-septembre-dans-le-groupe-m6-pour-une-quotidienne-sur-w9-mais-des-lundi-il-sera-sur-toutes-les-box-en-direct-a-18h40-avec-tpmp\/","title":{"rendered":"Cyril Hanouna annonce qu&rsquo;il va travailler d\u00e8s le 1er septembre dans le Groupe M6 pour une quotidienne sur W9 mais d\u00e8s lundi il sera sur toutes les box en direct \u00e0 18h40 avec TPMP"},"content":{"rendered":"\n<p class=\"\"><strong>Cyril Hanouna, dont la cha\u00eene C8 s&rsquo;arr\u00eate, a finalement annonc\u00e9 ce soir rejoindre le groupe M6 pour une \u00e9mission t\u00e9l\u00e9 quotidienne sur W9, \u00e9galement sur la TNT, ainsi qu&rsquo;un programme sur Fun Radio, \u00e0 partir du 1er septembre. Il quittera donc le groupe Canal+ et Vincent Bollor\u00e9 \u00e0 qui il a redit son amiti\u00e9 \u00e0 l&rsquo;antenne, le qualifiant m\u00eame de \u00ab\u00a0son grand fr\u00e8re\u00a0\u00bb.<\/strong><\/p>\n\n\n\n<p class=\"\">Mais d\u00e8s lundi, il sera sur toutes les box sur une cha\u00eene d\u00e9di\u00e9e pour continuer \u00e0 animer TPMP en direct avec la m\u00eame \u00e9quipe pendant au moins 2 mois \u00ab\u00a0pour ne pas laisser les techniciens et les t\u00e9l\u00e9spectateurs\u00a0\u00bb<\/p>\n","protected":false},"excerpt":{"rendered":"<p>Cyril Hanouna, dont la cha\u00eene C8 s&rsquo;arr\u00eate, a finalement annonc\u00e9 ce soir rejoindre le groupe M6 pour une \u00e9mission t\u00e9l\u00e9 quotidienne sur W9, \u00e9galement sur la TNT, ainsi qu&rsquo;un programme sur Fun Radio, \u00e0 partir du 1er septembre. Il quittera donc le groupe Canal+ et Vincent Bollor\u00e9 \u00e0 qui il a redit son amiti\u00e9 \u00e0 [&hellip;]<\/p>\n","protected":false},"author":2,"featured_media":33523,"comment_status":"open","ping_status":"open","sticky":false,"template":"","format":"standard","meta":{"_jetpack_memberships_contains_paid_content":false,"footnotes":"","jetpack_publicize_message":"","jetpack_publicize_feature_enabled":true,"jetpack_social_post_already_shared":true,"jetpack_social_options":{"image_generator_settings":{"template":"highway","enabled":true,"token":"eyJpbWciOiJodHRwczpcL1wvd3d3LmljZWFnZXR2LmNvbVwvcmFkaW9zaXRlXC93cC1jb250ZW50XC91cGxvYWRzXC8yMDI1XC8wMlwvQ3lyaWwtSGFub3VuYS1hbm5vbmNlLXF1aWwtdmEtdHJhdmFpbGxlci1kZXMtbGUtMWVyLXNlcHRlbWJyZS5qcGciLCJ0eHQiOiJDeXJpbCBIYW5vdW5hIGFubm9uY2UgcXUmIzgyMTc7aWwgdmEgdHJhdmFpbGxlciBkXHUwMGU4cyBsZSAxZXIgc2VwdGVtYnJlIGRhbnMgbGUgR3JvdXBlIE02IHBvdXIgdW5lIHF1b3RpZGllbm5lIHN1ciBXOSBtYWlzIGRcdTAwZThzIGx1bmRpIGlsIHNlcmEgc3VyIHRvdXRlcyBsZXMgYm94IGVuIGRpcmVjdCBcdTAwZTAgMThoNDAgYXZlYyBUUE1QIiwidGVtcGxhdGUiOiJoaWdod2F5IiwiYmxvZ19pZCI6MTExMDE2NDYxfQ.Y_wTJRH-zrY_3X1DXlNEDysRFy-crfLH6UQseTg9zuEMQ"},"version":2},"_wpas_customize_per_network":false},"categories":[68],"tags":[],"class_list":["post-33521","post","type-post","status-publish","format-standard","has-post-thumbnail","hentry","category-actu-culturelle"],"jetpack_publicize_connections":[],"jetpack_featured_media_url":"https:\/\/i0.wp.com\/www.iceagetv.com\/radiosite\/wp-content\/uploads\/2025\/02\/Cyril-Hanouna-annonce-quil-va-travailler-des-le-1er-septembre.jpg?fit=822%2C370&ssl=1","jetpack_sharing_enabled":true,"_links":{"self":[{"href":"https:\/\/www.iceagetv.com\/radiosite\/wp-json\/wp\/v2\/posts\/33521","targetHints":{"allow":["GET"]}}],"collection":[{"href":"https:\/\/www.iceagetv.com\/radiosite\/wp-json\/wp\/v2\/posts"}],"about":[{"href":"https:\/\/www.iceagetv.com\/radiosite\/wp-json\/wp\/v2\/types\/post"}],"author":[{"embeddable":true,"href":"https:\/\/www.iceagetv.com\/radiosite\/wp-json\/wp\/v2\/users\/2"}],"replies":[{"embeddable":true,"href":"https:\/\/www.iceagetv.com\/radiosite\/wp-json\/wp\/v2\/comments?post=33521"}],"version-history":[{"count":1,"href":"https:\/\/www.iceagetv.com\/radiosite\/wp-json\/wp\/v2\/posts\/33521\/revisions"}],"predecessor-version":[{"id":33524,"href":"https:\/\/www.iceagetv.com\/radiosite\/wp-json\/wp\/v2\/posts\/33521\/revisions\/33524"}],"wp:featuredmedia":[{"embeddable":true,"href":"https:\/\/www.iceagetv.com\/radiosite\/wp-json\/wp\/v2\/media\/33523"}],"wp:attachment":[{"href":"https:\/\/www.iceagetv.com\/radiosite\/wp-json\/wp\/v2\/media?parent=33521"}],"wp:term":[{"taxonomy":"category","embeddable":true,"href":"https:\/\/www.iceagetv.com\/radiosite\/wp-json\/wp\/v2\/categories?post=33521"},{"taxonomy":"post_tag","embeddable":true,"href":"https:\/\/www.iceagetv.com\/radiosite\/wp-json\/wp\/v2\/tags?post=33521"}],"curies":[{"name":"wp","href":"https:\/\/api.w.org\/{rel}","templated":true}]}}