{"id":33557,"date":"2025-03-01T08:25:39","date_gmt":"2025-03-01T07:25:39","guid":{"rendered":"https:\/\/www.iceagetv.com\/radiosite\/?p=33557"},"modified":"2025-03-01T08:25:46","modified_gmt":"2025-03-01T07:25:46","slug":"cyclone-garance-un-quatrieme-deces-a-deplorer-a-la-reunion","status":"publish","type":"post","link":"https:\/\/www.iceagetv.com\/radiosite\/cyclone-garance-un-quatrieme-deces-a-deplorer-a-la-reunion\/","title":{"rendered":"Cyclone Garance : un quatri\u00e8me d\u00e9c\u00e8s \u00e0 d\u00e9plorer \u00e0 La R\u00e9union"},"content":{"rendered":"\n<p class=\"\"><strong>Une quatri\u00e8me victime \u00e0 signaler, suite au cyclone Garance \u00e0 La R\u00e9union, ce samedi 1er mars. Il s&rsquo;agit d&rsquo;un homme retrouv\u00e9 mort coinc\u00e9 sous un arbre \u00e0 Saint-Denis. C&rsquo;est donc le troisi\u00e8me d\u00e9c\u00e8s constat\u00e9 dans le chef-lieu. Pour rappel, la derni\u00e8re victime dans l&rsquo;\u00eele est une m\u00e8re de famille ensevelie chez elle \u00e0 Trois Bassins.<\/strong>Le cyclone Garance a fait un quatri\u00e8me mort \u00e0 La R\u00e9union. Ce samedi 1er mars, les autorit\u00e9s annoncent la mort d&rsquo;un homme \u00e0 Saint-Denis. Il s&rsquo;agit du troisi\u00e8me d\u00e9c\u00e8s dans la capitale.&nbsp;<\/p>\n\n\n\n<p class=\"\">Cette derni\u00e8re victime a \u00e9t\u00e9 retrouv\u00e9e coinc\u00e9e sous un arbre.&nbsp;<\/p>\n\n\n\n<h2 class=\"wp-block-heading\">Trois d\u00e9c\u00e8s \u00e0 Saint-Denis<\/h2>\n\n\n\n<p class=\"\"><a href=\"https:\/\/la1ere.francetvinfo.fr\/reunion\/le-cyclone-garance-a-fait-deux-morts-a-saint-denis-et-un-troisieme-a-trois-bassins-1565269.html\">Le bilan humain est lourd \u00e0 La R\u00e9union apr\u00e8s le passage du cyclone<\/a>. Les deux autres d\u00e9c\u00e8s confirm\u00e9s concernent en premier lieu une femme aspir\u00e9e par une bouche d&rsquo;\u00e9gout \u00e0 Domenjod, puis une septuag\u00e9naire morte dans l&rsquo;incendie de son appartement, suite \u00e0 un court-circuit.&nbsp;<\/p>\n\n\n\n<h2 class=\"wp-block-heading\">Une victime \u00e0 Trois Bassins<\/h2>\n\n\n\n<p class=\"\">Une m\u00e8re de famille a \u00e9galement perdu la vie, chez elle \u00e0 Trois Bassins, ensevelie sous la boue.&nbsp;<\/p>\n\n\n\n<p class=\"\">Du c\u00f4t\u00e9 de l&rsquo;Eperon, dans les hauteurs de Saint-Paul, le drame a \u00e9t\u00e9 \u00e9vit\u00e9 de peu vendredi 28 f\u00e9vrier.<\/p>\n\n\n\n<p class=\"\"><a href=\"https:\/\/la1ere.francetvinfo.fr\/reunion\/cyclone-garance-trois-personnes-saines-et-sauves-apres-avoir-emportees-par-une-coulee-de-boue-dans-les-hauts-de-saint-paul-1565248.html\">Trois personnes ont \u00e9t\u00e9 emport\u00e9es par une coul\u00e9e de boue<\/a>, elles ont \u00e9t\u00e9 prises en charge pour des blessures l\u00e9g\u00e8res par les pompiers.<\/p>\n","protected":false},"excerpt":{"rendered":"<p>Une quatri\u00e8me victime \u00e0 signaler, suite au cyclone Garance \u00e0 La R\u00e9union, ce samedi 1er mars. Il s&rsquo;agit d&rsquo;un homme retrouv\u00e9 mort coinc\u00e9 sous un arbre \u00e0 Saint-Denis. C&rsquo;est donc le troisi\u00e8me d\u00e9c\u00e8s constat\u00e9 dans le chef-lieu. Pour rappel, la derni\u00e8re victime dans l&rsquo;\u00eele est une m\u00e8re de famille ensevelie chez elle \u00e0 Trois Bassins.Le [&hellip;]<\/p>\n","protected":false},"author":2,"featured_media":33546,"comment_status":"open","ping_status":"open","sticky":false,"template":"","format":"standard","meta":{"_jetpack_memberships_contains_paid_content":false,"footnotes":"","jetpack_publicize_message":"","jetpack_publicize_feature_enabled":true,"jetpack_social_post_already_shared":true,"jetpack_social_options":{"image_generator_settings":{"template":"highway","enabled":true,"token":"eyJpbWciOiJodHRwczpcL1wvd3d3LmljZWFnZXR2LmNvbVwvcmFkaW9zaXRlXC93cC1jb250ZW50XC91cGxvYWRzXC8yMDI1XC8wMlwvdW5lLXF1aW5xdWFnZW5haXJlLW1ldXJ0LWVtcG9ydGVlLXBhci1sZXMtZWF1eC1hLVNhaW50LURlbmlzLmpwZyIsInR4dCI6IkN5Y2xvbmUgR2FyYW5jZSA6IHVuIHF1YXRyaVx1MDBlOG1lIGRcdTAwZTljXHUwMGU4cyBcdTAwZTAgZFx1MDBlOXBsb3JlciBcdTAwZTAgTGEgUlx1MDBlOXVuaW9uIiwidGVtcGxhdGUiOiJoaWdod2F5IiwiYmxvZ19pZCI6MTExMDE2NDYxfQ.HIsKuErxPz4Aly0QYf0Jduz3cf0BPe9m5vxG94T2r1MMQ"},"version":2},"_wpas_customize_per_network":false},"categories":[2585],"tags":[],"class_list":["post-33557","post","type-post","status-publish","format-standard","has-post-thumbnail","hentry","category-actu-outre-mer"],"jetpack_publicize_connections":[],"jetpack_featured_media_url":"https:\/\/i0.wp.com\/www.iceagetv.com\/radiosite\/wp-content\/uploads\/2025\/02\/une-quinquagenaire-meurt-emportee-par-les-eaux-a-Saint-Denis.jpg?fit=757%2C403&ssl=1","jetpack_sharing_enabled":true,"_links":{"self":[{"href":"https:\/\/www.iceagetv.com\/radiosite\/wp-json\/wp\/v2\/posts\/33557","targetHints":{"allow":["GET"]}}],"collection":[{"href":"https:\/\/www.iceagetv.com\/radiosite\/wp-json\/wp\/v2\/posts"}],"about":[{"href":"https:\/\/www.iceagetv.com\/radiosite\/wp-json\/wp\/v2\/types\/post"}],"author":[{"embeddable":true,"href":"https:\/\/www.iceagetv.com\/radiosite\/wp-json\/wp\/v2\/users\/2"}],"replies":[{"embeddable":true,"href":"https:\/\/www.iceagetv.com\/radiosite\/wp-json\/wp\/v2\/comments?post=33557"}],"version-history":[{"count":1,"href":"https:\/\/www.iceagetv.com\/radiosite\/wp-json\/wp\/v2\/posts\/33557\/revisions"}],"predecessor-version":[{"id":33558,"href":"https:\/\/www.iceagetv.com\/radiosite\/wp-json\/wp\/v2\/posts\/33557\/revisions\/33558"}],"wp:featuredmedia":[{"embeddable":true,"href":"https:\/\/www.iceagetv.com\/radiosite\/wp-json\/wp\/v2\/media\/33546"}],"wp:attachment":[{"href":"https:\/\/www.iceagetv.com\/radiosite\/wp-json\/wp\/v2\/media?parent=33557"}],"wp:term":[{"taxonomy":"category","embeddable":true,"href":"https:\/\/www.iceagetv.com\/radiosite\/wp-json\/wp\/v2\/categories?post=33557"},{"taxonomy":"post_tag","embeddable":true,"href":"https:\/\/www.iceagetv.com\/radiosite\/wp-json\/wp\/v2\/tags?post=33557"}],"curies":[{"name":"wp","href":"https:\/\/api.w.org\/{rel}","templated":true}]}}