{"id":33560,"date":"2025-03-01T08:33:09","date_gmt":"2025-03-01T07:33:09","guid":{"rendered":"https:\/\/www.iceagetv.com\/radiosite\/?p=33560"},"modified":"2025-03-01T08:33:14","modified_gmt":"2025-03-01T07:33:14","slug":"le-palmares-complet-des-cesar-avec-le-triomphe-demilia-perez","status":"publish","type":"post","link":"https:\/\/www.iceagetv.com\/radiosite\/le-palmares-complet-des-cesar-avec-le-triomphe-demilia-perez\/","title":{"rendered":"Le palmar\u00e8s complet des C\u00e9sar, avec le triomphe d\u2019Emilia P\u00e9rez"},"content":{"rendered":"\n<p class=\"\">La 50<sup>e<\/sup>\u00a0<a href=\"http:\/\/www.lefigaro.fr\/cinema\/ceremonie-cesar\/vent-de-jeunesse-et-de-suspense-sur-la-50e-ceremonie-des-cesar-20250228\">c\u00e9r\u00e9monie des C\u00e9sar<\/a>\u00a0a d\u00e9cern\u00e9 vendredi soir ses 24 statuettes aux meilleurs d\u00e9cors, costumes, effets visuels, films, acteurs et r\u00e9alisateurs de l\u2019ann\u00e9e 2024.\u00a0<a href=\"https:\/\/www.lefigaro.fr\/cinema\/notre-critique-du-comte-de-monte-cristo-un-film-de-cape-et-d-epee-jubilatoire-et-solaire-20240627\"><em>Le Comte de Monte-Cristo<\/em><\/a>\u00a0\u00a0faisait figure de favori avec son nombre record de 14 nominations, talonn\u00e9 par\u00a0<a href=\"http:\/\/www.lefigaro.fr\/cinema\/notre-critique-de-l-amour-ouf-une-fresque-romanesque-en-fusion-20241015\"><em>L\u2019Amour ouf<\/em><\/a>\u00a0\u00a0(13) puis\u00a0<a href=\"https:\/\/www.lefigaro.fr\/cinema\/notre-critique-d-emilia-perez-un-grand-bout-de-femme-20240820\"><em>Emilia P\u00e9rez<\/em><\/a>\u00a0<em>\u00a0<\/em>(12). Mais l\u2019adaptation d\u2019Alexandre Dumas n\u2019a rien pu faire contre le rouleau compresseur musical de Jacques Audiard. Avec\u00a0<a href=\"http:\/\/www.lefigaro.fr\/cinema\/ceremonie-cesar\/cesar-2025-apres-cannes-et-avant-les-oscars-emilia-perez-sacre-meilleur-film-20250301\">sept troph\u00e9es, dont le trio film, adaptation et r\u00e9alisation<\/a>,\u00a0<em>Emilia P\u00e9rez<\/em>\u00a0\u00e9crase la concurrence et sauve l\u2019honneur en vue de la course aux Oscars. La France n\u2019a pas d\u00e9savou\u00e9 son champion.Les C\u00e9sar ont aussi embrass\u00e9\u00a0<a href=\"http:\/\/www.lefigaro.fr\/cinema\/notre-critique-du-film-l-histoire-de-souleymane-clando-a-velo-sans-melo-20241008\"><em>L\u2019Histoire de Souleymane<\/em><\/a>\u00a0, portrait d\u2019un immigr\u00e9 guin\u00e9en livreur de repas. Quatre compressions (meilleur sc\u00e9nario, montage, second r\u00f4le et r\u00e9v\u00e9lation masculine) ont r\u00e9compens\u00e9 ce film qui tombe en plein d\u00e9bat sur l\u2019immigration. Portrait de la France rurale et de jeunes agriculteurs,\u00a0<a href=\"http:\/\/www.lefigaro.fr\/cinema\/notre-critique-de-vingt-dieux-fromage-et-dessert-20241210\"><em>Vingt Dieux<\/em><\/a>\u00a0\u00a0fait le doubl\u00e9 meilleur premier film et r\u00e9v\u00e9lation f\u00e9minine.C\u2019est la soupe \u00e0 la grimace pour\u00a0<em>L\u2019Amour ouf<\/em>, qui convertit une seule de ses nominations (Alain Chabat, second r\u00f4le), et un camouflet pour\u00a0<em>Le Comte de Monte-Cristo<\/em>, cantonn\u00e9 \u00e0 deux cat\u00e9gories techniques (d\u00e9cors et costumes). Nomm\u00e9s \u00e0 huit reprises,\u00a0<a href=\"http:\/\/www.lefigaro.fr\/culture\/notre-critique-de-misericorde-l-ennui-est-dans-le-pre-20241015\"><em>Mis\u00e9ricorde<\/em><\/a>\u00a0\u00a0et\u00a0<a href=\"http:\/\/www.lefigaro.fr\/culture\/notre-critique-d-en-fanfare-une-belle-lecon-d-harmonie-20241126\"><em>En Fanfare<\/em><\/a>\u00a0\u00a0repartent bredouille.<em>Emilia P\u00e9rez,&nbsp;<\/em>C\u00e9sar du Meilleur film<\/p>\n\n\n\n<p class=\"\"><em>Emilia P\u00e9rez<\/em>\u00a0re\u00e7oit le C\u00e9sar du Meilleur film. Le long-m\u00e9trage de Jacques Audiard \u00e9tait en comp\u00e9tition contre\u00a0<em>Le Comte de Monte-Cristo, En fanfare, L\u2019Histoire de Souleymane\u00a0<\/em>et\u00a0<em>Mis\u00e9ricorde.<\/em>Hafsia Herzi, C\u00e9sar de la Meilleure actrice<\/p>\n\n\n\n<p class=\"\">Hafsia Herzi re\u00e7oit le C\u00e9sar de la Meilleure actrice pour\u00a0<em>Borgo<\/em>. Elle \u00e9tait en comp\u00e9tition contre Ad\u00e8le Exarchopoulos dans\u00a0<em>L\u2019Amour ouf,\u00a0<\/em>Karla Sofia Gascon dans\u00a0<em>Emilia P\u00e9rez,\u00a0<\/em>H\u00e9l\u00e8ne Vincent dans\u00a0<em>Quand vient l\u2019automne\u00a0<\/em>et Zo\u00e9 Saldana dans\u00a0<em>Emilia P\u00e9rez.<\/em>Karim Leklou, C\u00e9sar du Meilleur acteur<\/p>\n\n\n\n<p class=\"\">Karim Leklou re\u00e7oit le C\u00e9sar du Meilleur acteur pour\u00a0<em>Le Roman de Jim<\/em>. Il \u00e9tait en comp\u00e9tition contre Fran\u00e7ois Civil dans\u00a0<em>L\u2019Amour ouf,\u00a0<\/em>Benjamin Lavernhe dans\u00a0<em>En fanfare,\u00a0<\/em>Pierre Niney dans\u00a0<em>Le Comte de Monte-Cristo\u00a0<\/em>et ahar Rahim dans\u00a0<em>Monsieur Aznavour.\u00a0<\/em>Jacques Audiard, C\u00e9sar de la Meilleure r\u00e9alisation<\/p>\n\n\n\n<p class=\"\">Jacques Audiard re\u00e7oit le C\u00e9sar de la Meilleure r\u00e9alisation pour&nbsp;<em>Emilia P\u00e9rez<\/em>. Il \u00e9tait en comp\u00e9tition contre Gilles Lellouche pour&nbsp;<em>L\u2019Amour ouf,&nbsp;<\/em>Matthieu Delaporte, Alexandre de la Patelli\u00e8re pour&nbsp;<em>Le Comte de Monte-Cristo,&nbsp;<\/em>\u200b\u200b\u200b\u200b\u200b\u200b\u200bBoris Lojkine pour&nbsp;<em>L\u2019Histoire de Souleymane&nbsp;<\/em>et Alain Guiraudie pour&nbsp;<em>Mis\u00e9ricorde.<\/em><\/p>\n\n\n\n<h2 class=\"wp-block-heading\" id=\"les-fiancees-du-sud-cesar-du-meilleur-court-metrage-documentaire\"><em>Les Fianc\u00e9es du Sud,&nbsp;<\/em>C\u00e9sar du Meilleur court-m\u00e9trage documentaire<\/h2>\n\n\n\n<p class=\"\"><em>Les Fianc\u00e9es du Sud\u00a0<\/em>re\u00e7oit le C\u00e9sar du Meilleur court-m\u00e9trage documentaire. Il \u00e9tait en comp\u00e9tition contre\u00a0<em>Petit Spartacus\u00a0<\/em>et<em>\u00a0Un c\u0153ur perdu et autres r\u00eaves de Beyrouth.<\/em>Gilles Perret, C\u00e9sar du Meilleur film documentaire<\/p>\n\n\n\n<p class=\"\">Gilles Perret re\u00e7oit le C\u00e9sar du Meilleur film documentaire pour&nbsp;<em>La Ferme des Bertrand<\/em>. Il \u00e9tait en comp\u00e9tition contre&nbsp;<em>La Belle de Gaza, Bye bye Tib\u00e9riade, Dahomey, Ernest Cole, photographe&nbsp;<\/em>et&nbsp;<em>Madame Hofmann.<\/em><\/p>\n\n\n\n<h2 class=\"wp-block-heading\" id=\"paul-guilhaume-cesar-de-la-meilleure-photographie\">Paul Guilhaume, C\u00e9sar de la Meilleure photographie<\/h2>\n\n\n\n<p class=\"\">Paul Guilhaume re\u00e7oit le C\u00e9sar de la Meilleure photographie pour&nbsp;<em>Emilia P\u00e9rez<\/em>. Il \u00e9tait en comp\u00e9tition contre&nbsp;<em>L\u2019Amour ouf,<\/em>&nbsp;<em>Le Comte de Monte-Cristo, L\u2019Histoire de Souleymane&nbsp;<\/em>et&nbsp;<em>Mis\u00e9ricorde.<\/em><\/p>\n\n\n\n<h2 class=\"wp-block-heading\" id=\"franck-dubosc-cesar-de-l-acteur-qui-n-a-jamais-eu-de-cesar\">Franck Dubosc, C\u00e9sar de \u00ab&nbsp;l\u2019acteur qui n\u2019a jamais eu de C\u00e9sar&nbsp;\u00bb<\/h2>\n\n\n\n<p class=\"\">Franck Dubosc re\u00e7oit le (minuscule) C\u00e9sar de \u00ab&nbsp;l\u2019acteur qui n\u2019a jamais eu de C\u00e9sar&nbsp;\u00bb.<\/p>\n\n\n\n<h2 class=\"wp-block-heading\" id=\"clement-ducol-et-camille-cesar-de-la-meilleure-musique-originale\">Cl\u00e9ment Ducol et Camille, C\u00e9sar de la Meilleure musique originale<\/h2>\n\n\n\n<p class=\"\">Cl\u00e9ment Ducol et Camille re\u00e7oivent le C\u00e9sar de la Meilleure musique originale pour&nbsp;<em>Emilia P\u00e9rez<\/em>. Ils \u00e9taient en comp\u00e9tition contre&nbsp;<em>L\u2019Amour ouf, Le Comte de Monte-Cristo, La plus pr\u00e9cieuse des marchandises&nbsp;<\/em>et&nbsp;<em>Vingt dieux.&nbsp;<\/em><\/p>\n\n\n\n<h2 class=\"wp-block-heading\" id=\"cedric-fayolle-cesar-des-meilleurs-effets-visuels\">C\u00e9dric Fayolle, C\u00e9sar des Meilleurs effets visuels<\/h2>\n\n\n\n<p class=\"\">C\u00e9dric Fayolle re\u00e7oit le C\u00e9sar des Meilleurs effets visuels pour&nbsp;<em>Emilia P\u00e9rez<\/em>. Il \u00e9tait en comp\u00e9tition contre&nbsp;<em>La B\u00eate, Le Comte de Monte-Cristo&nbsp;<\/em>et<em>&nbsp;Monsieur Aznavour.<\/em><\/p>\n\n\n\n<h2 class=\"wp-block-heading\" id=\"xavier-sirven-cesar-du-meilleur-montage\">Xavier Sirven, C\u00e9sar du Meilleur montage<\/h2>\n\n\n\n<p class=\"\">Xavier Sirven re\u00e7oit le C\u00e9sar du Meilleur montage pour\u00a0<em>L\u2019Histoire de Souleymane<\/em>. Il \u00e9tait en comp\u00e9tition contre\u00a0<em>L\u2019Amour ouf, Le Comte de Monte-Cristo, Emilia P\u00e9rez\u00a0<\/em>et<em>\u00a0L\u2019Histoire de Souleymane.\u00a0<\/em>Alain Chabat, C\u00e9sar du Meilleur acteur dans un second r\u00f4le<\/p>\n\n\n\n<p class=\"\">Alain Chabat re\u00e7oit le C\u00e9sar du Meilleur acteur dans un second r\u00f4le pour&nbsp;<em>L\u2019Amour ouf<\/em>. Il \u00e9tait en comp\u00e9tition contre Bastien Bouillon dans&nbsp;<em>Le Comte de Monte-Cristo,&nbsp;<\/em>David Ayala dans&nbsp;<em>Mis\u00e9ricorde,&nbsp;<\/em>\u200b\u200b\u200b\u200b\u200b\u200b\u200bLaurent Lafitte dans&nbsp;<em>Le Comte de Monte-Cristo&nbsp;<\/em>et \u200b\u200b\u200b\u200b\u200b\u200b\u200bJaques Develay dans&nbsp;<em>Mis\u00e9ricorde.<\/em><\/p>\n\n\n\n<h2 class=\"wp-block-heading\" id=\"flow-cesar-du-meilleur-film-d-animation\"><em>Flow,&nbsp;<\/em>C\u00e9sar du Meilleur film d\u2019animation<\/h2>\n\n\n\n<p class=\"\"><em>Flow, le chat qui n\u2019avait plus peur de l\u2019eau&nbsp;<\/em>re\u00e7oit le C\u00e9sar du Meilleur film d\u2019animation. Le film \u00e9tait en comp\u00e9tition contre&nbsp;<em>La plus pr\u00e9cieuse des marchandises&nbsp;<\/em>et&nbsp;<em>Sauvages.&nbsp;<\/em><\/p>\n\n\n\n<h2 class=\"wp-block-heading\" id=\"beurk-cesar-du-meilleur-court-metrage-d-animation\"><em>Beurk&nbsp;!<\/em>, C\u00e9sar du Meilleur court-m\u00e9trage d\u2019animation<\/h2>\n\n\n\n<p class=\"\"><em>Beurk&nbsp;!<\/em>&nbsp;re\u00e7oit le C\u00e9sar du Meilleur court-m\u00e9trage d\u2019animation. Le court-m\u00e9trage \u00e9tait en comp\u00e9tition contre&nbsp;<em>Gigi&nbsp;<\/em>et<em>&nbsp;Papillon.&nbsp;<\/em><\/p>\n\n\n\n<h2 class=\"wp-block-heading\" id=\"nina-meurisse-cesar-de-la-meilleure-actrice-dans-un-second-role\">Nina Meurisse, C\u00e9sar de la Meilleure actrice dans un second r\u00f4le<\/h2>\n\n\n\n<p class=\"\">Nina Meurisse re\u00e7oit le C\u00e9sar de la Meilleure actrice dans un second r\u00f4le pour&nbsp;<em>L\u2019Histoire de Souleymane<\/em>. Elle \u00e9tait en comp\u00e9tition contre Elodie Bouchez dans&nbsp;<em>L\u2019Amour ouf,&nbsp;<\/em>\u200b\u200b\u200b\u200b\u200b\u200b\u200bAna\u00efs Demoustier dans&nbsp;<em>Le Comte de Monte-Cristo,&nbsp;<\/em>\u200b\u200b\u200b\u200b\u200b\u200b\u200bCatherine Frot dans&nbsp;<em>Mis\u00e9ricorde&nbsp;<\/em>et \u200b\u200b\u200b\u200b\u200b\u200b\u200bSarah Suco dans&nbsp;<em>En fanfare.<\/em><\/p>\n\n\n\n<h2 class=\"wp-block-heading\" id=\"boris-lojkine-et-delphine-agut-cesar-du-meilleur-scenario-original\">Boris Lojkine et Delphine Agut, C\u00e9sar du Meilleur sc\u00e9nario original<\/h2>\n\n\n\n<p class=\"\">Boris Lojkine et Delphine Agut re\u00e7oivent le C\u00e9sar du Meilleur sc\u00e9nario original pour&nbsp;<em>L\u2019Histoire de Souleymane<\/em>. Ils \u00e9taient en comp\u00e9tition contre&nbsp;<em>Borgo, En fanfare, Mis\u00e9ricorde&nbsp;<\/em>et&nbsp;<em>Vingt Dieux.<\/em><\/p>\n\n\n\n<h2 class=\"wp-block-heading\" id=\"maiwene-barthelemy-cesar-de-la-meilleure-revelation-feminine\">Ma\u00efw\u00e8ne Barthelemy, C\u00e9sar de la Meilleure r\u00e9v\u00e9lation f\u00e9minine<\/h2>\n\n\n\n<p class=\"\">Ma\u00efw\u00e8ne Barthelemy re\u00e7oit le C\u00e9sar de la Meilleure r\u00e9v\u00e9lation f\u00e9minine pour&nbsp;<em>Vingt Dieux<\/em>. Elle \u00e9tait en comp\u00e9tition contre Malou Khebizi pour&nbsp;<em>Diamant Brut,&nbsp;<\/em>\u200b\u200b\u200b\u200b\u200b\u200b\u200bMegan Northam pour&nbsp;<em>Rabia,&nbsp;<\/em>\u200b\u200b\u200b\u200b\u200b\u200b\u200bMallory Wanecque pour&nbsp;<em>L\u2019Amour ouf&nbsp;<\/em>et \u200b\u200b\u200b\u200b\u200b\u200b\u200bSouheila Yacoub pour&nbsp;<em>Plan\u00e8te B.<\/em><\/p>\n\n\n\n<h2 class=\"wp-block-heading\" id=\"emilia-perez-cesar-du-meilleur-son\"><em>Emilia P\u00e9rez<\/em>, C\u00e9sar du Meilleur son<\/h2>\n\n\n\n<p class=\"\"><em>Emilia P\u00e9rez<\/em>&nbsp;re\u00e7oit le C\u00e9sar du Meilleur son. Le film \u00e9tait en comp\u00e9tition contre&nbsp;<em>L\u2019Amour ouf, Le Comte de Monte-Cristo, L\u2019Histoire de Souleymane&nbsp;<\/em>et&nbsp;<em>En fanfare.<\/em><\/p>\n\n\n\n<h2 class=\"wp-block-heading\" id=\"thierry-delettre-cesar-des-meilleurs-costumes\">Thierry Delettre, C\u00e9sar des Meilleurs costumes<\/h2>\n\n\n\n<p class=\"\">Thierry Delettre re\u00e7oit le C\u00e9sar des Meilleurs costumes pour&nbsp;<em>Le Comte de Monte-Cristo<\/em>. Il \u00e9tait en comp\u00e9tition contre&nbsp;<em>L\u2019Amour ouf, Emilia P\u00e9rez, Monsieur Aznavour&nbsp;<\/em>et&nbsp;<em>Sarah Bernhardt, la divine.<\/em><\/p>\n\n\n\n<h2 class=\"wp-block-heading\" id=\"jacques-audiard-cesar-du-meilleur-scenario-adapte\">Jacques Audiard, C\u00e9sar du Meilleur sc\u00e9nario adapt\u00e9<\/h2>\n\n\n\n<p class=\"\">Jacques Audiard re\u00e7oit le C\u00e9sar du meilleur sc\u00e9nario adapt\u00e9 pour&nbsp;<em>Emilia P\u00e9rez<\/em>. Le r\u00e9alisateur, dont c\u2019est le troisi\u00e8me troph\u00e9e dans cette cat\u00e9gorie, \u00e9tait en comp\u00e9tition contre&nbsp;<em>Le Comte de Monte-Cristo&nbsp;<\/em>et<em>&nbsp;La plus pr\u00e9cieuse des marchandises.<\/em><\/p>\n\n\n\n<h2 class=\"wp-block-heading\" id=\"la-zone-d-interet-cesar-du-meilleur-film-etranger\"><em>La Zone d\u2019int\u00e9r\u00eat,&nbsp;<\/em>C\u00e9sar du Meilleur film \u00e9tranger<\/h2>\n\n\n\n<p class=\"\">Jonathan Glazer re\u00e7oit le C\u00e9sar du Meilleur film \u00e9tranger pour&nbsp;<em>La Zone d\u2019int\u00e9r\u00eat<\/em>. Le r\u00e9alisateur \u00e9tait en comp\u00e9tition contre&nbsp;<em>Anora, Les Graines du figuier sauvage, The Apprentice&nbsp;<\/em>et<em>&nbsp;The Substance.<\/em><\/p>\n\n\n\n<h2 class=\"wp-block-heading\" id=\"stephane-taillasson-cesar-des-meilleurs-decors\">St\u00e9phane Taillasson, C\u00e9sar des Meilleurs d\u00e9cors<\/h2>\n\n\n\n<p class=\"\">St\u00e9phane Taillasson re\u00e7oit le C\u00e9sar des Meilleurs d\u00e9cors pour\u00a0<em>Le Comte de Monte-Cristo<\/em>. Il \u00e9tait en comp\u00e9tition contre\u00a0<em>L\u2019Amour ouf, Emilia P\u00e9rez, Monsieur Aznavour\u00a0<\/em>et<em>\u00a0Sarah Bernhardt, la divine.<\/em><em>Vingt Dieux<\/em>, C\u00e9sar du Meilleur premier film<\/p>\n\n\n\n<p class=\"\"><em>Vingt Dieux<\/em>&nbsp;re\u00e7oit le C\u00e9sar du meilleur premier film. Le long-m\u00e9trage \u00e9tait en comp\u00e9tition contre&nbsp;<em>Diamant brut, Les Fant\u00f4mes, Le Royaume&nbsp;<\/em>et&nbsp;<em>Un p\u2019tit truc en plus.<\/em><\/p>\n\n\n\n<h2 class=\"wp-block-heading\" id=\"l-homme-qui-ne-se-taisait-pas-cesar-du-meilleur-court-metrage-de-fiction\"><em>L\u2019Homme qui ne se taisait pas<\/em>, C\u00e9sar du Meilleur court-m\u00e9trage de fiction<\/h2>\n\n\n\n<p class=\"\"><em>L\u2019Homme qui ne se taisait pas<\/em>&nbsp;re\u00e7oit le C\u00e9sar du meilleur court-m\u00e9trage de fiction. Le documentaire \u00e9tait en comp\u00e9tition contre&nbsp;<em>Boucan, Ce qui appartient \u00e0 C\u00e9sar&nbsp;<\/em>et<em>&nbsp;Queen Size.<\/em><\/p>\n\n\n\n<h2 class=\"wp-block-heading\" id=\"abou-sangare-cesar-de-la-revelation-masculine\">Abou Sangare, C\u00e9sar de la R\u00e9v\u00e9lation masculine<\/h2>\n\n\n\n<p class=\"\">Abou Sangare re\u00e7oit le C\u00e9sar de la R\u00e9v\u00e9lation masculine pour son r\u00f4le dans&nbsp;<em>L\u2019Histoire de Souleymane.<\/em>L\u2019acteur \u00e9tait en comp\u00e9tition contre Adam Bessa pour&nbsp;<em>Les Fant\u00f4mes,&nbsp;<\/em>Malik Frikah pour&nbsp;<em>L\u2019Amour ouf,&nbsp;<\/em>F\u00e9lix Kysil pour&nbsp;<em>Mis\u00e9ricorde,&nbsp;<\/em>F\u00e9lix Kysil pour&nbsp;<em>Mis\u00e9ricorde&nbsp;<\/em>et Pierre Lottin pour&nbsp;<em>En fanfare<\/em><\/p>\n","protected":false},"excerpt":{"rendered":"<p>La 50e\u00a0c\u00e9r\u00e9monie des C\u00e9sar\u00a0a d\u00e9cern\u00e9 vendredi soir ses 24 statuettes aux meilleurs d\u00e9cors, costumes, effets visuels, films, acteurs et r\u00e9alisateurs de l\u2019ann\u00e9e 2024.\u00a0Le Comte de Monte-Cristo\u00a0\u00a0faisait figure de favori avec son nombre record de 14 nominations, talonn\u00e9 par\u00a0L\u2019Amour ouf\u00a0\u00a0(13) puis\u00a0Emilia P\u00e9rez\u00a0\u00a0(12). Mais l\u2019adaptation d\u2019Alexandre Dumas n\u2019a rien pu faire contre le rouleau compresseur musical de [&hellip;]<\/p>\n","protected":false},"author":2,"featured_media":33561,"comment_status":"open","ping_status":"open","sticky":false,"template":"","format":"standard","meta":{"_jetpack_memberships_contains_paid_content":false,"footnotes":"","jetpack_publicize_message":"","jetpack_publicize_feature_enabled":true,"jetpack_social_post_already_shared":true,"jetpack_social_options":{"image_generator_settings":{"template":"highway","enabled":true,"token":"eyJpbWciOiJodHRwczpcL1wvd3d3LmljZWFnZXR2LmNvbVwvcmFkaW9zaXRlXC93cC1jb250ZW50XC91cGxvYWRzXC8yMDI1XC8wM1wvTGUtcGFsbWFyZXMtY29tcGxldC1kZXMtQ2VzYXItYXZlYy1sZS10cmlvbXBoZS1kRW1pbGlhLVBlcmV6LmpwZyIsInR4dCI6IkxlIHBhbG1hclx1MDBlOHMgY29tcGxldCBkZXMgQ1x1MDBlOXNhciwgYXZlYyBsZSB0cmlvbXBoZSBkXHUyMDE5RW1pbGlhIFBcdTAwZTlyZXoiLCJ0ZW1wbGF0ZSI6ImhpZ2h3YXkiLCJibG9nX2lkIjoxMTEwMTY0NjF9.kfyl2UkmzyLR9bTaPy031DsgRwK9Ur8OL-xNzKHHQGkMQ"},"version":2},"_wpas_customize_per_network":false},"categories":[68],"tags":[],"class_list":["post-33560","post","type-post","status-publish","format-standard","has-post-thumbnail","hentry","category-actu-culturelle"],"jetpack_publicize_connections":[],"jetpack_featured_media_url":"https:\/\/i0.wp.com\/www.iceagetv.com\/radiosite\/wp-content\/uploads\/2025\/03\/Le-palmares-complet-des-Cesar-avec-le-triomphe-dEmilia-Perez.jpg?fit=583%2C297&ssl=1","jetpack_sharing_enabled":true,"_links":{"self":[{"href":"https:\/\/www.iceagetv.com\/radiosite\/wp-json\/wp\/v2\/posts\/33560","targetHints":{"allow":["GET"]}}],"collection":[{"href":"https:\/\/www.iceagetv.com\/radiosite\/wp-json\/wp\/v2\/posts"}],"about":[{"href":"https:\/\/www.iceagetv.com\/radiosite\/wp-json\/wp\/v2\/types\/post"}],"author":[{"embeddable":true,"href":"https:\/\/www.iceagetv.com\/radiosite\/wp-json\/wp\/v2\/users\/2"}],"replies":[{"embeddable":true,"href":"https:\/\/www.iceagetv.com\/radiosite\/wp-json\/wp\/v2\/comments?post=33560"}],"version-history":[{"count":1,"href":"https:\/\/www.iceagetv.com\/radiosite\/wp-json\/wp\/v2\/posts\/33560\/revisions"}],"predecessor-version":[{"id":33562,"href":"https:\/\/www.iceagetv.com\/radiosite\/wp-json\/wp\/v2\/posts\/33560\/revisions\/33562"}],"wp:featuredmedia":[{"embeddable":true,"href":"https:\/\/www.iceagetv.com\/radiosite\/wp-json\/wp\/v2\/media\/33561"}],"wp:attachment":[{"href":"https:\/\/www.iceagetv.com\/radiosite\/wp-json\/wp\/v2\/media?parent=33560"}],"wp:term":[{"taxonomy":"category","embeddable":true,"href":"https:\/\/www.iceagetv.com\/radiosite\/wp-json\/wp\/v2\/categories?post=33560"},{"taxonomy":"post_tag","embeddable":true,"href":"https:\/\/www.iceagetv.com\/radiosite\/wp-json\/wp\/v2\/tags?post=33560"}],"curies":[{"name":"wp","href":"https:\/\/api.w.org\/{rel}","templated":true}]}}