{"id":33563,"date":"2025-03-01T12:56:42","date_gmt":"2025-03-01T11:56:42","guid":{"rendered":"https:\/\/www.iceagetv.com\/radiosite\/?p=33563"},"modified":"2025-03-01T12:56:47","modified_gmt":"2025-03-01T11:56:47","slug":"le-pape-francois-hospitalise-depuis-deux-semaines-a-passe-une-nuit-tranquille-apres-avoir-affronte-la-veille-une-crise-respiratoire-isolee-a-annonce-ce-matin-le-vatican","status":"publish","type":"post","link":"https:\/\/www.iceagetv.com\/radiosite\/le-pape-francois-hospitalise-depuis-deux-semaines-a-passe-une-nuit-tranquille-apres-avoir-affronte-la-veille-une-crise-respiratoire-isolee-a-annonce-ce-matin-le-vatican\/","title":{"rendered":"Le pape Fran\u00e7ois, hospitalis\u00e9 depuis deux semaines, \u00ab\u00a0a pass\u00e9 une nuit tranquille apr\u00e8s avoir affront\u00e9 la veille une crise respiratoire isol\u00e9e\u00a0\u00bb, a annonc\u00e9 ce matin le Vatican"},"content":{"rendered":"\n<p class=\"\">Le pape Fran\u00e7ois, hospitalis\u00e9 pour une pneumonie aux deux poumons depuis deux semaines, \u00ab\u00a0a pass\u00e9 une nuit tranquille apr\u00e8s avoir affront\u00e9 la veille une crise respiratoire isol\u00e9e\u00a0\u00bb, a annonc\u00e9 ce samedi matin le Vatican. \u00abLe Pape a pass\u00e9 une nuit tranquille et se repose\u00bb, a indiqu\u00e9 le Vatican dans un bref communiqu\u00e9 au 16e jour de son hospitalisation, alors que pronostic vital du pontife de 88 ans reste \u00abr\u00e9serv\u00e9\u00bb.<\/p>\n\n\n\n<p class=\"\">Fran\u00e7ois a \u00e9t\u00e9 admis \u00e0 l&rsquo;h\u00f4pital Gemelli de Rome le 14 f\u00e9vrier pour une bronchite, mais celle-ci a \u00e9volu\u00e9 en double pneumonie et l&rsquo;\u00e9tat du chef des 1,4 milliard de catholiques ne cesse de pr\u00e9occuper. Son \u00abcadre clinique\u00bb est actualis\u00e9 chaque jour par les m\u00e9decins qui ont fait \u00e9tat depuis son entr\u00e9e au Gemelli d&rsquo;une am\u00e9lioration r\u00e9guli\u00e8re &#8211; certes l\u00e9g\u00e8re et lente &#8211; de ses constantes, faisant penser que le souverain pontife allait surmonter cette \u00e9preuve.<\/p>\n\n\n\n<p class=\"\">Mais le bulletin m\u00e9dical publi\u00e9 vendredi soir semble au contraire indiquer qu&rsquo;il n&rsquo;est pas tir\u00e9 d&rsquo;affaire. \u00abEn d\u00e9but d&rsquo;apr\u00e8s-midi, apr\u00e8s une matin\u00e9e consacr\u00e9e \u00e0 la kin\u00e9sith\u00e9rapie respiratoire et \u00e0 la pri\u00e8re dans la chapelle\u00bb de l&rsquo;h\u00f4pital romain, \u00able Saint-P\u00e8re a pr\u00e9sent\u00e9 une crise isol\u00e9e de broncospasme qui a entra\u00een\u00e9 un \u00e9pisode de vomissement avec inhalation et une soudaine aggravation de son \u00e9tat respiratoire\u00bb, a indiqu\u00e9 le Vatican dans un communiqu\u00e9.<\/p>\n\n\n\n<p class=\"\">Fran\u00e7ois a imm\u00e9diatement re\u00e7u une assistance \u00abnon invasive\u00bb (par masque \u00e0 oxyg\u00e8ne) \u00e0 laquelle il a bien r\u00e9pondu et est demeur\u00e9 en permanence \u00abalerte et orient\u00e9\u00bb dans l&rsquo;espace et le temps, souligne le communiqu\u00e9.<\/p>\n\n\n\n<p class=\"\">Selon une source vaticane, \u00ables m\u00e9decins ont besoin de 24 \u00e0 48 heures pour \u00e9valuer l&rsquo;impact de cette crise sur le cadre clinique g\u00e9n\u00e9ral\u00bb. \u00abLe pape garde toutefois le moral\u00bb, a ajout\u00e9 cette source.<\/p>\n","protected":false},"excerpt":{"rendered":"<p>Le pape Fran\u00e7ois, hospitalis\u00e9 pour une pneumonie aux deux poumons depuis deux semaines, \u00ab\u00a0a pass\u00e9 une nuit tranquille apr\u00e8s avoir affront\u00e9 la veille une crise respiratoire isol\u00e9e\u00a0\u00bb, a annonc\u00e9 ce samedi matin le Vatican. \u00abLe Pape a pass\u00e9 une nuit tranquille et se repose\u00bb, a indiqu\u00e9 le Vatican dans un bref communiqu\u00e9 au 16e jour [&hellip;]<\/p>\n","protected":false},"author":2,"featured_media":33286,"comment_status":"open","ping_status":"open","sticky":false,"template":"","format":"standard","meta":{"_jetpack_memberships_contains_paid_content":false,"footnotes":"","jetpack_publicize_message":"","jetpack_publicize_feature_enabled":true,"jetpack_social_post_already_shared":true,"jetpack_social_options":{"image_generator_settings":{"template":"highway","enabled":true,"token":"eyJpbWciOiJodHRwczpcL1wvd3d3LmljZWFnZXR2LmNvbVwvcmFkaW9zaXRlXC93cC1jb250ZW50XC91cGxvYWRzXC8yMDI1XC8wMlwvRHBCWTJiczkuanBnIiwidHh0IjoiTGUgcGFwZSBGcmFuXHUwMGU3b2lzLCBob3NwaXRhbGlzXHUwMGU5IGRlcHVpcyBkZXV4IHNlbWFpbmVzLCAmIzgyMjA7YSBwYXNzXHUwMGU5IHVuZSBudWl0IHRyYW5xdWlsbGUgYXByXHUwMGU4cyBhdm9pciBhZmZyb250XHUwMGU5IGxhIHZlaWxsZSB1bmUgY3Jpc2UgcmVzcGlyYXRvaXJlIGlzb2xcdTAwZTllJiM4MjIxOywgYSBhbm5vbmNcdTAwZTkgY2UgbWF0aW4gbGUgVmF0aWNhbiIsInRlbXBsYXRlIjoiaGlnaHdheSIsImJsb2dfaWQiOjExMTAxNjQ2MX0.6g2MaKNQrxzz7rO1yY12X-fOVamVK9vRYdv_SbmGp9gMQ"},"version":2},"_wpas_customize_per_network":false},"categories":[405],"tags":[],"class_list":["post-33563","post","type-post","status-publish","format-standard","has-post-thumbnail","hentry","category-actu-france-monde"],"jetpack_publicize_connections":[],"jetpack_featured_media_url":"https:\/\/i0.wp.com\/www.iceagetv.com\/radiosite\/wp-content\/uploads\/2025\/02\/DpBY2bs9.jpg?fit=679%2C293&ssl=1","jetpack_sharing_enabled":true,"_links":{"self":[{"href":"https:\/\/www.iceagetv.com\/radiosite\/wp-json\/wp\/v2\/posts\/33563","targetHints":{"allow":["GET"]}}],"collection":[{"href":"https:\/\/www.iceagetv.com\/radiosite\/wp-json\/wp\/v2\/posts"}],"about":[{"href":"https:\/\/www.iceagetv.com\/radiosite\/wp-json\/wp\/v2\/types\/post"}],"author":[{"embeddable":true,"href":"https:\/\/www.iceagetv.com\/radiosite\/wp-json\/wp\/v2\/users\/2"}],"replies":[{"embeddable":true,"href":"https:\/\/www.iceagetv.com\/radiosite\/wp-json\/wp\/v2\/comments?post=33563"}],"version-history":[{"count":1,"href":"https:\/\/www.iceagetv.com\/radiosite\/wp-json\/wp\/v2\/posts\/33563\/revisions"}],"predecessor-version":[{"id":33564,"href":"https:\/\/www.iceagetv.com\/radiosite\/wp-json\/wp\/v2\/posts\/33563\/revisions\/33564"}],"wp:featuredmedia":[{"embeddable":true,"href":"https:\/\/www.iceagetv.com\/radiosite\/wp-json\/wp\/v2\/media\/33286"}],"wp:attachment":[{"href":"https:\/\/www.iceagetv.com\/radiosite\/wp-json\/wp\/v2\/media?parent=33563"}],"wp:term":[{"taxonomy":"category","embeddable":true,"href":"https:\/\/www.iceagetv.com\/radiosite\/wp-json\/wp\/v2\/categories?post=33563"},{"taxonomy":"post_tag","embeddable":true,"href":"https:\/\/www.iceagetv.com\/radiosite\/wp-json\/wp\/v2\/tags?post=33563"}],"curies":[{"name":"wp","href":"https:\/\/api.w.org\/{rel}","templated":true}]}}