{"id":33581,"date":"2025-03-02T11:18:17","date_gmt":"2025-03-02T10:18:17","guid":{"rendered":"https:\/\/www.iceagetv.com\/radiosite\/?p=33581"},"modified":"2025-03-02T11:18:22","modified_gmt":"2025-03-02T10:18:22","slug":"cessez-le-feu-a-gaza-le-hamas-exige-lapplication-de-la-deuxieme-phase-de-la-treve","status":"publish","type":"post","link":"https:\/\/www.iceagetv.com\/radiosite\/cessez-le-feu-a-gaza-le-hamas-exige-lapplication-de-la-deuxieme-phase-de-la-treve\/","title":{"rendered":"Cessez-le-feu \u00e0 Gaza : le Hamas exige l&rsquo;application de la deuxi\u00e8me phase de la tr\u00eave"},"content":{"rendered":"\n<p class=\"\">Isra\u00ebl, de son c\u00f4t\u00e9 a approuv\u00e9 dimanche une proposition am\u00e9ricaine d&rsquo;\u00e9tendre le cessez-le-feu jusque mi-avril.Alors que la premi\u00e8re phase du cessez-le-feu en vigueur dans la bande de Gaza apris\u00a0fin samedi 1er mars, le Hamas a exig\u00e9, dimanche, l&rsquo;application de\u00a0<a href=\"https:\/\/www.francetvinfo.fr\/monde\/proche-orient\/israel-palestine\/treve-entre-israel-et-le-hamas-pourquoi-les-negociations-sur-la-deuxieme-phase-s-annoncent-compliquees_7090269.html\">la deuxi\u00e8me phase<\/a>. Le mouvement islamiste palestinien a estim\u00e9 que la proposition am\u00e9ricaine de tr\u00eave jusqu&rsquo;\u00e0 la mi-avril revient pour Isra\u00ebl \u00e0\u00a0<em>\u00ab\u00a0se soustraire aux accords qu&rsquo;il a sign\u00e9s\u00a0\u00bb<\/em>.\u00a0<em>\u00ab\u00a0La seule fa\u00e7on de parvenir \u00e0 la stabilit\u00e9 dans la r\u00e9gion et au retour des prisonniers est d&rsquo;achever la mise en \u0153uvre de l&rsquo;accord (&#8230;) en commen\u00e7ant par la mise en \u0153uvre de la deuxi\u00e8me phase\u00a0\u00bb<\/em>, a affirm\u00e9 le dirigeant du Hamas Mahmoud Mardaoui dans une d\u00e9claration transmise \u00e0 l&rsquo;AFP.\u00a0<em>\u00ab\u00a0C&rsquo;est ce sur quoi nous insistons et nous ne reculerons pas\u00a0\u00bb<\/em>, a-t-il ajout\u00e9.Isra\u00ebl a approuv\u00e9 dimanche cette proposition am\u00e9ricaine d&rsquo;\u00e9tendre la tr\u00eave, faute d&rsquo;accord avec le Hamas pour entamer, selon le calendrier pr\u00e9vu, la deuxi\u00e8me phase du cessez-le-feu, qui doit en principe mettre fin \u00e0 la guerre.<\/p>\n\n\n\n<h2 class=\"wp-block-heading\">Trois phases dans l&rsquo;accord de cessez-le-feu<\/h2>\n\n\n\n<p class=\"\"><em>\u00ab\u00a0Isra\u00ebl adopte le plan de l&rsquo;envoy\u00e9 du pr\u00e9sident am\u00e9ricain Steve Witkoff pour un cessez-le-feu temporaire pour les p\u00e9riodes du ramadan\u00a0\u00bb<\/em>&nbsp;devant s&rsquo;achever fin mars<em>&nbsp;\u00ab\u00a0et de Pessah\u00a0\u00bb<\/em>, la p\u00e2que juive, qui sera c\u00e9l\u00e9br\u00e9e \u00e0 la mi-avril, a annonc\u00e9 le bureau du Premier ministre Benjamin N\u00e9tanyahou dans un communiqu\u00e9. Aux termes de ce plan,&nbsp;<em>\u00ab\u00a0la moiti\u00e9 des otages, morts et vivants\u00a0\u00bb<\/em>, seraient remis \u00e0 Isra\u00ebl au premier jour de son entr\u00e9e en vigueur. Le reste des otages, vivants ou morts seraient remis<em>&nbsp;\u00ab\u00a0\u00e0 la fin, si un accord est trouv\u00e9 sur cessez-le-feu permanent\u00a0\u00bb<\/em>, ajoute le communiqu\u00e9 du Premier ministre.<\/p>\n\n\n\n<p class=\"\">Lors de la premi\u00e8re phase de cet accord entr\u00e9&nbsp;<a href=\"https:\/\/www.francetvinfo.fr\/monde\/proche-orient\/israel-palestine\/cessez-le-feu-a-gaza-ce-qu-il-faut-retenir-de-la-journee-du-dimanche-19-janvier_7024277.html\">en vigueur le 19 janvier<\/a>, le Hamas a lib\u00e9r\u00e9 25 otages et rendu les corps de huit autres \u00e0 Isra\u00ebl, qui en \u00e9change a lib\u00e9r\u00e9 environ 1 800 d\u00e9tenus palestiniens. La deuxi\u00e8me phase devait en principe commencer dimanche et permettre la lib\u00e9ration des derniers otages du Hamas et de plusieurs centaines de prisonniers palestiniens. Enfin, une troisi\u00e8me phase devrait \u00eatre consacr\u00e9e \u00e0 la reconstruction de la bande de Gaza.&nbsp;<\/p>\n","protected":false},"excerpt":{"rendered":"<p>Isra\u00ebl, de son c\u00f4t\u00e9 a approuv\u00e9 dimanche une proposition am\u00e9ricaine d&rsquo;\u00e9tendre le cessez-le-feu jusque mi-avril.Alors que la premi\u00e8re phase du cessez-le-feu en vigueur dans la bande de Gaza apris\u00a0fin samedi 1er mars, le Hamas a exig\u00e9, dimanche, l&rsquo;application de\u00a0la deuxi\u00e8me phase. Le mouvement islamiste palestinien a estim\u00e9 que la proposition am\u00e9ricaine de tr\u00eave jusqu&rsquo;\u00e0 la [&hellip;]<\/p>\n","protected":false},"author":2,"featured_media":33582,"comment_status":"open","ping_status":"open","sticky":false,"template":"","format":"standard","meta":{"_jetpack_memberships_contains_paid_content":false,"footnotes":"","jetpack_publicize_message":"","jetpack_publicize_feature_enabled":true,"jetpack_social_post_already_shared":true,"jetpack_social_options":{"image_generator_settings":{"template":"highway","enabled":true,"token":"eyJpbWciOiJodHRwczpcL1wvd3d3LmljZWFnZXR2LmNvbVwvcmFkaW9zaXRlXC93cC1jb250ZW50XC91cGxvYWRzXC8yMDI1XC8wM1wvQ2Vzc2V6LWxlLWZldS1hLUdhemEuanBnIiwidHh0IjoiQ2Vzc2V6LWxlLWZldSBcdTAwZTAgR2F6YSA6IGxlIEhhbWFzIGV4aWdlIGwmIzgyMTc7YXBwbGljYXRpb24gZGUgbGEgZGV1eGlcdTAwZThtZSBwaGFzZSBkZSBsYSB0clx1MDBlYXZlIiwidGVtcGxhdGUiOiJoaWdod2F5IiwiYmxvZ19pZCI6MTExMDE2NDYxfQ.hW4AWBvJifL5oQXpGP8YdtgnqgOK_dmzw5JugcUji3UMQ"},"version":2},"_wpas_customize_per_network":false},"categories":[405],"tags":[],"class_list":["post-33581","post","type-post","status-publish","format-standard","has-post-thumbnail","hentry","category-actu-france-monde"],"jetpack_publicize_connections":[],"jetpack_featured_media_url":"https:\/\/i0.wp.com\/www.iceagetv.com\/radiosite\/wp-content\/uploads\/2025\/03\/Cessez-le-feu-a-Gaza.jpg?fit=842%2C478&ssl=1","jetpack_sharing_enabled":true,"_links":{"self":[{"href":"https:\/\/www.iceagetv.com\/radiosite\/wp-json\/wp\/v2\/posts\/33581","targetHints":{"allow":["GET"]}}],"collection":[{"href":"https:\/\/www.iceagetv.com\/radiosite\/wp-json\/wp\/v2\/posts"}],"about":[{"href":"https:\/\/www.iceagetv.com\/radiosite\/wp-json\/wp\/v2\/types\/post"}],"author":[{"embeddable":true,"href":"https:\/\/www.iceagetv.com\/radiosite\/wp-json\/wp\/v2\/users\/2"}],"replies":[{"embeddable":true,"href":"https:\/\/www.iceagetv.com\/radiosite\/wp-json\/wp\/v2\/comments?post=33581"}],"version-history":[{"count":1,"href":"https:\/\/www.iceagetv.com\/radiosite\/wp-json\/wp\/v2\/posts\/33581\/revisions"}],"predecessor-version":[{"id":33583,"href":"https:\/\/www.iceagetv.com\/radiosite\/wp-json\/wp\/v2\/posts\/33581\/revisions\/33583"}],"wp:featuredmedia":[{"embeddable":true,"href":"https:\/\/www.iceagetv.com\/radiosite\/wp-json\/wp\/v2\/media\/33582"}],"wp:attachment":[{"href":"https:\/\/www.iceagetv.com\/radiosite\/wp-json\/wp\/v2\/media?parent=33581"}],"wp:term":[{"taxonomy":"category","embeddable":true,"href":"https:\/\/www.iceagetv.com\/radiosite\/wp-json\/wp\/v2\/categories?post=33581"},{"taxonomy":"post_tag","embeddable":true,"href":"https:\/\/www.iceagetv.com\/radiosite\/wp-json\/wp\/v2\/tags?post=33581"}],"curies":[{"name":"wp","href":"https:\/\/api.w.org\/{rel}","templated":true}]}}