{"id":33585,"date":"2025-03-02T11:50:04","date_gmt":"2025-03-02T10:50:04","guid":{"rendered":"https:\/\/www.iceagetv.com\/radiosite\/?p=33585"},"modified":"2025-03-02T11:50:08","modified_gmt":"2025-03-02T10:50:08","slug":"des-feux-de-forets-records-dans-le-nord-du-japon-provoquent-levacuation-de-milliers-dhabitants","status":"publish","type":"post","link":"https:\/\/www.iceagetv.com\/radiosite\/des-feux-de-forets-records-dans-le-nord-du-japon-provoquent-levacuation-de-milliers-dhabitants\/","title":{"rendered":"Des feux de for\u00eats records dans le nord du Japon provoquent l&rsquo;\u00e9vacuation de milliers d&rsquo;habitants"},"content":{"rendered":"\n<p class=\"\">Au moins une personne est morte dans les flammes, qui ont aussi endommag\u00e9 plus de 80 b\u00e2timents.Ils ont ravag\u00e9 une surface record depuis 1992. Des feux de for\u00eat ont fait au moins un mort et provoqu\u00e9 l&rsquo;\u00e9vacuation de milliers d&rsquo;habitants dans le nord du Japon, ont annonc\u00e9 les autorit\u00e9s japonaises dimanche 2 mars. Depuis qu&rsquo;ils se sont d\u00e9clar\u00e9s, environ 2 000 personnes ont fui les zones autour de la ville d&rsquo;Ofunato, dans la r\u00e9gion bois\u00e9e d&rsquo;Iwate. Plusieurs se sont r\u00e9fugi\u00e9es chez des amis ou des parents, et plus de 1 200 ont \u00e9t\u00e9 conduites vers des abris, ont ajout\u00e9 les autorit\u00e9s. Les flammes ont aussi endommag\u00e9 plus de 80 b\u00e2timents.<\/p>\n\n\n\n<p class=\"\">Selon certaines informations de presse, le feu s&rsquo;est d\u00e9j\u00e0 propag\u00e9 sur 1 800 hectares. Des images a\u00e9riennes de la cha\u00eene publique NHK montrent des h\u00e9licopt\u00e8res militaires survolant des volutes de fum\u00e9e blanche, quatre jours apr\u00e8s le d\u00e9but de l&rsquo;incendie.<\/p>\n\n\n\n<h2 class=\"wp-block-heading\">L&rsquo;ann\u00e9e 2024 la plus chaude jamais enregistr\u00e9e dans le pays<\/h2>\n\n\n\n<p class=\"\">Selon les donn\u00e9es du gouvernement, le nombre d&rsquo;incendies de for\u00eat avait diminu\u00e9 depuis un pic dans les ann\u00e9es 1970, mais le pays en recensait encore environ 1 300 en 2023, concentr\u00e9s sur la p\u00e9riode de f\u00e9vrier \u00e0 avril, lorsque l&rsquo;air s&rsquo;ass\u00e8che et que les vents se l\u00e8vent.<\/p>\n\n\n\n<p class=\"\">L&rsquo;ann\u00e9e 2024 a aussi \u00e9t\u00e9&nbsp;<a href=\"https:\/\/www.francetvinfo.fr\/environnement\/crise-climatique\/climat-le-japon-a-connu-son-ete-le-plus-chaud-depuis-le-debut-des-releves_6758653.html\">la plus chaude jamais enregistr\u00e9e au Japon<\/a>, selon l&rsquo;agence m\u00e9t\u00e9orologique nationale, sur fond de ph\u00e9nom\u00e8nes extr\u00eames se multipliant dans le monde en raison du changement climatique.<\/p>\n","protected":false},"excerpt":{"rendered":"<p>Au moins une personne est morte dans les flammes, qui ont aussi endommag\u00e9 plus de 80 b\u00e2timents.Ils ont ravag\u00e9 une surface record depuis 1992. Des feux de for\u00eat ont fait au moins un mort et provoqu\u00e9 l&rsquo;\u00e9vacuation de milliers d&rsquo;habitants dans le nord du Japon, ont annonc\u00e9 les autorit\u00e9s japonaises dimanche 2 mars. Depuis qu&rsquo;ils [&hellip;]<\/p>\n","protected":false},"author":2,"featured_media":33587,"comment_status":"open","ping_status":"open","sticky":false,"template":"","format":"standard","meta":{"_jetpack_memberships_contains_paid_content":false,"footnotes":"","jetpack_publicize_message":"","jetpack_publicize_feature_enabled":true,"jetpack_social_post_already_shared":true,"jetpack_social_options":{"image_generator_settings":{"template":"highway","enabled":true,"token":"eyJpbWciOiJodHRwczpcL1wvd3d3LmljZWFnZXR2LmNvbVwvcmFkaW9zaXRlXC93cC1jb250ZW50XC91cGxvYWRzXC8yMDI1XC8wM1wvRGVzLWZldXgtZGUtZm9yZXRzLXJlY29yZHMtZGFucy1sZS1ub3JkLWR1LUphcG9uLXByb3ZvcXVlbnQtbGV2YWN1YXRpb24tZGUtbWlsbGllcnMtZGhhYml0YW50cy5qcGciLCJ0eHQiOiJEZXMgZmV1eCBkZSBmb3JcdTAwZWF0cyByZWNvcmRzIGRhbnMgbGUgbm9yZCBkdSBKYXBvbiBwcm92b3F1ZW50IGwmIzgyMTc7XHUwMGU5dmFjdWF0aW9uIGRlIG1pbGxpZXJzIGQmIzgyMTc7aGFiaXRhbnRzIiwidGVtcGxhdGUiOiJoaWdod2F5IiwiYmxvZ19pZCI6MTExMDE2NDYxfQ.QBhnjOg1_J04p_bxbjP8ZYd90Bnhd6jF5gsqMXzN6ugMQ"},"version":2},"_wpas_customize_per_network":false},"categories":[14],"tags":[],"class_list":["post-33585","post","type-post","status-publish","format-standard","has-post-thumbnail","hentry","category-actu-meteo"],"jetpack_publicize_connections":[],"jetpack_featured_media_url":"https:\/\/i0.wp.com\/www.iceagetv.com\/radiosite\/wp-content\/uploads\/2025\/03\/Des-feux-de-forets-records-dans-le-nord-du-Japon-provoquent-levacuation-de-milliers-dhabitants.jpg?fit=858%2C511&ssl=1","jetpack_sharing_enabled":true,"_links":{"self":[{"href":"https:\/\/www.iceagetv.com\/radiosite\/wp-json\/wp\/v2\/posts\/33585","targetHints":{"allow":["GET"]}}],"collection":[{"href":"https:\/\/www.iceagetv.com\/radiosite\/wp-json\/wp\/v2\/posts"}],"about":[{"href":"https:\/\/www.iceagetv.com\/radiosite\/wp-json\/wp\/v2\/types\/post"}],"author":[{"embeddable":true,"href":"https:\/\/www.iceagetv.com\/radiosite\/wp-json\/wp\/v2\/users\/2"}],"replies":[{"embeddable":true,"href":"https:\/\/www.iceagetv.com\/radiosite\/wp-json\/wp\/v2\/comments?post=33585"}],"version-history":[{"count":1,"href":"https:\/\/www.iceagetv.com\/radiosite\/wp-json\/wp\/v2\/posts\/33585\/revisions"}],"predecessor-version":[{"id":33588,"href":"https:\/\/www.iceagetv.com\/radiosite\/wp-json\/wp\/v2\/posts\/33585\/revisions\/33588"}],"wp:featuredmedia":[{"embeddable":true,"href":"https:\/\/www.iceagetv.com\/radiosite\/wp-json\/wp\/v2\/media\/33587"}],"wp:attachment":[{"href":"https:\/\/www.iceagetv.com\/radiosite\/wp-json\/wp\/v2\/media?parent=33585"}],"wp:term":[{"taxonomy":"category","embeddable":true,"href":"https:\/\/www.iceagetv.com\/radiosite\/wp-json\/wp\/v2\/categories?post=33585"},{"taxonomy":"post_tag","embeddable":true,"href":"https:\/\/www.iceagetv.com\/radiosite\/wp-json\/wp\/v2\/tags?post=33585"}],"curies":[{"name":"wp","href":"https:\/\/api.w.org\/{rel}","templated":true}]}}