{"id":33592,"date":"2025-03-02T17:03:27","date_gmt":"2025-03-02T16:03:27","guid":{"rendered":"https:\/\/www.iceagetv.com\/radiosite\/?p=33592"},"modified":"2025-03-02T17:03:31","modified_gmt":"2025-03-02T16:03:31","slug":"apres-la-colere-une-edition-2025-apaisee-du-salon-de-lagriculture","status":"publish","type":"post","link":"https:\/\/www.iceagetv.com\/radiosite\/apres-la-colere-une-edition-2025-apaisee-du-salon-de-lagriculture\/","title":{"rendered":"Apr\u00e8s la col\u00e8re, une \u00e9dition 2025 apais\u00e9e du Salon de l&rsquo;Agriculture"},"content":{"rendered":"\n<p class=\"\">L&rsquo;\u00e9dition 2025 du Salon de l&rsquo;Agriculture s&rsquo;ach\u00e8ve ce dimanche, avec des organisateurs d&rsquo;ores et d\u00e9j\u00e0 satisfaits de l&rsquo;affluence et de la bonne tenue du&nbsp;Salon, dont le Maroc \u00e9tait l&rsquo;invit\u00e9 d&rsquo;honneur. Emmanuel Macron avait inaugur\u00e9 cette 61e \u00e9dition et des \u00e9lus et responsables politiques se sont succ\u00e9d\u00e9 dans les all\u00e9es.<\/p>\n\n\n\n<p class=\"\">Le\u00a0<a href=\"https:\/\/www.europe1.fr\/dossiers\/salon-de-lagriculture\" target=\"_blank\" rel=\"noreferrer noopener\">Salon\u00a0international de l&rsquo;Agriculture<\/a>\u00a0(SIA) ferme ses portes dimanche, au terme d&rsquo;une 61e \u00e9dition apais\u00e9e, contrastant nettement avec les tensions de l&rsquo;an dernier et l&rsquo;expression d&rsquo;une col\u00e8re profonde du monde agricole.Ils sont venus voir les taureaux de concours, monter dans la moissonneuse-batteuse, d\u00e9couvrir l&rsquo;ail de la Dr\u00f4me ou le rhum de Martinique&#8230; Des centaines de milliers de visiteurs ont parcouru les all\u00e9es de la plus grande ferme de France, install\u00e9e pendant neuf jours au Parc des expositions de la porte de Versailles \u00e0 Paris.<\/p>\n\n\n\n<h2 class=\"wp-block-heading\">Emmanuel Macron s&rsquo;est pos\u00e9 en d\u00e9fenseur des agriculteurs<\/h2>\n\n\n\n<p class=\"\">Un premier bilan chiffr\u00e9 de la fr\u00e9quentation sera donn\u00e9 dimanche soir, mais les organisateurs sont d&rsquo;ores et d\u00e9j\u00e0 satisfaits de l&rsquo;affluence et de la bonne tenue du\u00a0Salon, dont le Maroc \u00e9tait l&rsquo;invit\u00e9 d&rsquo;honneur.Apr\u00e8s les hu\u00e9es et les violences qui avaient entour\u00e9 la venue d&rsquo;Emmanuel Macron en 2024, en pleine mobilisation des agriculteurs pour demander un \u00ab\u00a0revenu d\u00e9cent\u00a0\u00bb et de la \u00ab\u00a0consid\u00e9ration\u00a0\u00bb, la d\u00e9ambulation pr\u00e9sidentielle a retrouv\u00e9 ses allures de marathon. Samedi dernier, il a arpent\u00e9 douze heures durant les all\u00e9es, sacrifiant au passage oblig\u00e9 devant le box de\u00a0<a href=\"https:\/\/www.europe1.fr\/culture\/oupette-elevee-dans-la-vienne-nouvelle-egerie-du-salon-de-lagriculture-471269\" target=\"_blank\" rel=\"noreferrer noopener\">Oupette, la vache Limousine \u00e9g\u00e9rie du\u00a0salon<\/a>.<a href=\"https:\/\/www.europe1.fr\/societe\/salon-de-lagriculture-2025-ce-quil-faut-retenir-du-premier-jour-et-de-la-visite-demmanuel-macron-535055\" target=\"_blank\" rel=\"noreferrer noopener\">Emmanuel Macron s&rsquo;est pos\u00e9 en d\u00e9fenseur des agriculteurs<\/a>, qui ne peuvent, a-t-il dit, \u00eatre \u00ab\u00a0la variable d&rsquo;ajustement\u00a0\u00bb du pouvoir d&rsquo;achat ou d&rsquo;accords commerciaux, comme celui r\u00e9cemment pass\u00e9 entre l&rsquo;Union europ\u00e9enne et des pays du Mercosur.Face \u00e0 des syndicats inquiets, le pr\u00e9sident s&rsquo;est engag\u00e9 \u00e0 tout faire \u00ab\u00a0pour prot\u00e9ger cette souverainet\u00e9 alimentaire fran\u00e7aise et europ\u00e9enne\u00a0\u00bb dans un monde instable o\u00f9 P\u00e9kin, Trump ou Poutine peuvent faire trembler les secteurs des vins, cognacs, fromages ou bl\u00e9s fran\u00e7ais. \u00ab\u00a0On est frapp\u00e9s, on va devoir r\u00e9agir\u00a0\u00bb, d\u00e9clarait quelques jours plus tard le commissaire europ\u00e9en \u00e0 l&rsquo;Agriculture Christopher Hansen en visite au&nbsp;Salon, apr\u00e8s la menace am\u00e9ricaine d&rsquo;imposer des droits de douane de 25% \u00e0 l&rsquo;Europe.<\/p>\n\n\n\n<h2 class=\"wp-block-heading\">\u00ab\u00a0La France doit produire plus pour manger mieux\u00a0\u00bb<\/h2>\n\n\n\n<p class=\"\">Apr\u00e8s le pr\u00e9sident Macron, c&rsquo;est aussi une vision de la souverainet\u00e9 alimentaire con\u00e7ue comme un \u00ab\u00a0r\u00e9armement\u00a0\u00bb qu&rsquo;a d\u00e9fendue la&nbsp;<a href=\"https:\/\/www.europe1.fr\/politique\/la-france-doit-produire-plus-pour-manger-mieux-affirme-la-ministre-de-lagriculture-564061\" target=\"_blank\" rel=\"noreferrer noopener\">ministre de l&rsquo;Agriculture Annie Genevard<\/a>&nbsp;: \u00ab\u00a0La France doit produire plus pour manger mieux (&#8230;), produire plus pour rester une puissance exportatrice\u00a0\u00bb.<\/p>\n\n\n\n<p class=\"\">Cette vision a largement satisfait le premier syndicat agricole FNSEA, comme son rival de la Coordination rurale, qui n&rsquo;ont de cesse de plaider pour moins de contraintes et de normes, et plus de \u00ab\u00a0moyens de production\u00a0\u00bb, notamment des pesticides et de l&rsquo;eau.Au contraire, la Conf\u00e9d\u00e9ration paysanne, le troisi\u00e8me syndicat agricole qui d\u00e9fend une \u00ab\u00a0r\u00e9elle transition agro\u00e9cologique\u00a0\u00bb, s&rsquo;est dite \u00ab\u00a0extr\u00eamement choqu\u00e9e\u00a0\u00bb. La position du gouvernement constitue, selon elle, un \u00ab\u00a0recul majeur\u00a0\u00bb sur les questions environnementales \u00ab\u00a0sans pour autant garantir des prix minimum\u00a0\u00bb aux agriculteurs.<\/p>\n\n\n\n<p class=\"\">En signe de protestation contre la possible r\u00e9introduction en France d&rsquo;un insecticide n\u00e9onicotino\u00efde, toxique pour les pollinisateurs, des militants de la Conf\u00e9d\u00e9ration ont d\u00e9vers\u00e9 vendredi des sacs d&rsquo;abeilles mortes sur le stand de Phyteis, lobby de l&rsquo;industrie des pesticides.<\/p>\n\n\n\n<h2 class=\"wp-block-heading\">\u00c9lus et responsables politiques se sont succ\u00e9d\u00e9 dans les all\u00e9es<\/h2>\n\n\n\n<p class=\"\">Soucieux de tourner la page de la col\u00e8re agricole, l&rsquo;ex\u00e9cutif a mis en avant les engagements \u00ab\u00a0honor\u00e9s\u00a0\u00bb depuis un an, avec notamment \u00ab\u00a0500 millions d&rsquo;euros d&rsquo;all\u00e9gement de charges fiscales\u00a0\u00bb, et la toute r\u00e9cente adoption de la loi d&rsquo;orientation agricole, attendue depuis trois ans par la profession. Si \u00ab\u00a0tous les probl\u00e8mes ne sont pas r\u00e9solus\u00a0\u00bb, le Premier ministre Fran\u00e7ois Bayrou a salu\u00e9 un \u00ab\u00a0climat tr\u00e8s positif\u00a0\u00bb.<\/p>\n\n\n\n<p class=\"\">Comme toujours, \u00e9lus et responsables politiques se sont succ\u00e9d\u00e9 dans les all\u00e9es. Le communiste\u00a0<a href=\"https:\/\/www.europe1.fr\/dossiers\/fabien-roussel\" target=\"_blank\" rel=\"noreferrer noopener\">Fabien Roussel<\/a>\u00a0a mang\u00e9 une t\u00eate de veau au petit-d\u00e9jeuner ; l&rsquo;\u00e9cologiste Marine Tondelier a pos\u00e9 avec un agneau sur les genoux ; l&rsquo;eurod\u00e9put\u00e9 d&rsquo;extr\u00eame droite et pr\u00e9sident du Rassemblement national\u00a0<a href=\"https:\/\/www.europe1.fr\/dossiers\/jordan-bardella\" target=\"_blank\" rel=\"noreferrer noopener\">Jordan Bardella<\/a>\u00a0a multipli\u00e9 les selfies.Le&nbsp;salon&nbsp;a aussi permis de renouer un \u00ab\u00a0dialogue\u00a0\u00bb entre l&rsquo;Office fran\u00e7ais de la biodiversit\u00e9 (OFB) et la Coordination rurale (CR), qui avait auparavant appel\u00e9 \u00e0 la suppression de cette police de l&rsquo;environnement. Mercredi, plateau in\u00e9dit : cinq patrons de la grande distribution, mais sans le leader du secteur E.Leclerc, ont pr\u00e9sent\u00e9 des \u00ab\u00a0engagements\u00a0\u00bb destin\u00e9s \u00e0 aider les agriculteurs sous l&rsquo;impulsion de l&rsquo;animatrice&nbsp;<a href=\"https:\/\/www.europe1.fr\/people\/karine-le-marchand-lance-un-incroyable-projet-qui-reunira-100-celibataires-238612\" target=\"_blank\" rel=\"noreferrer noopener\">Karine Le Marchand<\/a>.<\/p>\n\n\n\n<p class=\"\">Cette initiative a laiss\u00e9 sceptique le secteur agro-industriel, qui a ironis\u00e9 ou d\u00e9nonc\u00e9 un \u00ab\u00a0coup de communication\u00a0\u00bb, alors que parall\u00e8lement, le gouvernement regrettait \u00ab\u00a0une tension extr\u00eame\u00a0\u00bb dans la derni\u00e8re ligne droite des n\u00e9gociations commerciales entre la grande distribution et ses fournisseurs.<\/p>\n","protected":false},"excerpt":{"rendered":"<p>L&rsquo;\u00e9dition 2025 du Salon de l&rsquo;Agriculture s&rsquo;ach\u00e8ve ce dimanche, avec des organisateurs d&rsquo;ores et d\u00e9j\u00e0 satisfaits de l&rsquo;affluence et de la bonne tenue du&nbsp;Salon, dont le Maroc \u00e9tait l&rsquo;invit\u00e9 d&rsquo;honneur. Emmanuel Macron avait inaugur\u00e9 cette 61e \u00e9dition et des \u00e9lus et responsables politiques se sont succ\u00e9d\u00e9 dans les all\u00e9es. Le\u00a0Salon\u00a0international de l&rsquo;Agriculture\u00a0(SIA) ferme ses portes [&hellip;]<\/p>\n","protected":false},"author":2,"featured_media":33593,"comment_status":"open","ping_status":"open","sticky":false,"template":"","format":"standard","meta":{"_jetpack_memberships_contains_paid_content":false,"footnotes":"","jetpack_publicize_message":"","jetpack_publicize_feature_enabled":true,"jetpack_social_post_already_shared":true,"jetpack_social_options":{"image_generator_settings":{"template":"highway","enabled":true,"token":"eyJpbWciOiJodHRwczpcL1wvd3d3LmljZWFnZXR2LmNvbVwvcmFkaW9zaXRlXC93cC1jb250ZW50XC91cGxvYWRzXC8yMDI1XC8wM1wvdW5lLWVkaXRpb24tMjAyNS1hcGFpc2VlLWR1LVNhbG9uLWRlLWxBZ3JpY3VsdHVyZS5qcGciLCJ0eHQiOiJBcHJcdTAwZThzIGxhIGNvbFx1MDBlOHJlLCB1bmUgXHUwMGU5ZGl0aW9uIDIwMjUgYXBhaXNcdTAwZTllIGR1IFNhbG9uIGRlIGwmIzgyMTc7QWdyaWN1bHR1cmUiLCJ0ZW1wbGF0ZSI6ImhpZ2h3YXkiLCJibG9nX2lkIjoxMTEwMTY0NjF9.96MhizuursRy4nvE-RvUchBELdcWenOL26ksNELvnAAMQ"},"version":2},"_wpas_customize_per_network":false},"categories":[405],"tags":[],"class_list":["post-33592","post","type-post","status-publish","format-standard","has-post-thumbnail","hentry","category-actu-france-monde"],"jetpack_publicize_connections":[],"jetpack_featured_media_url":"https:\/\/i0.wp.com\/www.iceagetv.com\/radiosite\/wp-content\/uploads\/2025\/03\/une-edition-2025-apaisee-du-Salon-de-lAgriculture.jpg?fit=690%2C453&ssl=1","jetpack_sharing_enabled":true,"_links":{"self":[{"href":"https:\/\/www.iceagetv.com\/radiosite\/wp-json\/wp\/v2\/posts\/33592","targetHints":{"allow":["GET"]}}],"collection":[{"href":"https:\/\/www.iceagetv.com\/radiosite\/wp-json\/wp\/v2\/posts"}],"about":[{"href":"https:\/\/www.iceagetv.com\/radiosite\/wp-json\/wp\/v2\/types\/post"}],"author":[{"embeddable":true,"href":"https:\/\/www.iceagetv.com\/radiosite\/wp-json\/wp\/v2\/users\/2"}],"replies":[{"embeddable":true,"href":"https:\/\/www.iceagetv.com\/radiosite\/wp-json\/wp\/v2\/comments?post=33592"}],"version-history":[{"count":1,"href":"https:\/\/www.iceagetv.com\/radiosite\/wp-json\/wp\/v2\/posts\/33592\/revisions"}],"predecessor-version":[{"id":33594,"href":"https:\/\/www.iceagetv.com\/radiosite\/wp-json\/wp\/v2\/posts\/33592\/revisions\/33594"}],"wp:featuredmedia":[{"embeddable":true,"href":"https:\/\/www.iceagetv.com\/radiosite\/wp-json\/wp\/v2\/media\/33593"}],"wp:attachment":[{"href":"https:\/\/www.iceagetv.com\/radiosite\/wp-json\/wp\/v2\/media?parent=33592"}],"wp:term":[{"taxonomy":"category","embeddable":true,"href":"https:\/\/www.iceagetv.com\/radiosite\/wp-json\/wp\/v2\/categories?post=33592"},{"taxonomy":"post_tag","embeddable":true,"href":"https:\/\/www.iceagetv.com\/radiosite\/wp-json\/wp\/v2\/tags?post=33592"}],"curies":[{"name":"wp","href":"https:\/\/api.w.org\/{rel}","templated":true}]}}