{"id":3362,"date":"2015-11-19T08:58:01","date_gmt":"2015-11-19T08:58:01","guid":{"rendered":"http:\/\/www.iceagetv.com\/radiosite\/?p=3362"},"modified":"2015-11-19T12:46:52","modified_gmt":"2015-11-19T12:46:52","slug":"les-policiers-pourront-porter-leur-arme-hors-service","status":"publish","type":"post","link":"https:\/\/www.iceagetv.com\/radiosite\/les-policiers-pourront-porter-leur-arme-hors-service\/","title":{"rendered":"Saint-Denis: Abdelhamid Abaaoud, cerveau pr\u00e9sum\u00e9 des attentats, a bien \u00e9t\u00e9 tu\u00e9 dans l&rsquo;assaut"},"content":{"rendered":"<p>\n\tLe jihadiste &acirc;g&eacute; de 28 ans et soup&ccedil;onn&eacute; d&#39;avoir organis&eacute; les attentats de Paris a &eacute;t&eacute; tu&eacute; lors de l&#39;assaut &agrave; Saint-Denis. Il &eacute;tait la principale cible de l&#39;op&eacute;ration antiterroriste.\n<\/p>\n<p>\n\tLe doute planait depuis&nbsp;la fin de l&#39;assaut mercredi, &agrave; Saint-Denis, apr&egrave;s sept heures de si&egrave;ge et d&#39;&eacute;changes de tirs nourris. La confirmation officielle est tomb&eacute;e jeudi: Abdelhamid Abaaoud, 28 ans, jihadiste et cerveau pr&eacute;sum&eacute; des attentats &agrave; Paris, a bien &eacute;t&eacute; tu&eacute; dans l&#39;op&eacute;ration antiterroriste.\n<\/p>\n<p>\n\tIl a &eacute;t&eacute; formellement identifi&eacute; apr&egrave;s comparaison de traces papillaires, a-t-on appris aupr&egrave;s de sources proches du dossier.L&#39;information avait circul&eacute; d&egrave;s mercredi, dans les colonnes du&nbsp;Washington Post. Le quotidien am&eacute;ricain affirmait que le corps encore non identifi&eacute; et cribl&eacute; d&#39;impacts de balles et de grenade, retrouv&eacute; dans les d&eacute;combres de l&#39;immeuble par les policiers, &eacute;tait celui d&#39;Abdelhamid Abaaoud, citant deux hauts responsables europ&eacute;ens.\n<\/p>\n<p>\n\tRep&eacute;r&eacute; en France gr&acirc;ce &agrave; un t&eacute;moignage\n<\/p>\n<p>\n\tL&#39;assaut men&eacute; mercredi&nbsp;au petit matin par les policiers du RAID visait pr&eacute;cis&eacute;ment cet homme, que l&#39;on surnomme Abou Omar al-Baljiki (&quot;le Belge&quot; en arabe) au sein de l&#39;organisation Etat islamique. Il est soup&ccedil;onn&eacute; d&#39;&ecirc;tre l&#39;organisateur des plus sanglants attentats de l&#39;histoire fran&ccedil;aise, qui ont fait au moins 129 morts et 352 bless&eacute;s vendredi soir.\n<\/p>\n<p>\n\tTout laissait &agrave; penser qu&#39;il se trouvait actuellement en Syrie, dans les camps de l&#39;Etat islamique, avec son petit fr&egrave;re de 13 ans qu&#39;il a enr&ocirc;l&eacute; l&#39;ann&eacute;e derni&egrave;re. Mais un t&eacute;moignage recueilli lundi par les enqu&ecirc;teurs a fait &eacute;tat de sa &quot;pr&eacute;sence sur le territoire fran&ccedil;ais&quot;, a pr&eacute;cis&eacute; Fran&ccedil;ois Molins, magistrat en charge de l&#39;enqu&ecirc;te.&nbsp;Ce t&eacute;moignage, &quot;qui a fait l&#39;objet de nombreuses v&eacute;rifications t&eacute;l&eacute;phoniques et bancaires&quot;, a abouti &agrave; l&#39;assaut contre l&#39;appartement de Saint-Denis.\n<\/p>\n<p>\n\tUne organisation m&eacute;ticuleuse\n<\/p>\n<p>\n\tLes attaques de Paris ont fait l&#39;objet d&#39;une pr&eacute;paration minutieuse. Fran&ccedil;ois Molins a donn&eacute; deux &eacute;l&eacute;ments qui en attestent: la veille des attaques, les trois voitures utilis&eacute;es par les commandos arrivent &quot;quasiment en convoi depuis la Belgique &agrave; dix minutes d&#39;intervalle&quot;.\n<\/p>\n<p>\n\tD&eacute;clench&eacute;es en &agrave; peine plus d&#39;une demi-heure,&nbsp;les attaques ont &eacute;t&eacute; pr&eacute;cis&eacute;ment minut&eacute;es et orchestr&eacute;es, comme en atteste le SMS gla&ccedil;ant envoy&eacute; d&#39;un portable retrouv&eacute; pr&egrave;s du Bataclan et utilis&eacute; par le commando: &quot;On est parti, on commence&quot;. Autre &eacute;l&eacute;ment: la d&eacute;termination guerri&egrave;re et meurtri&egrave;re de ce commando, d&eacute;montr&eacute;e le 13 novembre et confirm&eacute;e par la violence des combats de Saint-Denis: ce ne sont pas moins de 5.000 munitions qu&#39;ont d&ucirc; tirer les 110 policiers qui ont donn&eacute; l&#39;assaut.<\/p>\n","protected":false},"excerpt":{"rendered":"<p>Le jihadiste &acirc;g&eacute; de 28 ans et soup&ccedil;onn&eacute; d&#39;avoir organis&eacute; les attentats de Paris a &eacute;t&eacute; tu&eacute; lors de l&#39;assaut &agrave; Saint-Denis. Il &eacute;tait la principale cible de l&#39;op&eacute;ration antiterroriste. Le doute planait depuis&nbsp;la fin de l&#39;assaut mercredi, &agrave; Saint-Denis, apr&egrave;s sept heures de si&egrave;ge et d&#39;&eacute;changes de tirs nourris. La confirmation officielle est tomb&eacute;e [&hellip;]<\/p>\n","protected":false},"author":2,"featured_media":3363,"comment_status":"open","ping_status":"open","sticky":false,"template":"","format":"standard","meta":{"_jetpack_memberships_contains_paid_content":false,"footnotes":"","jetpack_publicize_message":"","jetpack_publicize_feature_enabled":true,"jetpack_social_post_already_shared":false,"jetpack_social_options":{"image_generator_settings":{"template":"highway","default_image_id":0,"font":"","enabled":false},"version":2},"_wpas_customize_per_network":false},"categories":[405],"tags":[766],"class_list":["post-3362","post","type-post","status-publish","format-standard","has-post-thumbnail","hentry","category-actu-france-monde","tag-saint-denis"],"jetpack_publicize_connections":[],"jetpack_featured_media_url":"https:\/\/i0.wp.com\/www.iceagetv.com\/radiosite\/wp-content\/uploads\/2015\/11\/20151119PHOWWW00066.jpg?fit=805%2C453&ssl=1","jetpack_sharing_enabled":true,"_links":{"self":[{"href":"https:\/\/www.iceagetv.com\/radiosite\/wp-json\/wp\/v2\/posts\/3362","targetHints":{"allow":["GET"]}}],"collection":[{"href":"https:\/\/www.iceagetv.com\/radiosite\/wp-json\/wp\/v2\/posts"}],"about":[{"href":"https:\/\/www.iceagetv.com\/radiosite\/wp-json\/wp\/v2\/types\/post"}],"author":[{"embeddable":true,"href":"https:\/\/www.iceagetv.com\/radiosite\/wp-json\/wp\/v2\/users\/2"}],"replies":[{"embeddable":true,"href":"https:\/\/www.iceagetv.com\/radiosite\/wp-json\/wp\/v2\/comments?post=3362"}],"version-history":[{"count":3,"href":"https:\/\/www.iceagetv.com\/radiosite\/wp-json\/wp\/v2\/posts\/3362\/revisions"}],"predecessor-version":[{"id":3371,"href":"https:\/\/www.iceagetv.com\/radiosite\/wp-json\/wp\/v2\/posts\/3362\/revisions\/3371"}],"wp:featuredmedia":[{"embeddable":true,"href":"https:\/\/www.iceagetv.com\/radiosite\/wp-json\/wp\/v2\/media\/3363"}],"wp:attachment":[{"href":"https:\/\/www.iceagetv.com\/radiosite\/wp-json\/wp\/v2\/media?parent=3362"}],"wp:term":[{"taxonomy":"category","embeddable":true,"href":"https:\/\/www.iceagetv.com\/radiosite\/wp-json\/wp\/v2\/categories?post=3362"},{"taxonomy":"post_tag","embeddable":true,"href":"https:\/\/www.iceagetv.com\/radiosite\/wp-json\/wp\/v2\/tags?post=3362"}],"curies":[{"name":"wp","href":"https:\/\/api.w.org\/{rel}","templated":true}]}}