{"id":33622,"date":"2025-03-03T18:29:51","date_gmt":"2025-03-03T17:29:51","guid":{"rendered":"https:\/\/www.iceagetv.com\/radiosite\/?p=33622"},"modified":"2025-03-03T18:29:56","modified_gmt":"2025-03-03T17:29:56","slug":"nouveau-report-du-premier-lancement-commercial-de-la-fusee-ariane-6","status":"publish","type":"post","link":"https:\/\/www.iceagetv.com\/radiosite\/nouveau-report-du-premier-lancement-commercial-de-la-fusee-ariane-6\/","title":{"rendered":"Nouveau report du premier lancement commercial de la fus\u00e9e Ariane 6"},"content":{"rendered":"\n<p class=\"\">Nouveau report, de derni\u00e8re minute: la fus\u00e9e Ariane 6 qui devait emporter dans l&rsquo;espace un satellite militaire fran\u00e7ais pour sa premi\u00e8re mission commerciale ne d\u00e9collera pas lundi en raison d&rsquo;une \u00ab\u00a0anomalie au sol\u00a0\u00bb.<\/p>\n\n\n\n<p class=\"\">\u00ab\u00a0La seule d\u00e9cision possible maintenant est de repousser le lancement\u00a0\u00bb qui \u00ab\u00a0n&rsquo;aura pas lieu aujourd&rsquo;hui\u00a0\u00bb, a d\u00e9clar\u00e9 le patron d&rsquo;Arianespace David Cavaillol\u00e8s, trente minutes avant le d\u00e9collage pr\u00e9vu \u00e0 16h24 GMT.<\/p>\n\n\n\n<p class=\"\">\u00ab\u00a0Je n&rsquo;ai pas de doute que nous repartirons en vol prochainement\u00a0\u00bb, a-t-il ajout\u00e9.<\/p>\n\n\n\n<p class=\"\">Initialement pr\u00e9vu en d\u00e9cembre, la mission a \u00e9t\u00e9 report\u00e9e au 26 f\u00e9vrier, puis \u00e0 lundi, une pratique courante dans le secteur spatial.<\/p>\n\n\n\n<p class=\"\">\u00ab\u00a0Tous les lancements sont \u00e0 risques\u00a0\u00bb, avait d\u00e9clar\u00e9 la semaine derni\u00e8re \u00e0 l&rsquo;AFP Lionel Suchet, PDG par int\u00e9rim du Cnes, agence spatiale fran\u00e7aise.<\/p>\n\n\n\n<p class=\"\">\u00ab\u00a0Quels que soient le passager (le satellite embarqu\u00e9, NDLR) ou la maturit\u00e9 du lanceur, c&rsquo;est toujours quelque chose de compliqu\u00e9 et de d\u00e9licat qui peut tr\u00e8s rapidement mal se terminer\u00a0\u00bb, avait pour sa part pr\u00e9venu Carine Leveau, directrice du transport spatial au Cnes.<\/p>\n\n\n\n<p class=\"\">Dans la nuit de dimanche \u00e0 lundi, le portique a \u00e9t\u00e9 retir\u00e9 et Ariane 6 s&rsquo;est d\u00e9voil\u00e9e sur son pas de tir \u00e0 Kourou.<\/p>\n\n\n\n<p class=\"\">Cette mission, hautement symbolique, vise \u00e0 sceller la souverainet\u00e9 retrouv\u00e9e de l&rsquo;Europe spatiale dans un contexte du rapprochement entre les Etats-Unis et la Russie.<\/p>\n\n\n\n<p class=\"\">Les turbulences g\u00e9opolitiques \u00e9taient lundi dans tous les esprits.<\/p>\n\n\n\n<p class=\"\">\u00ab\u00a0Nous devons \u00eatre unis\u00a0\u00bb, avait lanc\u00e9 le nouveau patron d&rsquo;Arianespace David Cavaillol\u00e8s \u00e0 l&rsquo;intention des alli\u00e9s europ\u00e9ens, au cours d&rsquo;une conf\u00e9rence de presse \u00e0 Kourou avant le report du lancement, en soulignant l&rsquo;importance de \u00ab\u00a0ne d\u00e9pendre de personne\u00a0\u00bb pour le lancement des satellites \u00ab\u00a0dans le monde d&rsquo;aujourd&rsquo;hui\u00a0\u00bb.<\/p>\n\n\n\n<h2 class=\"wp-block-heading\">\u00ab\u00a0Garder notre place\u00a0\u00bb<\/h2>\n\n\n\n<p class=\"\">Face \u00e0 l&rsquo;entr\u00e9e dans le gouvernement am\u00e9ricain d&rsquo;Elon Musk, qui domine d\u00e9j\u00e0 l&rsquo;espace avec son entreprise SpaceX, et au rapprochement am\u00e9ricain avec la Russie, cette mission rev\u00eat une importance strat\u00e9gique.L&rsquo;Europe doit assurer sa propre s\u00e9curit\u00e9\u00a0\u00bb, a soulign\u00e9 le directeur du transport spatial de l&rsquo;Agence spatiale europ\u00e9enne, Toni Tolker-Nielsen, en insistant sur la n\u00e9cessit\u00e9 de viser plus de lancements annuels avec Ariane 6, jusqu&rsquo;\u00e0 12, contre cinq pr\u00e9vus cette ann\u00e9e.<\/p>\n\n\n\n<p class=\"\">Philippe Baptiste, ministre de la Recherche et ancien patron du Cnes, a dit s&rsquo;attendre \u00e0 \u00ab\u00a0des coups de boutoir\u00a0\u00bb pour les lanceurs et les satellites de la part d&rsquo;Elon Musk, qui a d\u00e9j\u00e0 chamboul\u00e9 l&rsquo;environnement spatial avec SpaceX et a renforc\u00e9 sa puissance en devenant un membre \u00e9minent de l&rsquo;administration de Donald Trump.<\/p>\n\n\n\n<p class=\"\">Dans ce contexte, \u00ab\u00a0le concept d&rsquo;autonomie strat\u00e9gique, un temps moqu\u00e9 comme une lubie fran\u00e7aise, est au c\u0153ur de l&rsquo;Europe de demain\u00a0\u00bb, a-t-il d\u00e9clar\u00e9 dans une interview \u00e0 La Tribune.<\/p>\n\n\n\n<p class=\"\">\u00ab\u00a0Le nombre de lancements a explos\u00e9, non seulement am\u00e9ricains, mais aussi chinois. Nous devons garder notre place\u00a0\u00bb, a fait valoir \u00e0 Kourou le g\u00e9n\u00e9ral J\u00e9r\u00f4me Bellanger, chef de l&rsquo;Etat-major de l&rsquo;arm\u00e9e de l&rsquo;air et de l&rsquo;espace.<\/p>\n\n\n\n<h2 class=\"wp-block-heading\">Cinq satellites pour l&rsquo;Europe<\/h2>\n\n\n\n<p class=\"\">Le satellite CSO-3 (pour \u00ab\u00a0composante spatiale optique\u00a0\u00bb), qui sera plac\u00e9 sur une orbite \u00e0 800 kilom\u00e8tres, va compl\u00e9ter la mini-constellation de surveillance de la Terre pour le minist\u00e8re fran\u00e7ais de la D\u00e9fense et am\u00e9liorera ses capacit\u00e9s de renseignement.<\/p>\n\n\n\n<p class=\"\">Il attend depuis 2022 d&rsquo;\u00eatre lanc\u00e9; les deux premiers satellites CSO-1 et CSO-2 d\u00e9j\u00e0 positionn\u00e9s avaient \u00e9t\u00e9 envoy\u00e9s en 2018 et 2020 par des Soyouz russes.En Europe, seules la France et l&rsquo;Italie disposent de satellites militaires (respectivement cinq optiques avec celui qui doit \u00eatre lanc\u00e9 et deux radars), a d\u00e9taill\u00e9 pour l&rsquo;AFP Bertrand Denis, vice-pr\u00e9sident charg\u00e9 de l&rsquo;observation de la Terre de la coentreprise franco-italienne Thales Alenia Space, qui fabrique l&rsquo;instrument optique pour les CSO.<\/p>\n\n\n\n<p class=\"\">Les Etats-Unis comme la Chine comptent \u00ab\u00a0des centaines\u00a0\u00bb de satellites militaires ou civils et militaires, a dit \u00e0 l&rsquo;AFP Philippe Steininger, auteur du livre \u00ab\u00a0R\u00e9volutions spatiales\u00a0\u00bb et consultant du Cnes.<\/p>\n\n\n\n<p class=\"\">Apr\u00e8s le vol inaugural r\u00e9ussi d&rsquo;Ariane 6 en juillet, un an apr\u00e8s le dernier vol d&rsquo;Ariane 5, ce premier lancement embarquant un satellite commercial doit s\u00e9curiser l&rsquo;acc\u00e8s autonome de l&rsquo;Europe \u00e0 l&rsquo;espace dont elle a \u00e9t\u00e9 priv\u00e9e pendant plusieurs mois, ne pouvant plus disposer de Soyouz depuis l&rsquo;invasion de l&rsquo;Ukraine en 2022.<\/p>\n\n\n\n<p class=\"\">L&rsquo;autre fus\u00e9e europ\u00e9enne l\u00e9g\u00e8re, Vega-C, n&rsquo;a repris les vols qu&rsquo;en d\u00e9cembre 2024, apr\u00e8s avoir \u00e9t\u00e9 immobilis\u00e9e pendant deux ans dans la foul\u00e9e d&rsquo;un accident ayant entra\u00een\u00e9 la perte de satellites.<\/p>\n","protected":false},"excerpt":{"rendered":"<p>Nouveau report, de derni\u00e8re minute: la fus\u00e9e Ariane 6 qui devait emporter dans l&rsquo;espace un satellite militaire fran\u00e7ais pour sa premi\u00e8re mission commerciale ne d\u00e9collera pas lundi en raison d&rsquo;une \u00ab\u00a0anomalie au sol\u00a0\u00bb. \u00ab\u00a0La seule d\u00e9cision possible maintenant est de repousser le lancement\u00a0\u00bb qui \u00ab\u00a0n&rsquo;aura pas lieu aujourd&rsquo;hui\u00a0\u00bb, a d\u00e9clar\u00e9 le patron d&rsquo;Arianespace David Cavaillol\u00e8s, [&hellip;]<\/p>\n","protected":false},"author":2,"featured_media":33623,"comment_status":"open","ping_status":"open","sticky":false,"template":"","format":"standard","meta":{"_jetpack_memberships_contains_paid_content":false,"footnotes":"","jetpack_publicize_message":"","jetpack_publicize_feature_enabled":true,"jetpack_social_post_already_shared":true,"jetpack_social_options":{"image_generator_settings":{"template":"highway","enabled":true,"token":"eyJpbWciOiJodHRwczpcL1wvd3d3LmljZWFnZXR2LmNvbVwvcmFkaW9zaXRlXC93cC1jb250ZW50XC91cGxvYWRzXC8yMDI1XC8wM1wvTm91dmVhdS1yZXBvcnQtZHUtcHJlbWllci1sYW5jZW1lbnQtY29tbWVyY2lhbC1kZS1sYS1mdXNlZS1BcmlhbmUtNi5qcGciLCJ0eHQiOiJOb3V2ZWF1IHJlcG9ydCBkdSBwcmVtaWVyIGxhbmNlbWVudCBjb21tZXJjaWFsIGRlIGxhIGZ1c1x1MDBlOWUgQXJpYW5lIDYiLCJ0ZW1wbGF0ZSI6ImhpZ2h3YXkiLCJibG9nX2lkIjoxMTEwMTY0NjF9.sj4VNmEmPQfb2U2lb3ztfdyBD5m6Y-2q-Q7Nev05HtYMQ"},"version":2},"_wpas_customize_per_network":false},"categories":[14],"tags":[],"class_list":["post-33622","post","type-post","status-publish","format-standard","has-post-thumbnail","hentry","category-actu-meteo"],"jetpack_publicize_connections":[],"jetpack_featured_media_url":"https:\/\/i0.wp.com\/www.iceagetv.com\/radiosite\/wp-content\/uploads\/2025\/03\/Nouveau-report-du-premier-lancement-commercial-de-la-fusee-Ariane-6.jpg?fit=669%2C346&ssl=1","jetpack_sharing_enabled":true,"_links":{"self":[{"href":"https:\/\/www.iceagetv.com\/radiosite\/wp-json\/wp\/v2\/posts\/33622","targetHints":{"allow":["GET"]}}],"collection":[{"href":"https:\/\/www.iceagetv.com\/radiosite\/wp-json\/wp\/v2\/posts"}],"about":[{"href":"https:\/\/www.iceagetv.com\/radiosite\/wp-json\/wp\/v2\/types\/post"}],"author":[{"embeddable":true,"href":"https:\/\/www.iceagetv.com\/radiosite\/wp-json\/wp\/v2\/users\/2"}],"replies":[{"embeddable":true,"href":"https:\/\/www.iceagetv.com\/radiosite\/wp-json\/wp\/v2\/comments?post=33622"}],"version-history":[{"count":1,"href":"https:\/\/www.iceagetv.com\/radiosite\/wp-json\/wp\/v2\/posts\/33622\/revisions"}],"predecessor-version":[{"id":33624,"href":"https:\/\/www.iceagetv.com\/radiosite\/wp-json\/wp\/v2\/posts\/33622\/revisions\/33624"}],"wp:featuredmedia":[{"embeddable":true,"href":"https:\/\/www.iceagetv.com\/radiosite\/wp-json\/wp\/v2\/media\/33623"}],"wp:attachment":[{"href":"https:\/\/www.iceagetv.com\/radiosite\/wp-json\/wp\/v2\/media?parent=33622"}],"wp:term":[{"taxonomy":"category","embeddable":true,"href":"https:\/\/www.iceagetv.com\/radiosite\/wp-json\/wp\/v2\/categories?post=33622"},{"taxonomy":"post_tag","embeddable":true,"href":"https:\/\/www.iceagetv.com\/radiosite\/wp-json\/wp\/v2\/tags?post=33622"}],"curies":[{"name":"wp","href":"https:\/\/api.w.org\/{rel}","templated":true}]}}