{"id":33625,"date":"2025-03-03T19:25:23","date_gmt":"2025-03-03T18:25:23","guid":{"rendered":"https:\/\/www.iceagetv.com\/radiosite\/?p=33625"},"modified":"2025-03-03T19:25:27","modified_gmt":"2025-03-03T18:25:27","slug":"le-pape-francois-victime-de-deux-crises-respiratoires-aigues-a-la-polyclinique-gemelli-de-rome-ou-il-est-hospitalise-pour-une-double-pneumonie-annonce-ce-soir-le-vatican","status":"publish","type":"post","link":"https:\/\/www.iceagetv.com\/radiosite\/le-pape-francois-victime-de-deux-crises-respiratoires-aigues-a-la-polyclinique-gemelli-de-rome-ou-il-est-hospitalise-pour-une-double-pneumonie-annonce-ce-soir-le-vatican\/","title":{"rendered":"Le pape Fran\u00e7ois victime de deux crises respiratoires aigu\u00ebs\u00a0\u00bb \u00e0 la polyclinique Gemelli de Rome o\u00f9 il est hospitalis\u00e9 pour une double pneumonie , annonce ce soir le Vatican"},"content":{"rendered":"\n<p class=\"\">Le pape Fran\u00e7ois a \u00e9t\u00e9 victime de deux crises respiratoires \u00ab aigu\u00ebs \u00bb ce lundi, annonce le Vatican dans un communiqu\u00e9. Il est hospitalis\u00e9 depuis le 14 f\u00e9vrier \u00e0 la polyclinique Gemelli de Rome pour une double pneumonie<\/p>\n","protected":false},"excerpt":{"rendered":"<p>Le pape Fran\u00e7ois a \u00e9t\u00e9 victime de deux crises respiratoires \u00ab aigu\u00ebs \u00bb ce lundi, annonce le Vatican dans un communiqu\u00e9. Il est hospitalis\u00e9 depuis le 14 f\u00e9vrier \u00e0 la polyclinique Gemelli de Rome pour une double pneumonie<\/p>\n","protected":false},"author":2,"featured_media":33626,"comment_status":"open","ping_status":"open","sticky":false,"template":"","format":"standard","meta":{"_jetpack_memberships_contains_paid_content":false,"footnotes":"","jetpack_publicize_message":"","jetpack_publicize_feature_enabled":true,"jetpack_social_post_already_shared":true,"jetpack_social_options":{"image_generator_settings":{"template":"highway","enabled":true,"token":"eyJpbWciOiJodHRwczpcL1wvd3d3LmljZWFnZXR2LmNvbVwvcmFkaW9zaXRlXC93cC1jb250ZW50XC91cGxvYWRzXC8yMDI1XC8wM1wvcGFwZV9mcmFuY29pc19kZGZfMC5qcGciLCJ0eHQiOiJMZSBwYXBlIEZyYW5cdTAwZTdvaXMgdmljdGltZSBkZSBkZXV4IGNyaXNlcyByZXNwaXJhdG9pcmVzIGFpZ3VcdTAwZWJzJiM4MjIxOyBcdTAwZTAgbGEgcG9seWNsaW5pcXVlIEdlbWVsbGkgZGUgUm9tZSBvXHUwMGY5IGlsIGVzdCBob3NwaXRhbGlzXHUwMGU5IHBvdXIgdW5lIGRvdWJsZSBwbmV1bW9uaWUgLCBhbm5vbmNlIGNlIHNvaXIgbGUgVmF0aWNhbiIsInRlbXBsYXRlIjoiaGlnaHdheSIsImJsb2dfaWQiOjExMTAxNjQ2MX0.JFQSTo-AOnwBjFq5-B_7fTuj_y70YU3koPhcWnMVQWcMQ"},"version":2},"_wpas_customize_per_network":false},"categories":[405],"tags":[],"class_list":["post-33625","post","type-post","status-publish","format-standard","has-post-thumbnail","hentry","category-actu-france-monde"],"jetpack_publicize_connections":[],"jetpack_featured_media_url":"https:\/\/i0.wp.com\/www.iceagetv.com\/radiosite\/wp-content\/uploads\/2025\/03\/pape_francois_ddf_0.jpg?fit=680%2C294&ssl=1","jetpack_sharing_enabled":true,"_links":{"self":[{"href":"https:\/\/www.iceagetv.com\/radiosite\/wp-json\/wp\/v2\/posts\/33625","targetHints":{"allow":["GET"]}}],"collection":[{"href":"https:\/\/www.iceagetv.com\/radiosite\/wp-json\/wp\/v2\/posts"}],"about":[{"href":"https:\/\/www.iceagetv.com\/radiosite\/wp-json\/wp\/v2\/types\/post"}],"author":[{"embeddable":true,"href":"https:\/\/www.iceagetv.com\/radiosite\/wp-json\/wp\/v2\/users\/2"}],"replies":[{"embeddable":true,"href":"https:\/\/www.iceagetv.com\/radiosite\/wp-json\/wp\/v2\/comments?post=33625"}],"version-history":[{"count":1,"href":"https:\/\/www.iceagetv.com\/radiosite\/wp-json\/wp\/v2\/posts\/33625\/revisions"}],"predecessor-version":[{"id":33627,"href":"https:\/\/www.iceagetv.com\/radiosite\/wp-json\/wp\/v2\/posts\/33625\/revisions\/33627"}],"wp:featuredmedia":[{"embeddable":true,"href":"https:\/\/www.iceagetv.com\/radiosite\/wp-json\/wp\/v2\/media\/33626"}],"wp:attachment":[{"href":"https:\/\/www.iceagetv.com\/radiosite\/wp-json\/wp\/v2\/media?parent=33625"}],"wp:term":[{"taxonomy":"category","embeddable":true,"href":"https:\/\/www.iceagetv.com\/radiosite\/wp-json\/wp\/v2\/categories?post=33625"},{"taxonomy":"post_tag","embeddable":true,"href":"https:\/\/www.iceagetv.com\/radiosite\/wp-json\/wp\/v2\/tags?post=33625"}],"curies":[{"name":"wp","href":"https:\/\/api.w.org\/{rel}","templated":true}]}}