{"id":33636,"date":"2025-03-04T16:01:44","date_gmt":"2025-03-04T15:01:44","guid":{"rendered":"https:\/\/www.iceagetv.com\/radiosite\/?p=33636"},"modified":"2025-03-04T16:01:47","modified_gmt":"2025-03-04T15:01:47","slug":"apres-avoir-souffert-de-deux-crises-respiratoires-aigues-hier-le-pape-francois-hospitalise-a-rome-depuis-le-14-fevrier-pour-une-pneumonie-respire-desormais-sans-masque-indique-le-vatican","status":"publish","type":"post","link":"https:\/\/www.iceagetv.com\/radiosite\/apres-avoir-souffert-de-deux-crises-respiratoires-aigues-hier-le-pape-francois-hospitalise-a-rome-depuis-le-14-fevrier-pour-une-pneumonie-respire-desormais-sans-masque-indique-le-vatican\/","title":{"rendered":"Apr\u00e8s avoir souffert de deux crises respiratoires aigu\u00ebs hier, le pape Fran\u00e7ois, hospitalis\u00e9 \u00e0 Rome depuis le 14 f\u00e9vrier pour une pneumonie, respire d\u00e9sormais sans masque, indique le Vatican"},"content":{"rendered":"\n<p class=\"\">Le pape Fran\u00e7ois, hospitalis\u00e9 \u00e0 Rome depuis le 14 f\u00e9vrier pour une pneumonie, respirait sans masque mardi apr\u00e8s avoir souffert de deux crises respiratoires aigu\u00ebs la veille, a indiqu\u00e9 le Vatican. Chef de l&rsquo;Eglise catholique depuis 2013, le pape argentin de 88 ans a \u00ab\u00a0dormi toute la nuit et continue \u00e0 se reposer\u00a0\u00bb, apr\u00e8s la crise de lundi, a indiqu\u00e9 le Vatican dans un communiqu\u00e9.<\/p>\n\n\n\n<p class=\"\">La salle de presse du Saint-Si\u00e8ge a pr\u00e9cis\u00e9 plus tard que le pape \u00e9tait pass\u00e9 d&rsquo;un masque \u00e0 une simple canule par laquelle il re\u00e7oit de l&rsquo;oxyg\u00e8ne \u00e0 haut d\u00e9bit,et qu&rsquo;il poursuivait son traitement et sa physioth\u00e9rapie respiratoire. Aucune visite n&rsquo;\u00e9tait pr\u00e9vue mardi, selon la m\u00eame source.<\/p>\n\n\n\n<p class=\"\">Aucune indication n&rsquo;a \u00e9t\u00e9 fournie sur la dur\u00e9e de cette hospitalisation, la plus longue depuis son \u00e9lection en 2013.<\/p>\n\n\n\n<p class=\"\">Selon un dernier bulletin de sant\u00e9 alarmant publi\u00e9 lundi soir, le pape \u00ab\u00a0a pr\u00e9sent\u00e9 deux \u00e9pisodes d&rsquo;insuffisance respiratoire aigu\u00eb, caus\u00e9s par une accumulation importante de mucus endobronchique et un bronchospasme cons\u00e9cutif\u00a0\u00bb. Deux bronchoscopies ont \u00e9t\u00e9 r\u00e9alis\u00e9es avec la n\u00e9cessit\u00e9 d&rsquo;aspirer d&rsquo;abondantes s\u00e9cr\u00e9tions. Dans l&rsquo;apr\u00e8s-midi, la ventilation m\u00e9canique non invasive (par masque \u00e0 oxyg\u00e8ne, ndlr) a \u00e9t\u00e9 reprise.<\/p>\n\n\n\n<p class=\"\">Si, dans le bulletin quotidien communiqu\u00e9 par le Vatican, ses m\u00e9decins ont pu faire ponctuellement \u00e9tat d&rsquo;une am\u00e9lioration, Fran\u00e7ois a aussi connu plusieurs alertes depuis son hospitalisation, initialement pour une bronchite. Il a d&rsquo;abord subi le 22 f\u00e9vrier \u00ab\u00a0une crise asthmatique prolong\u00e9e\u00a0\u00bb qui l&rsquo;a contraint \u00e0 recevoir de l&rsquo;oxyg\u00e8ne \u00e0 haut d\u00e9bit via des canules nasales, puis le 28 f\u00e9vrier \u00ab\u00a0une crise isol\u00e9e de bronchospasme qui a entra\u00een\u00e9 un \u00e9pisode de vomissement avec inhalation et une soudaine aggravation de son \u00e9tat respiratoire\u00a0\u00bb.<\/p>\n\n\n\n<p class=\"\">Lundi, le Vatican a soulign\u00e9 que le pape \u00e9tait \u00ab\u00a0toujours rest\u00e9 alerte, orient\u00e9 et coop\u00e9ratif\u00a0\u00bb lors de cette nouvelle crise. \u00ab\u00a0Il y a des hauts et des bas\u00a0\u00bb, a reconnu une source vaticane. Interrog\u00e9 par l&rsquo;AFP, Herv\u00e9 Pegliasco, responsable de la pneumologie \u00e0 l&rsquo;h\u00f4pital europ\u00e9en de Marseille, souligne qu'\u00a0\u00bbune infection bronchopulmonaire bilat\u00e9rale \u00e0 88 ans, c&rsquo;est grave\u00a0\u00bb. \u00ab\u00a0Il y a un ph\u00e9nom\u00e8ne d&rsquo;\u00e9puisement, parce qu&rsquo;il est oblig\u00e9 de faire des efforts beaucoup plus importants pour respirer\u00a0\u00bb, explique-t-il. Un diagnostic confirm\u00e9 par Bruno Crestani, chef du service de pneumologie de l&rsquo;h\u00f4pital Bichat \u00e0 Paris : \u00ab\u00a0\u00c0 88 ans, \u00eatre \u00e0 l&rsquo;h\u00f4pital depuis deux semaines et avoir des \u00e9pisodes de g\u00eane respiratoire \u00e0 r\u00e9p\u00e9tition, c&rsquo;est tr\u00e8s mauvais signe\u00a0\u00bb.<\/p>\n\n\n\n<p class=\"\">Depuis son appartement m\u00e9dicalis\u00e9, situ\u00e9 au 10e \u00e9tage de l&rsquo;h\u00f4pital Gemelli, le pape re\u00e7oit malgr\u00e9 tout ses plus proches collaborateurs et poursuit son travail les jours o\u00f9 son \u00e9tat le permet. Il a notamment re\u00e7u \u00e0 deux reprises la visite de son secr\u00e9taire d&rsquo;\u00c9tat, le cardinal italien Pietro Parolin, et d&rsquo;Edgar Pe\u00f1a Parra, respectivement N\u00b02 et N\u00b03 du Saint-Si\u00e8ge.<\/p>\n\n\n\n<p class=\"\">Il a, entre autres, subi des op\u00e9rations du c\u00f4lon et de l&rsquo;abdomen<\/p>\n\n\n\n<p class=\"\">L&rsquo;hospitalisation du souverain pontife intervient alors qu&rsquo;il a d\u00e9j\u00e0 \u00e9t\u00e9 affaibli par une s\u00e9rie de probl\u00e8mes ces derni\u00e8res ann\u00e9es: il a, entre autres, subi des op\u00e9rations du c\u00f4lon et de l&rsquo;abdomen et connu des difficult\u00e9s \u00e0 marcher. En surpoids, il souffre de douleurs au genou qui le contraignent \u00e0 se d\u00e9placer en fauteuil roulant depuis 2022.<\/p>\n","protected":false},"excerpt":{"rendered":"<p>Le pape Fran\u00e7ois, hospitalis\u00e9 \u00e0 Rome depuis le 14 f\u00e9vrier pour une pneumonie, respirait sans masque mardi apr\u00e8s avoir souffert de deux crises respiratoires aigu\u00ebs la veille, a indiqu\u00e9 le Vatican. Chef de l&rsquo;Eglise catholique depuis 2013, le pape argentin de 88 ans a \u00ab\u00a0dormi toute la nuit et continue \u00e0 se reposer\u00a0\u00bb, apr\u00e8s la [&hellip;]<\/p>\n","protected":false},"author":2,"featured_media":33637,"comment_status":"open","ping_status":"open","sticky":false,"template":"","format":"standard","meta":{"_jetpack_memberships_contains_paid_content":false,"footnotes":"","jetpack_publicize_message":"","jetpack_publicize_feature_enabled":true,"jetpack_social_post_already_shared":true,"jetpack_social_options":{"image_generator_settings":{"template":"highway","enabled":true,"token":"eyJpbWciOiJodHRwczpcL1wvd3d3LmljZWFnZXR2LmNvbVwvcmFkaW9zaXRlXC93cC1jb250ZW50XC91cGxvYWRzXC8yMDI1XC8wM1wvYmRXVzcwZ2kuanBnIiwidHh0IjoiQXByXHUwMGU4cyBhdm9pciBzb3VmZmVydCBkZSBkZXV4IGNyaXNlcyByZXNwaXJhdG9pcmVzIGFpZ3VcdTAwZWJzIGhpZXIsIGxlIHBhcGUgRnJhblx1MDBlN29pcywgaG9zcGl0YWxpc1x1MDBlOSBcdTAwZTAgUm9tZSBkZXB1aXMgbGUgMTQgZlx1MDBlOXZyaWVyIHBvdXIgdW5lIHBuZXVtb25pZSwgcmVzcGlyZSBkXHUwMGU5c29ybWFpcyBzYW5zIG1hc3F1ZSwgaW5kaXF1ZSBsZSBWYXRpY2FuIiwidGVtcGxhdGUiOiJoaWdod2F5IiwiYmxvZ19pZCI6MTExMDE2NDYxfQ.5CP5mYKCyGD1tOVh_ldAtYCxEHZ-P_8tV8p-ha9-UUUMQ"},"version":2},"_wpas_customize_per_network":false},"categories":[405],"tags":[],"class_list":["post-33636","post","type-post","status-publish","format-standard","has-post-thumbnail","hentry","category-actu-france-monde"],"jetpack_publicize_connections":[],"jetpack_featured_media_url":"https:\/\/i0.wp.com\/www.iceagetv.com\/radiosite\/wp-content\/uploads\/2025\/03\/bdWW70gi.jpg?fit=679%2C293&ssl=1","jetpack_sharing_enabled":true,"_links":{"self":[{"href":"https:\/\/www.iceagetv.com\/radiosite\/wp-json\/wp\/v2\/posts\/33636","targetHints":{"allow":["GET"]}}],"collection":[{"href":"https:\/\/www.iceagetv.com\/radiosite\/wp-json\/wp\/v2\/posts"}],"about":[{"href":"https:\/\/www.iceagetv.com\/radiosite\/wp-json\/wp\/v2\/types\/post"}],"author":[{"embeddable":true,"href":"https:\/\/www.iceagetv.com\/radiosite\/wp-json\/wp\/v2\/users\/2"}],"replies":[{"embeddable":true,"href":"https:\/\/www.iceagetv.com\/radiosite\/wp-json\/wp\/v2\/comments?post=33636"}],"version-history":[{"count":1,"href":"https:\/\/www.iceagetv.com\/radiosite\/wp-json\/wp\/v2\/posts\/33636\/revisions"}],"predecessor-version":[{"id":33638,"href":"https:\/\/www.iceagetv.com\/radiosite\/wp-json\/wp\/v2\/posts\/33636\/revisions\/33638"}],"wp:featuredmedia":[{"embeddable":true,"href":"https:\/\/www.iceagetv.com\/radiosite\/wp-json\/wp\/v2\/media\/33637"}],"wp:attachment":[{"href":"https:\/\/www.iceagetv.com\/radiosite\/wp-json\/wp\/v2\/media?parent=33636"}],"wp:term":[{"taxonomy":"category","embeddable":true,"href":"https:\/\/www.iceagetv.com\/radiosite\/wp-json\/wp\/v2\/categories?post=33636"},{"taxonomy":"post_tag","embeddable":true,"href":"https:\/\/www.iceagetv.com\/radiosite\/wp-json\/wp\/v2\/tags?post=33636"}],"curies":[{"name":"wp","href":"https:\/\/api.w.org\/{rel}","templated":true}]}}