{"id":33644,"date":"2025-03-04T17:35:07","date_gmt":"2025-03-04T16:35:07","guid":{"rendered":"https:\/\/www.iceagetv.com\/radiosite\/?p=33644"},"modified":"2025-03-04T17:35:11","modified_gmt":"2025-03-04T16:35:11","slug":"guerre-en-ukraine-zelensky-veut-arranger-les-choses-et-travailler-sous-la-direction-ferme-de-trump","status":"publish","type":"post","link":"https:\/\/www.iceagetv.com\/radiosite\/guerre-en-ukraine-zelensky-veut-arranger-les-choses-et-travailler-sous-la-direction-ferme-de-trump\/","title":{"rendered":"Guerre en Ukraine: Zelensky veut \u00ab\u00a0arranger les choses\u00a0\u00bb et \u00ab\u00a0travailler sous la direction ferme\u00a0\u00bb de Trump"},"content":{"rendered":"\n<p class=\"\">Le pr\u00e9sident de l&rsquo;Ukraine est notamment revenu ce mardi sur sa rencontre avec Donald Trump, regrettant qu&rsquo;elle \u00ab\u00a0ne s&rsquo;est pas d\u00e9roul\u00e9e comme pr\u00e9vu\u00a0\u00bb.<\/p>\n\n\n\n<p class=\"\">Le pr\u00e9sident ukrainien Volodymyr Zelensky a \u00e9crit sur X&nbsp;<a href=\"https:\/\/www.bfmtv.com\/international\/europe\/ukraine\/direct-guerre-en-ukraine-donald-trump-met-sa-menace-a-execution-et-suspend-l-aide-americaine-a-kiev_LN-202503040103.html\">ce mardi 4 mars<\/a>&nbsp;que \u00ab\u00a0l&rsquo;Ukraine est pr\u00eate \u00e0 signer \u00e0 tout moment l&rsquo;accord sur les min\u00e9raux et la s\u00e9curit\u00e9 et sous toute forme qui lui conviendra\u00a0\u00bb. Pour le pr\u00e9sident ukrainien, cet accord est \u00ab\u00a0un pas en avant vers une plus grande s\u00e9curit\u00e9 et des garanties de s\u00e9curit\u00e9 solides\u00a0\u00bb.<\/p>\n\n\n\n<p class=\"\">Cet accord devait \u00eatre sign\u00e9 ce vendredi \u00e0 Washington, avant que\u00a0<a href=\"https:\/\/www.bfmtv.com\/international\/europe\/ukraine\/affrontement-trump-zelensky-le-depit-de-l-ambassadrice-d-ukraine-aux-etats-unis-face-a-la-scene_AN-202502280820.html\">l&rsquo;altercation entre le pr\u00e9sident de l&rsquo;Ukraine et l&rsquo;administration am\u00e9ricaine<\/a>\u00a0ne provoque un d\u00e9part pr\u00e9cipit\u00e9 de Volodymyr Zelensky de la Maison Blanche.\u00a0\u00bbMon \u00e9quipe et moi-m\u00eame sommes pr\u00eats \u00e0 travailler sous la direction ferme du pr\u00e9sident Trump pour parvenir \u00e0 une paix durable\u00a0\u00bb, a poursuivi Volodymyr Zelensky.<\/p>\n\n\n\n<p class=\"\">\u00ab\u00a0L\u2019Ukraine est pr\u00eate \u00e0 s\u2019asseoir \u00e0 la table des n\u00e9gociations d\u00e8s que possible pour parvenir \u00e0 une paix durable\u00a0\u00bb, selon le pr\u00e9sident de l&rsquo;Ukraine. Fin f\u00e9vrier, Donald Trump jugeait, lui, que la pr\u00e9sence de Volodymyr Zelensky \u00e0 d&rsquo;\u00e9ventuelles n\u00e9ociations&nbsp;<a href=\"https:\/\/www.bfmtv.com\/international\/amerique-nord\/etats-unis\/donald-trump\/guerre-en-ukraine-pour-trump-la-presence-de-zelensky-aux-negociations-n-est-pas-tres-importante_AD-202502210664.html\">n&rsquo;\u00e9tait pas \u00ab\u00a0tr\u00e8s importante\u00a0\u00bb.<\/a><\/p>\n\n\n\n<h2 class=\"wp-block-heading\" id=\"57dus\">\u00ab\u00a0Nous appr\u00e9cions vraiment tout ce que l\u2019Am\u00e9rique a fait pour aider l\u2019Ukraine\u00a0\u00bb<\/h2>\n\n\n\n<p class=\"\">Comment mettre un terme \u00e0 ce conflit qui dure depuis plus de trois ans? Le pr\u00e9sident de l&rsquo;Ukraine a partag\u00e9 ses id\u00e9es.<\/p>\n\n\n\n<p class=\"\">\u00ab\u00a0Les premi\u00e8res \u00e9tapes pourraient \u00eatre la lib\u00e9ration des prisonniers et une tr\u00eave dans le ciel (interdiction des missiles, des drones \u00e0 longue port\u00e9e, des bombes sur l\u2019\u00e9nergie et d\u2019autres infrastructures civiles) et une tr\u00eave maritime imm\u00e9diate\u00a0\u00bb, a \u00e9crit Volodymyr Zelensky pr\u00e9cisant que cela est valable seulement \u00ab\u00a0si la Russie fait de m\u00eame.\u00a0\u00bbCette id\u00e9e fait \u00e9cho \u00e0 celle d&rsquo;Emmanuel Macron qui, ce dimanche&nbsp;<a href=\"https:\/\/www.lefigaro.fr\/international\/ukraine-dissuasion-nucleaire-depenses-militaires-les-pistes-d-emmanuel-macron-pour-pousser-le-reveil-europeen-20250302\" target=\"_blank\" rel=\"noreferrer noopener\">au Figaro<\/a>, indiquait que la France et le Royaume-Uni proposaient une tr\u00eave d&rsquo;un mois en Ukraine \u00ab\u00a0dans les airs, sur les mers et les infrastructures \u00e9nerg\u00e9tiques\u00a0\u00bb. Mais ce lundi, un ministre de Keir Starmer a&nbsp;<a href=\"https:\/\/www.bfmtv.com\/international\/europe\/angleterre\/guerre-en-ukraine-macron-annonce-une-proposition-de-treve-un-ministre-britannique-tempere_AD-202503030319.html\">affirm\u00e9 qu&rsquo;il n&rsquo;y avait pas encore d'\u00a0\u00bbaccord\u00a0\u00bb sur le sujet.<\/a><\/p>\n\n\n\n<p class=\"\">Le dirigeant de l&rsquo;Ukraine est aussi revenu sur&nbsp;<a href=\"https:\/\/www.bfmtv.com\/international\/amerique-nord\/etats-unis\/donald-trump\/guerre-en-ukraine-comment-l-echange-entre-trump-et-zelensky-a-tourne-a-la-catastrophe_AD-202502280861.html\">sa rencontre avec Donald Trump ce vendredi<\/a>, estimant qu&rsquo;elle \u00ab\u00a0ne s&rsquo;est pas d\u00e9roul\u00e9e comme pr\u00e9vu\u00a0\u00bb.<\/p>\n\n\n\n<blockquote class=\"wp-block-quote is-layout-flow wp-block-quote-is-layout-flow\">\n<p class=\"\">\u00ab\u00a0Il est regrettable que les choses se soient pass\u00e9es ainsi. Il est temps d&rsquo;arranger les choses. Nous souhaitons que la coop\u00e9ration et la communication futures soient constructives\u00a0\u00bb, a \u00e9crit Volodymyr Zelensky.<\/p>\n<\/blockquote>\n\n\n\n<p class=\"\">\u00ab\u00a0L\u2019Ukraine est pr\u00eate \u00e0 s\u2019asseoir \u00e0 la table des n\u00e9gociations d\u00e8s que possible pour parvenir \u00e0 une paix durable\u00a0\u00bb, selon le pr\u00e9sident de l&rsquo;Ukraine. Fin f\u00e9vrier, Donald Trump jugeait, lui, que la pr\u00e9sence de Volodymyr Zelensky \u00e0 d&rsquo;\u00e9ventuelles n\u00e9gociations n sommes reconnaissants\u00a0\u00bb, a-t-il rappel\u00e9g, soulignant l&rsquo;importance des Javelins, un syst\u00e8me portable anti-chars am\u00e9ricain fourni par Washington \u00e0 Kiev lors du premier mandat de Donald Trump.<\/p>\n\n\n\n<p class=\"\"><a href=\"https:\/\/www.ifw-kiel.de\/topics\/war-against-ukraine\/ukraine-support-tracker\/\" target=\"_blank\" rel=\"noreferrer noopener\">Selon l&rsquo;institut de Kiel<\/a>&nbsp;qui comptabilise le soutien international \u00e0 l&rsquo;Ukraine, le soutien am\u00e9ricain est de 114,2 milliards d&rsquo;euros depuis 2022, contre 132 milliards d&rsquo;euros de la part des pays europ\u00e9ens. Loin des 300 milliards de dollars r\u00e9guli\u00e8rement \u00e9voqu\u00e9 par Donald Trump, sans que le pr\u00e9sident am\u00e9ricain n&rsquo;apporte de preuves concernant ce chiffre.<\/p>\n\n\n\n<p class=\"\">Dans le d\u00e9tail, Washington reste le soutien principal \u00e0 Kiev en mati\u00e8re de d\u00e9fense puisque les \u00c9tats-Unis ont fourni 64,1 milliards d&rsquo;euros d&rsquo;aide militaire, contre 62 milliards d&rsquo;euros pour l&rsquo;Europe. Mais ces derniers apportent un soutien humanitaire et financier plus important.<\/p>\n","protected":false},"excerpt":{"rendered":"<p>Le pr\u00e9sident de l&rsquo;Ukraine est notamment revenu ce mardi sur sa rencontre avec Donald Trump, regrettant qu&rsquo;elle \u00ab\u00a0ne s&rsquo;est pas d\u00e9roul\u00e9e comme pr\u00e9vu\u00a0\u00bb. Le pr\u00e9sident ukrainien Volodymyr Zelensky a \u00e9crit sur X&nbsp;ce mardi 4 mars&nbsp;que \u00ab\u00a0l&rsquo;Ukraine est pr\u00eate \u00e0 signer \u00e0 tout moment l&rsquo;accord sur les min\u00e9raux et la s\u00e9curit\u00e9 et sous toute forme qui [&hellip;]<\/p>\n","protected":false},"author":2,"featured_media":33645,"comment_status":"open","ping_status":"open","sticky":false,"template":"","format":"standard","meta":{"_jetpack_memberships_contains_paid_content":false,"footnotes":"","jetpack_publicize_message":"","jetpack_publicize_feature_enabled":true,"jetpack_social_post_already_shared":true,"jetpack_social_options":{"image_generator_settings":{"template":"highway","enabled":true,"token":"eyJpbWciOiJodHRwczpcL1wvd3d3LmljZWFnZXR2LmNvbVwvcmFkaW9zaXRlXC93cC1jb250ZW50XC91cGxvYWRzXC8yMDI1XC8wM1wvYXJyYW5nZXItbGVzLWNob3Nlcy5qcGciLCJ0eHQiOiJHdWVycmUgZW4gVWtyYWluZTogWmVsZW5za3kgdmV1dCAmIzgyMjA7YXJyYW5nZXIgbGVzIGNob3NlcyYjODIyMTsgZXQgJiM4MjIwO3RyYXZhaWxsZXIgc291cyBsYSBkaXJlY3Rpb24gZmVybWUmIzgyMjE7IGRlIFRydW1wIiwidGVtcGxhdGUiOiJoaWdod2F5IiwiYmxvZ19pZCI6MTExMDE2NDYxfQ.comXMuQ_Zj9fpmrUOB-h21Ro1xpBDjwPoHPI0X3NqrYMQ"},"version":2},"_wpas_customize_per_network":false},"categories":[405],"tags":[],"class_list":["post-33644","post","type-post","status-publish","format-standard","has-post-thumbnail","hentry","category-actu-france-monde"],"jetpack_publicize_connections":[],"jetpack_featured_media_url":"https:\/\/i0.wp.com\/www.iceagetv.com\/radiosite\/wp-content\/uploads\/2025\/03\/arranger-les-choses.jpg?fit=673%2C227&ssl=1","jetpack_sharing_enabled":true,"_links":{"self":[{"href":"https:\/\/www.iceagetv.com\/radiosite\/wp-json\/wp\/v2\/posts\/33644","targetHints":{"allow":["GET"]}}],"collection":[{"href":"https:\/\/www.iceagetv.com\/radiosite\/wp-json\/wp\/v2\/posts"}],"about":[{"href":"https:\/\/www.iceagetv.com\/radiosite\/wp-json\/wp\/v2\/types\/post"}],"author":[{"embeddable":true,"href":"https:\/\/www.iceagetv.com\/radiosite\/wp-json\/wp\/v2\/users\/2"}],"replies":[{"embeddable":true,"href":"https:\/\/www.iceagetv.com\/radiosite\/wp-json\/wp\/v2\/comments?post=33644"}],"version-history":[{"count":1,"href":"https:\/\/www.iceagetv.com\/radiosite\/wp-json\/wp\/v2\/posts\/33644\/revisions"}],"predecessor-version":[{"id":33646,"href":"https:\/\/www.iceagetv.com\/radiosite\/wp-json\/wp\/v2\/posts\/33644\/revisions\/33646"}],"wp:featuredmedia":[{"embeddable":true,"href":"https:\/\/www.iceagetv.com\/radiosite\/wp-json\/wp\/v2\/media\/33645"}],"wp:attachment":[{"href":"https:\/\/www.iceagetv.com\/radiosite\/wp-json\/wp\/v2\/media?parent=33644"}],"wp:term":[{"taxonomy":"category","embeddable":true,"href":"https:\/\/www.iceagetv.com\/radiosite\/wp-json\/wp\/v2\/categories?post=33644"},{"taxonomy":"post_tag","embeddable":true,"href":"https:\/\/www.iceagetv.com\/radiosite\/wp-json\/wp\/v2\/tags?post=33644"}],"curies":[{"name":"wp","href":"https:\/\/api.w.org\/{rel}","templated":true}]}}