{"id":33671,"date":"2025-03-05T09:12:59","date_gmt":"2025-03-05T08:12:59","guid":{"rendered":"https:\/\/www.iceagetv.com\/radiosite\/?p=33671"},"modified":"2025-03-05T09:13:04","modified_gmt":"2025-03-05T08:13:04","slug":"proces-requis-apres-la-mort-de-nahel-les-policiers-appeles-a-manifester-ce-mercredi-midi","status":"publish","type":"post","link":"https:\/\/www.iceagetv.com\/radiosite\/proces-requis-apres-la-mort-de-nahel-les-policiers-appeles-a-manifester-ce-mercredi-midi\/","title":{"rendered":"Proc\u00e8s requis apr\u00e8s la mort de Nahel: les policiers appel\u00e9s \u00e0 manifester ce mercredi midi"},"content":{"rendered":"\n<p class=\"\">Le syndicat Alliance appelle \u00e0 un rassemblement, ce mercredi 5 mars, apr\u00e8s les r\u00e9quisitions d&rsquo;un proc\u00e8s pour meurtre contre le policier auteur du tir qui a tu\u00e9 Nahel, \u00e0 Nanterre, en 2023.<\/p>\n\n\n\n<p class=\"\">Le&nbsp;<a href=\"https:\/\/www.bfmtv.com\/paris\/hauts-de-seine\/mort-de-nahel-le-parquet-requiert-un-proces-pour-meurtre-contre-le-policier-les-syndicats-appellent-a-un-rassemblement_AN-202503040491.html\">syndicat de police Alliance<\/a>&nbsp;a appel\u00e9 les forces de l&rsquo;ordre \u00e0 se rassembler \u00ab\u00a0devant tous les services de police de France\u00a0\u00bb, ce mercredi 5 mars \u00e0 12h30, apr\u00e8s les r\u00e9quisitions d&rsquo;un&nbsp;<a href=\"https:\/\/www.bfmtv.com\/paris\/hauts-de-seine\/mort-de-nahel-a-nanterre-le-parquet-requiert-un-proces-pour-meurtre-contre-le-policier-auteur-du-tir_AN-202503040328.html\">proc\u00e8s pour meurtre<\/a>&nbsp;contre Florian M.,&nbsp;<a href=\"https:\/\/www.bfmtv.com\/paris\/mort-de-nahel-l-enquete-sur-la-cagnotte-en-soutien-au-policier-classee-sans-suite-par-la-justice_AD-202407050832.html\">policier auteur du tir<\/a>&nbsp;qui a tu\u00e9 Nahel en 2023, \u00e0 Nanterre.<\/p>\n\n\n\n<p class=\"\">Le syndicat d\u00e9nonce une \u00ab\u00a0d\u00e9cision inacceptable\u00a0\u00bb et souhaite que cette manifestation permette \u00ab\u00a0d&rsquo;exprimer leur col\u00e8re\u00a0\u00bb. Si la majorit\u00e9 des syndicats a point\u00e9 des \u00ab\u00a0interrogations l\u00e9gitimes\u00a0\u00bb dixit Un1t\u00e9, son \u00ab\u00a0d\u00e9saccord\u00a0\u00bb pour l&rsquo;UNSA, Alliance est le seul \u00e0 appeler au rassemblement.\u00a0\u00bbPr\u00e9judiciable \u00e0 la d\u00e9fense\u00a0\u00bb<\/p>\n\n\n\n<p class=\"\">Le syndicat Un1t\u00e9 juge m\u00eame, de son c\u00f4t\u00e9, que \u00ab\u00a0tout rassemblement serait pr\u00e9judiciable \u00e0 la d\u00e9fense et \u00e0 ses int\u00e9r\u00eats\u00a0\u00bb.<\/p>\n\n\n\n<p class=\"\">Ce mardi 4 mars, le parquet, estimant qu&rsquo;il \u00e9tait \u00ab\u00a0possible de tirer sur le capot ou sur les pneus du v\u00e9hicule\u00a0\u00bb a annonc\u00e9 requ\u00e9rir un proc\u00e8s pour meurtre contre le policier autour du tir.<\/p>\n\n\n\n<p class=\"\">Selon le parquet, \u00ab\u00a0les conditions de la l\u00e9gitime d\u00e9fense [n&rsquo;\u00e9taient] pas remplies\u00a0\u00bb lors du tir mortel. \u00ab\u00a0Ouvrir le feu constituait n\u00e9cessairement et \u00e0 tout le moins une prise de risque inconsid\u00e9r\u00e9e\u00a0\u00bb, poursuit le parquet de Nanterre.<\/p>\n","protected":false},"excerpt":{"rendered":"<p>Le syndicat Alliance appelle \u00e0 un rassemblement, ce mercredi 5 mars, apr\u00e8s les r\u00e9quisitions d&rsquo;un proc\u00e8s pour meurtre contre le policier auteur du tir qui a tu\u00e9 Nahel, \u00e0 Nanterre, en 2023. Le&nbsp;syndicat de police Alliance&nbsp;a appel\u00e9 les forces de l&rsquo;ordre \u00e0 se rassembler \u00ab\u00a0devant tous les services de police de France\u00a0\u00bb, ce mercredi 5 [&hellip;]<\/p>\n","protected":false},"author":2,"featured_media":33673,"comment_status":"open","ping_status":"open","sticky":false,"template":"","format":"standard","meta":{"_jetpack_memberships_contains_paid_content":false,"footnotes":"","jetpack_publicize_message":"","jetpack_publicize_feature_enabled":true,"jetpack_social_post_already_shared":true,"jetpack_social_options":{"image_generator_settings":{"template":"highway","enabled":true,"token":"eyJpbWciOiJodHRwczpcL1wvd3d3LmljZWFnZXR2LmNvbVwvcmFkaW9zaXRlXC93cC1jb250ZW50XC91cGxvYWRzXC8yMDI1XC8wM1wvRGVzLXBvbGljaWVycy1icmFuZGlzc2VudC1sZS1kcmFwZWF1LWR1LXN5bmRpY2F0LVBvbGljZS1BbGxpYW5jZS1OYXRpb25hbGUtbG9ycy1kLXVuZS1tYW5pZmVzdGF0aW9uLWEtUGFyaXMtbGUtMjAtYXZyaWwtMjAyMS0xMDMwNzAwLmpwZyIsInR4dCI6IlByb2NcdTAwZThzIHJlcXVpcyBhcHJcdTAwZThzIGxhIG1vcnQgZGUgTmFoZWw6IGxlcyBwb2xpY2llcnMgYXBwZWxcdTAwZTlzIFx1MDBlMCBtYW5pZmVzdGVyIGNlIG1lcmNyZWRpIG1pZGkiLCJ0ZW1wbGF0ZSI6ImhpZ2h3YXkiLCJibG9nX2lkIjoxMTEwMTY0NjF9.6GA_HfNaPRlgKnN3h-7KQXaC4tTP8-201Evv-_tUm1QMQ"},"version":2},"_wpas_customize_per_network":false},"categories":[405],"tags":[],"class_list":["post-33671","post","type-post","status-publish","format-standard","has-post-thumbnail","hentry","category-actu-france-monde"],"jetpack_publicize_connections":[],"jetpack_featured_media_url":"https:\/\/i0.wp.com\/www.iceagetv.com\/radiosite\/wp-content\/uploads\/2025\/03\/Des-policiers-brandissent-le-drapeau-du-syndicat-Police-Alliance-Nationale-lors-d-une-manifestation-a-Paris-le-20-avril-2021-1030700.jpg?fit=800%2C450&ssl=1","jetpack_sharing_enabled":true,"_links":{"self":[{"href":"https:\/\/www.iceagetv.com\/radiosite\/wp-json\/wp\/v2\/posts\/33671","targetHints":{"allow":["GET"]}}],"collection":[{"href":"https:\/\/www.iceagetv.com\/radiosite\/wp-json\/wp\/v2\/posts"}],"about":[{"href":"https:\/\/www.iceagetv.com\/radiosite\/wp-json\/wp\/v2\/types\/post"}],"author":[{"embeddable":true,"href":"https:\/\/www.iceagetv.com\/radiosite\/wp-json\/wp\/v2\/users\/2"}],"replies":[{"embeddable":true,"href":"https:\/\/www.iceagetv.com\/radiosite\/wp-json\/wp\/v2\/comments?post=33671"}],"version-history":[{"count":1,"href":"https:\/\/www.iceagetv.com\/radiosite\/wp-json\/wp\/v2\/posts\/33671\/revisions"}],"predecessor-version":[{"id":33674,"href":"https:\/\/www.iceagetv.com\/radiosite\/wp-json\/wp\/v2\/posts\/33671\/revisions\/33674"}],"wp:featuredmedia":[{"embeddable":true,"href":"https:\/\/www.iceagetv.com\/radiosite\/wp-json\/wp\/v2\/media\/33673"}],"wp:attachment":[{"href":"https:\/\/www.iceagetv.com\/radiosite\/wp-json\/wp\/v2\/media?parent=33671"}],"wp:term":[{"taxonomy":"category","embeddable":true,"href":"https:\/\/www.iceagetv.com\/radiosite\/wp-json\/wp\/v2\/categories?post=33671"},{"taxonomy":"post_tag","embeddable":true,"href":"https:\/\/www.iceagetv.com\/radiosite\/wp-json\/wp\/v2\/tags?post=33671"}],"curies":[{"name":"wp","href":"https:\/\/api.w.org\/{rel}","templated":true}]}}