{"id":33677,"date":"2025-03-05T09:53:27","date_gmt":"2025-03-05T08:53:27","guid":{"rendered":"https:\/\/www.iceagetv.com\/radiosite\/?p=33677"},"modified":"2025-03-05T09:53:32","modified_gmt":"2025-03-05T08:53:32","slug":"emmanuel-macron-sadressera-aux-francais-ce-mercredi-soir-a-20h-sur-la-situation-internationale","status":"publish","type":"post","link":"https:\/\/www.iceagetv.com\/radiosite\/emmanuel-macron-sadressera-aux-francais-ce-mercredi-soir-a-20h-sur-la-situation-internationale\/","title":{"rendered":"Emmanuel Macron s&rsquo;adressera aux Fran\u00e7ais ce mercredi soir \u00e0 20h sur la situation internationale"},"content":{"rendered":"\n<p class=\"\">Dans ce moment de grande incertitude o\u00f9 le monde est confront\u00e9 \u00e0 ses plus grands d\u00e9fis, je\u00a0m\u2019adresserai \u00e0 vous ce soir \u00e0 20\u2009h\u00a0\u00bb, a \u00e9crit le chef de l&rsquo;\u00c9tat.Le pr\u00e9sident fran\u00e7ais\u00a0<a href=\"https:\/\/actu.fr\/tag\/emmanuel-macron\">Emmanuel Macron<\/a>\u00a0va s\u2019adresser aux Fran\u00e7ais ce soir \u00e0 20\u2009h dans une allocution en rapport avec l\u2019Ukraine et la situation internationale, a annonc\u00e9 le pr\u00e9sident ce mercredi 5\u00a0mars 2025 sur X.Mes chers compatriotes, dans ce moment de grande incertitude o\u00f9 le monde est confront\u00e9 \u00e0 ses plus grands d\u00e9fis, je&nbsp;m\u2019adresserai \u00e0 vous ce soir \u00e0 20\u2009h\u2009\u00bb, \u00e9crit-il.<\/p>\n\n\n\n<h2 class=\"wp-block-heading\">\u00ab\u2009Une reprise du dialogue\u2009\u00bb entre l\u2019Ukraine et les \u00c9tats-Unis<\/h2>\n\n\n\n<p class=\"\">Mardi soir, le chef de l\u2019\u00c9tat avait salu\u00e9 la volont\u00e9 de son homologue ukrainien\u00a0<a href=\"https:\/\/actu.fr\/monde\/guerre-en-ukraine-pourquoi-volodymyr-zelensky-est-encore-president-malgre-la-fin-de-son-mandat_62320831.html\">Volodymyr Zelensky<\/a>\u00a0\u00ab\u2009de r\u00e9engager le dialogue avec les\u00a0<a href=\"https:\/\/actu.fr\/tag\/etats-unis\">\u00c9tats-Unis<\/a>\u2009\u00bb et redit \u00ab\u2009la d\u00e9termination de la France \u00e0 travailler avec toutes les parties prenantes \u00e0 la mise en \u0153uvre d\u2019une paix solide et durable en\u00a0<a href=\"https:\/\/actu.fr\/tag\/guerre-en-ukraine\">Ukraine<\/a>\u2009\u00bb.Apr\u00e8s l\u2019annonce dans la nuit de Donald Trump indiquant&nbsp;<a href=\"https:\/\/actu.fr\/monde\/guerre-en-ukraine-elon-musk-groenland-ce-qu-il-faut-retenir-du-discours-de-donald-trump-devant-le-congres_62330329.html\">avoir re\u00e7u une lettre de Volodymyr Zelensky<\/a>, la porte-parole du gouvernement, Sophie Primas, a salu\u00e9 mercredi sur&nbsp;<em>LCI<\/em>&nbsp;\u00ab\u2009une reprise du dialogue\u2009\u00bb.<\/p>\n\n\n\n<p class=\"\">\u00ab\u2009C\u2019est heureux car personne n\u2019a int\u00e9r\u00eat \u00e0 couper les liens avec les \u00c9tats-Unis. Dans ce cadre-l\u00e0, et dans le cadre de l\u2019accord sur les minerais qui semble arriver, nous aurons peut-\u00eatre des conditions qui nous permettront d\u2019avoir une paix durable et robuste. C\u2019est ce que veulent les Europ\u00e9ens\u2009\u00bb, a-t-elle ajout\u00e9.<\/p>\n","protected":false},"excerpt":{"rendered":"<p>Dans ce moment de grande incertitude o\u00f9 le monde est confront\u00e9 \u00e0 ses plus grands d\u00e9fis, je\u00a0m\u2019adresserai \u00e0 vous ce soir \u00e0 20\u2009h\u00a0\u00bb, a \u00e9crit le chef de l&rsquo;\u00c9tat.Le pr\u00e9sident fran\u00e7ais\u00a0Emmanuel Macron\u00a0va s\u2019adresser aux Fran\u00e7ais ce soir \u00e0 20\u2009h dans une allocution en rapport avec l\u2019Ukraine et la situation internationale, a annonc\u00e9 le pr\u00e9sident ce [&hellip;]<\/p>\n","protected":false},"author":2,"featured_media":33679,"comment_status":"open","ping_status":"open","sticky":false,"template":"","format":"standard","meta":{"_jetpack_memberships_contains_paid_content":false,"footnotes":"","jetpack_publicize_message":"","jetpack_publicize_feature_enabled":true,"jetpack_social_post_already_shared":true,"jetpack_social_options":{"image_generator_settings":{"template":"highway","enabled":true,"token":"eyJpbWciOiJodHRwczpcL1wvd3d3LmljZWFnZXR2LmNvbVwvcmFkaW9zaXRlXC93cC1jb250ZW50XC91cGxvYWRzXC8yMDI1XC8wM1wvRW1tYW51ZWwtTWFjcm9uLXNhZHJlc3NlcmEtYXV4LUZyYW5jYWlzLWNlLW1lcmNyZWRpLXNvaXItYS0yMGguanBnIiwidHh0IjoiRW1tYW51ZWwgTWFjcm9uIHMmIzgyMTc7YWRyZXNzZXJhIGF1eCBGcmFuXHUwMGU3YWlzIGNlIG1lcmNyZWRpIHNvaXIgXHUwMGUwIDIwaCBzdXIgbGEgc2l0dWF0aW9uIGludGVybmF0aW9uYWxlIiwidGVtcGxhdGUiOiJoaWdod2F5IiwiYmxvZ19pZCI6MTExMDE2NDYxfQ._xggme4e6X6-JVV3tKOQyXB1XQqkhjGfiuJneSrS0CgMQ"},"version":2},"_wpas_customize_per_network":false},"categories":[405],"tags":[],"class_list":["post-33677","post","type-post","status-publish","format-standard","has-post-thumbnail","hentry","category-actu-france-monde"],"jetpack_publicize_connections":[],"jetpack_featured_media_url":"https:\/\/i0.wp.com\/www.iceagetv.com\/radiosite\/wp-content\/uploads\/2025\/03\/Emmanuel-Macron-sadressera-aux-Francais-ce-mercredi-soir-a-20h.jpg?fit=735%2C452&ssl=1","jetpack_sharing_enabled":true,"_links":{"self":[{"href":"https:\/\/www.iceagetv.com\/radiosite\/wp-json\/wp\/v2\/posts\/33677","targetHints":{"allow":["GET"]}}],"collection":[{"href":"https:\/\/www.iceagetv.com\/radiosite\/wp-json\/wp\/v2\/posts"}],"about":[{"href":"https:\/\/www.iceagetv.com\/radiosite\/wp-json\/wp\/v2\/types\/post"}],"author":[{"embeddable":true,"href":"https:\/\/www.iceagetv.com\/radiosite\/wp-json\/wp\/v2\/users\/2"}],"replies":[{"embeddable":true,"href":"https:\/\/www.iceagetv.com\/radiosite\/wp-json\/wp\/v2\/comments?post=33677"}],"version-history":[{"count":1,"href":"https:\/\/www.iceagetv.com\/radiosite\/wp-json\/wp\/v2\/posts\/33677\/revisions"}],"predecessor-version":[{"id":33680,"href":"https:\/\/www.iceagetv.com\/radiosite\/wp-json\/wp\/v2\/posts\/33677\/revisions\/33680"}],"wp:featuredmedia":[{"embeddable":true,"href":"https:\/\/www.iceagetv.com\/radiosite\/wp-json\/wp\/v2\/media\/33679"}],"wp:attachment":[{"href":"https:\/\/www.iceagetv.com\/radiosite\/wp-json\/wp\/v2\/media?parent=33677"}],"wp:term":[{"taxonomy":"category","embeddable":true,"href":"https:\/\/www.iceagetv.com\/radiosite\/wp-json\/wp\/v2\/categories?post=33677"},{"taxonomy":"post_tag","embeddable":true,"href":"https:\/\/www.iceagetv.com\/radiosite\/wp-json\/wp\/v2\/tags?post=33677"}],"curies":[{"name":"wp","href":"https:\/\/api.w.org\/{rel}","templated":true}]}}