{"id":33724,"date":"2025-03-06T18:29:48","date_gmt":"2025-03-06T17:29:48","guid":{"rendered":"https:\/\/www.iceagetv.com\/radiosite\/?p=33724"},"modified":"2025-03-06T18:29:53","modified_gmt":"2025-03-06T17:29:53","slug":"presse-reunis-cet-apres-midi-en-assemblee-generale-les-salaries-du-parisien-ont-vote-en-faveur-dune-greve-a-partir-de-minuit-contre-un-plan-de-reorganisation-du-quotidien","status":"publish","type":"post","link":"https:\/\/www.iceagetv.com\/radiosite\/presse-reunis-cet-apres-midi-en-assemblee-generale-les-salaries-du-parisien-ont-vote-en-faveur-dune-greve-a-partir-de-minuit-contre-un-plan-de-reorganisation-du-quotidien\/","title":{"rendered":"Presse : R\u00e9unis cet apr\u00e8s-midi en assembl\u00e9e g\u00e9n\u00e9rale, les salari\u00e9s du Parisien ont vot\u00e9 en faveur d&rsquo;une gr\u00e8ve \u00e0 partir de minuit contre un plan de r\u00e9organisation du quotidien"},"content":{"rendered":"\n<p class=\"\">Les salari\u00e9s du quotidien Le Parisien r\u00e9unis ce jeudi en assembl\u00e9e g\u00e9n\u00e9rale ont vot\u00e9 en faveur de la gr\u00e8ve, en opposition au plan de r\u00e9organisation pr\u00e9sent\u00e9 par la direction du titre mi-f\u00e9vrier, indiquent nos confr\u00e8res du Figaro. Le projet de d\u00e9brayage aurait re\u00e7u 163 votes pour et 143 contre, sur un total de 320 votes.<\/p>\n\n\n\n<p class=\"\">La gr\u00e8ve doit durer 24 heures, allant de ce jeudi soir minuit \u00e0 vendredi soir minuit. Durant cette p\u00e9riode, les productions des journalistes gr\u00e9vistes ne peuvent \u00eatre utilis\u00e9es sur le web, de m\u00eame que pour l\u2019\u00e9dition papier, s\u2019il devait y en avoir une.<\/p>\n\n\n\n<p class=\"\">Les salari\u00e9s ont \u00e9galement vot\u00e9 une motion de d\u00e9fiance \u00e0 l\u2019encontre de la direction de la r\u00e9daction et de la direction g\u00e9n\u00e9rale du titre. Cette proposition a \u00e9t\u00e9 largement approuv\u00e9e, avec 245 voix pour et 73 contre.<\/p>\n\n\n\n<p class=\"\">En f\u00e9vrier dernier, dans un message au personnel, la direction a pr\u00e9cis\u00e9 que \u00ab\u00a0Le Parisien ne parvient pas \u00e0 trouver un mod\u00e8le \u00e9conomique et enregistre de lourdes pertes\u00a0\u00bb.<\/p>\n\n\n\n<p class=\"\">\u00ab\u00a0Depuis trois ans, nous subissons de plein fouet les effets de l&rsquo;inflation, et nos co\u00fbts de production et de logistique continuent \u00e0 cro\u00eetre plus rapidement que nos revenus\u00a0\u00bb, soulignent Pierre Louette ainsi que Sophie Gourmelen, directrice g\u00e9n\u00e9rale du p\u00f4le Le Parisien et Nicolas Charbonneau, directeur de la r\u00e9daction. \u00ab\u00a0Notre transition num\u00e9rique, bien que prometteuse, n&rsquo;a pas encore atteint son plein potentiel\u00a0\u00bb, ajoutent-ils.<\/p>\n\n\n\n<p class=\"\">Le projet de r\u00e9organisation doit \u00eatre mis en \u0153uvre progressivement au cours du deuxi\u00e8me trimestre 2025. Les contours des services et \u00ab\u00a0p\u00f4les th\u00e9matiques\u00a0\u00bb au sein de la r\u00e9daction seront red\u00e9finis : les journalistes traitant de politique, d&rsquo;environnement ou d&rsquo;\u00e9ducation seraient notamment regroup\u00e9s dans un p\u00f4le \u00ab\u00a0vie publique\u00a0\u00bb, ceux d\u00e9di\u00e9s aux sujets sant\u00e9, consommation ou immobilier dans un p\u00f4le \u00ab\u00a0vie priv\u00e9e\u00a0\u00bb.<\/p>\n\n\n\n<p class=\"\">Quatre autres p\u00f4les demeureraient. Pour le num\u00e9rique, une r\u00e9daction en chef centrale, \u00ab\u00a0web first\u00a0\u00bb, aura \u00ab\u00a0comp\u00e9tence sur l&rsquo;ensemble de nos supports\u00a0\u00bb. L&rsquo;offre vid\u00e9o et podcasts sera \u00ab\u00a0densifi\u00e9e\u00a0\u00bb et \u00ab\u00a0un d\u00e9veloppement soutenu de nouveaux contenus et produits num\u00e9riques\u00a0\u00bb est pr\u00e9vu.<\/p>\n","protected":false},"excerpt":{"rendered":"<p>Les salari\u00e9s du quotidien Le Parisien r\u00e9unis ce jeudi en assembl\u00e9e g\u00e9n\u00e9rale ont vot\u00e9 en faveur de la gr\u00e8ve, en opposition au plan de r\u00e9organisation pr\u00e9sent\u00e9 par la direction du titre mi-f\u00e9vrier, indiquent nos confr\u00e8res du Figaro. Le projet de d\u00e9brayage aurait re\u00e7u 163 votes pour et 143 contre, sur un total de 320 votes. [&hellip;]<\/p>\n","protected":false},"author":2,"featured_media":33725,"comment_status":"open","ping_status":"open","sticky":false,"template":"","format":"standard","meta":{"_jetpack_memberships_contains_paid_content":false,"footnotes":"","jetpack_publicize_message":"","jetpack_publicize_feature_enabled":true,"jetpack_social_post_already_shared":true,"jetpack_social_options":{"image_generator_settings":{"template":"highway","enabled":true,"token":"eyJpbWciOiJodHRwczpcL1wvd3d3LmljZWFnZXR2LmNvbVwvcmFkaW9zaXRlXC93cC1jb250ZW50XC91cGxvYWRzXC8yMDI1XC8wM1wvMkR1a0hkMmguanBnIiwidHh0IjoiUHJlc3NlIDogUlx1MDBlOXVuaXMgY2V0IGFwclx1MDBlOHMtbWlkaSBlbiBhc3NlbWJsXHUwMGU5ZSBnXHUwMGU5blx1MDBlOXJhbGUsIGxlcyBzYWxhcmlcdTAwZTlzIGR1IFBhcmlzaWVuIG9udCB2b3RcdTAwZTkgZW4gZmF2ZXVyIGQmIzgyMTc7dW5lIGdyXHUwMGU4dmUgXHUwMGUwIHBhcnRpciBkZSBtaW51aXQgY29udHJlIHVuIHBsYW4gZGUgclx1MDBlOW9yZ2FuaXNhdGlvbiBkdSBxdW90aWRpZW4iLCJ0ZW1wbGF0ZSI6ImhpZ2h3YXkiLCJibG9nX2lkIjoxMTEwMTY0NjF9.2BluGZIikFqsuHEiAo472TackXolL2XNyZ14EmTEqogMQ"},"version":2},"_wpas_customize_per_network":false},"categories":[68],"tags":[],"class_list":["post-33724","post","type-post","status-publish","format-standard","has-post-thumbnail","hentry","category-actu-culturelle"],"jetpack_publicize_connections":[],"jetpack_featured_media_url":"https:\/\/i0.wp.com\/www.iceagetv.com\/radiosite\/wp-content\/uploads\/2025\/03\/2DukHd2h.jpg?fit=679%2C293&ssl=1","jetpack_sharing_enabled":true,"_links":{"self":[{"href":"https:\/\/www.iceagetv.com\/radiosite\/wp-json\/wp\/v2\/posts\/33724","targetHints":{"allow":["GET"]}}],"collection":[{"href":"https:\/\/www.iceagetv.com\/radiosite\/wp-json\/wp\/v2\/posts"}],"about":[{"href":"https:\/\/www.iceagetv.com\/radiosite\/wp-json\/wp\/v2\/types\/post"}],"author":[{"embeddable":true,"href":"https:\/\/www.iceagetv.com\/radiosite\/wp-json\/wp\/v2\/users\/2"}],"replies":[{"embeddable":true,"href":"https:\/\/www.iceagetv.com\/radiosite\/wp-json\/wp\/v2\/comments?post=33724"}],"version-history":[{"count":1,"href":"https:\/\/www.iceagetv.com\/radiosite\/wp-json\/wp\/v2\/posts\/33724\/revisions"}],"predecessor-version":[{"id":33726,"href":"https:\/\/www.iceagetv.com\/radiosite\/wp-json\/wp\/v2\/posts\/33724\/revisions\/33726"}],"wp:featuredmedia":[{"embeddable":true,"href":"https:\/\/www.iceagetv.com\/radiosite\/wp-json\/wp\/v2\/media\/33725"}],"wp:attachment":[{"href":"https:\/\/www.iceagetv.com\/radiosite\/wp-json\/wp\/v2\/media?parent=33724"}],"wp:term":[{"taxonomy":"category","embeddable":true,"href":"https:\/\/www.iceagetv.com\/radiosite\/wp-json\/wp\/v2\/categories?post=33724"},{"taxonomy":"post_tag","embeddable":true,"href":"https:\/\/www.iceagetv.com\/radiosite\/wp-json\/wp\/v2\/tags?post=33724"}],"curies":[{"name":"wp","href":"https:\/\/api.w.org\/{rel}","templated":true}]}}