{"id":33727,"date":"2025-03-06T20:31:55","date_gmt":"2025-03-06T19:31:55","guid":{"rendered":"https:\/\/www.iceagetv.com\/radiosite\/?p=33727"},"modified":"2025-03-06T20:32:00","modified_gmt":"2025-03-06T19:32:00","slug":"guerre-en-ukraine-comment-la-france-compte-t-elle-financer-laugmentation-de-ses-depenses-militaires","status":"publish","type":"post","link":"https:\/\/www.iceagetv.com\/radiosite\/guerre-en-ukraine-comment-la-france-compte-t-elle-financer-laugmentation-de-ses-depenses-militaires\/","title":{"rendered":"Guerre en Ukraine\u00a0: comment la France compte-t-elle financer l&rsquo;augmentation de ses d\u00e9penses militaires\u00a0?"},"content":{"rendered":"\n<p class=\"\">Pour investir davantage dans sa d\u00e9fense, le pays devra \u00ab\u00a0mobiliser des financements priv\u00e9s\u00a0\u00bb et \u00ab\u00a0publics\u00a0\u00bb, mais \u00ab\u00a0sans que les imp\u00f4ts soient augment\u00e9s\u00a0\u00bb, a assur\u00e9 mercredi Emmanuel Macron.La France entre-t-elle en&nbsp;<em>\u00ab\u00a0<a href=\"https:\/\/www.francetvinfo.fr\/replay-radio\/le-decryptage-eco\/que-veut-dire-mettre-en-place-une-economie-de-guerre_7078734.html\">\u00e9conomie de guerre<\/a>\u00ab\u00a0<\/em>&nbsp;? Face \u00e0&nbsp;<em>\u00ab\u00a0la menace russe\u00a0\u00bb<\/em>, et au&nbsp;<a href=\"https:\/\/www.francetvinfo.fr\/monde\/usa\/presidentielle\/donald-trump\/il-y-a-l-idee-que-la-force-doit-l-emporter-sur-le-droit-comment-donald-trump-bouscule-l-ordre-mondial-en-place-depuis-1945_7098012.html\">d\u00e9sengagement am\u00e9ricain sur l&rsquo;Ukraine,<\/a>&nbsp;Emmanuel Macron a annonc\u00e9 mercredi 5 mars,&nbsp;<a href=\"https:\/\/www.francetvinfo.fr\/politique\/emmanuel-macron\/face-a-la-menace-russe-rester-spectateur-serait-une-folie-ce-qu-il-faut-retenir-de-l-allocution-d-emmanuel-macron-consacree-a-la-guerre-en-ukraine_7112118.html\">lors d&rsquo;une allocution t\u00e9l\u00e9vis\u00e9e,<\/a>&nbsp;que le pays devrait faire de&nbsp;<em>\u00ab\u00a0nouveaux choix budg\u00e9taires\u00a0\u00bb<\/em>&nbsp;et d\u00e9ployer des&nbsp;<em>\u00ab\u00a0investissements suppl\u00e9mentaires (&#8230;) devenus indispensables\u00a0\u00bb&nbsp;<\/em>en mati\u00e8re de d\u00e9fense.&nbsp;<em>\u00ab\u00a0Depuis trois ans, les Russes d\u00e9pensent 10% de leur PIB dans la d\u00e9fense\u00a0\u00bb<\/em>, a expos\u00e9 dimanche le&nbsp;<em>pr\u00e9sident&nbsp;<\/em>au&nbsp;<a href=\"https:\/\/www.lefigaro.fr\/international\/ukraine-dissuasion-nucleaire-depenses-militaires-les-pistes-d-emmanuel-macron-pour-pousser-le-reveil-europeen-20250302\" target=\"_blank\" rel=\"noreferrer noopener\"><em>Figaro<\/em>(Nouvelle fen\u00eatre)<\/a>, justifiant son souhait de porter les d\u00e9penses militaires tricolores \u00e0 hauteur de \u00ab\u00a0<em>3, 3,5% du PIB&nbsp;<\/em>[produit int\u00e9rieur brut]<em>\u00ab\u00a0<\/em>.<\/p>\n\n\n\n<p class=\"\">Avec&nbsp;50,5 milliards d&rsquo;euros budg\u00e9t\u00e9s pour 2025, le pays&nbsp;consacre aujourd&rsquo;hui 2,1% de sa richesse nationale \u00e0 la d\u00e9fense. La&nbsp;<a href=\"https:\/\/www.francetvinfo.fr\/economie\/emploi\/metiers\/armee-et-securite\/que-contient-la-nouvelle-loi-de-programmation-militaire-en-passe-d-etre-adoptee-par-le-parlement_5947694.html\">loi de programmation militaire pour 2024-2030<\/a>&nbsp;pr\u00e9voit d\u00e9j\u00e0 d&rsquo;augmenter les cr\u00e9dits du budget de la d\u00e9fense d&rsquo;un peu plus de 3 milliards d&rsquo;euros chaque ann\u00e9e, pour&nbsp;<em>\u00ab\u00a0l&#8217;emmener autour de 68 milliards d&rsquo;euros\u00a0\u00bb<\/em>&nbsp;d&rsquo;ici \u00e0 la fin de la d\u00e9cennie, a expliqu\u00e9 jeudi le ministre des Arm\u00e9es&nbsp;<a href=\"https:\/\/www.francetvinfo.fr\/societe\/armee-securite-defense\/budget-de-la-defense-notre-armee-pourrait-atteindre-un-point-de-forme-convenable-autour-de-90-milliards-d-euros-par-an-avance-le-ministre-des-armees-sebastien-lecornu_7113483.html\" target=\"_blank\" rel=\"noreferrer noopener\">sur France Inter(Nouvelle fen\u00eatre)<\/a>, pour qui&nbsp;<em>\u00ab\u00a0il faut acc\u00e9l\u00e9rer\u00a0\u00bb<\/em>.&nbsp;<em>\u00ab\u00a0Notre arm\u00e9e pourrait atteindre un poids de forme convenable (&#8230;) autour de 90&nbsp;milliards d&rsquo;euros par an\u00a0\u00bb,&nbsp;<\/em>calcule S\u00e9bastien Lecornu.<\/p>\n\n\n\n<h2 class=\"wp-block-heading\">\u00ab\u00a0Des efforts\u00a0\u00bb budg\u00e9taires mais pas de hausse d&rsquo;imp\u00f4ts<\/h2>\n\n\n\n<p class=\"\">Ces objectifs<em>&nbsp;\u00ab\u00a0<\/em><em>exigeront de mobiliser des financements priv\u00e9s, mais aussi des financements publics\u00a0\u00bb<\/em>, a d\u00e9clar\u00e9 Emmanuel Macron. Le pr\u00e9sident a demand\u00e9 au gouvernement d&rsquo;y&nbsp;<em>\u00ab\u00a0travailler le plus vite possible\u00a0\u00bb. \u00ab\u00a0Il faudra des r\u00e9formes, des choix\u00a0\u00bb, mais \u00ab\u00a0sans que les imp\u00f4ts soient augment\u00e9s\u00a0\u00bb,&nbsp;<\/em>a-t-il pr\u00e9venu. Le Premier ministre a promis jeudi matin qu&rsquo;il d\u00e9voilerait ses propositions&nbsp;dans&nbsp;<em>\u00ab\u00a0les jours qui viennent\u00a0\u00bb<\/em>. Fran\u00e7ois Bayrou a d\u00e9j\u00e0 fait part de son souhait d&rsquo;<em>\u00ab\u00a0aller au-del\u00e0\u00a0\u00bb&nbsp;<\/em>de la loi de programmation militaire, \u00e9voquant&nbsp;<em>\u00ab\u00a0<\/em><em>une loi de r\u00e9armement\u00a0\u00bb&nbsp;<\/em>ou&nbsp;<em>\u00ab\u00a0une loi de s\u00e9curit\u00e9\u00a0\u00bb<\/em>.<\/p>\n\n\n\n<p class=\"\">En pleine&nbsp;<a href=\"https:\/\/www.francetvinfo.fr\/economie\/retraite\/reforme-des-retraites\/retraites-age-legal-de-depart-penibilite-financement-que-proposent-les-participants-au-conclave-charge-de-retravailler-la-reforme-a-partir-de-jeudi_7095477.html\">concertation des partenaires sociaux sur la r\u00e9forme des retraites<\/a>, le chef du gouvernement estime toutefois que cette&nbsp;<em>\u00ab\u00a0priorit\u00e9\u00a0\u00bb<\/em>&nbsp;accord\u00e9e \u00e0 la d\u00e9fense devra se faire&nbsp;<em>\u00ab\u00a0sans abandonner le mod\u00e8le social\u00a0\u00bb<\/em>.&nbsp;<em>\u00ab\u00a0Nous ne laisserons aucun des probl\u00e8mes du pays de c\u00f4t\u00e9\u00a0\u00bb<\/em>, a-t-il assur\u00e9. Interrog\u00e9 mardi&nbsp;<a href=\"https:\/\/www.francetvinfo.fr\/replay-radio\/8h30-fauvelle-dely\/hausse-des-depenses-militaires-aide-americaine-a-l-ukraine-droits-de-douanes-le-8h30-franceinfo-d-eric-lombard_7080765.html\">sur franceinfo<\/a>&nbsp;sur d&rsquo;\u00e9ventuelles coupes dans les budgets des autres minist\u00e8res pour financer ces d\u00e9penses, le ministre de l&rsquo;Economie est rest\u00e9 \u00e9vasif.&nbsp;<em>\u00ab\u00a0Il ne faut pas rogner dans les budgets\u00a0\u00bb<\/em>&nbsp;mais&nbsp;<em>\u00ab\u00a0regarder la fa\u00e7on dont l&rsquo;effort est partag\u00e9 entre les Fran\u00e7ais\u00a0\u00bb,<\/em>&nbsp;s&rsquo;est born\u00e9 \u00e0 r\u00e9pondre Eric Lombard. Ce dernier reconna\u00eet que la situation \u00ab\u00a0<em>imposera plus d&rsquo;efforts\u00a0\u00bb<\/em>, mais&nbsp;<em>\u00ab\u00a0\u00e7a ne peut pas \u00eatre moins de d\u00e9penses sociales\u00a0\u00bb.<\/em><\/p>\n\n\n\n<p class=\"\">Pour le locataire de Bercy, le&nbsp;<em>\u00ab\u00a0premier levier\u00a0\u00bb<\/em>&nbsp;pour&nbsp;<em>\u00ab\u00a0financer la d\u00e9fense nationale\u00a0\u00bb&nbsp;<\/em>et&nbsp;<em>\u00ab\u00a0\u00e9quilibrer nos finances publiques\u00a0\u00bb,<\/em>&nbsp;c&rsquo;est&nbsp;<em>\u00ab\u00a0le taux d&#8217;emploi\u00a0\u00bb<\/em>.&nbsp;<em>\u00ab\u00a0On n&rsquo;a pas assez de Fran\u00e7ais au travail, il faut mettre le paquet sur l&rsquo;activit\u00e9\u00a0\u00bb<\/em>, pr\u00f4ne-t-il, apr\u00e8s&nbsp;<a href=\"https:\/\/www.francetvinfo.fr\/economie\/emploi\/chomage\/croissance-au-ralenti-plans-sociaux-defaillances-d-entreprises-pourquoi-le-chomage-repart-fortement-a-la-hausse-en-france_7041359.html\">la hausse du ch\u00f4mage enregistr\u00e9e fin 2024<\/a>.<\/p>\n\n\n\n<h2 class=\"wp-block-heading\">Des produits d&rsquo;\u00e9pargne \u00ab\u00a0patriotiques\u00a0\u00bb<\/h2>\n\n\n\n<p class=\"\">L&rsquo;ex\u00e9cutif r\u00e9fl\u00e9chit \u00e9galement \u00e0 lancer de nouveaux\u00a0<em>\u00ab\u00a0produits d&rsquo;\u00e9pargne\u00a0\u00bb<\/em>\u00a0pour\u00a0<em>\u00ab\u00a0financer certains programmes\u00a0\u00bb<\/em>\u00a0de d\u00e9fense. Comme\u00a0<a href=\"https:\/\/www.francetvinfo.fr\/politique\/emmanuel-macron\/on-entre-dans-une-ere-nouvelle-ce-qu-il-faut-retenir-de-l-echange-entre-emmanuel-macron-et-des-internautes-sur-la-guerre-en-ukraine_7087845.html\">\u00e9voqu\u00e9 par Emmanuel Macron en f\u00e9vrier<\/a>, le ministre des Arm\u00e9es plaide pour que les Fran\u00e7ais puissent, sur la base du volontariat,\u00a0<em>\u00ab\u00a0placer de l&rsquo;argent de mani\u00e8re patriotique, voire r\u00e9mun\u00e9r\u00e9e\u00a0\u00bb. \u00ab\u00a0Pour mobiliser l&rsquo;\u00e9pargne des Fran\u00e7ais, certes, on peut jouer sur la carte sensible de la d\u00e9fense de la nation, mais l&rsquo;\u00e9pargnant va regarder le rendement\u00a0\u00bb,\u00a0<\/em>nuance l&rsquo;\u00e9conomiste Philippe Crevel\u00a0<a href=\"https:\/\/www.francetvinfo.fr\/replay-jt\/france-2\/20-heures\/depenses-militaires-ou-trouver-les-fonds_7112226.html\">sur France 2<\/a>.<em>\u00a0<\/em>Si le taux de r\u00e9mun\u00e9ration<em>\u00a0\u00ab\u00a0est tr\u00e8s faible, il va pr\u00e9f\u00e9rer le livret A ou les fonds euros de l&rsquo;assurance-vie\u00a0\u00bb,\u00a0<\/em>ajoute l&rsquo;expert.Le gouvernement entend aussi se tourner vers les banques, les compagnies d&rsquo;assurance et les fonds d&rsquo;investissement qui seront r\u00e9unis le 20 mars au minist\u00e8re de l&rsquo;Economie pour les pousser \u00e0 investir davantage dans les d\u00e9penses militaires. Quant aux entreprises, l&rsquo;<em>\u00ab\u00a0id\u00e9e d&rsquo;une r\u00e9quisition\u00a0\u00bb<\/em>&nbsp;est \u00e9cart\u00e9e, assure Eric Lombard.&nbsp;<em>\u00ab\u00a0E<\/em><em>n revanche, certaines unit\u00e9s industrielles qui ont d\u00fb fermer peuvent \u00eatre reconverties pour le d\u00e9veloppement de l&rsquo;effort de la d\u00e9fense\u00a0\u00bb<\/em>, propose le ministre, qui assure que la d\u00e9cision reviendra aux dirigeants d&rsquo;entreprises et non \u00e0 l&rsquo;Etat.<em><\/em><\/p>\n\n\n\n<h2 class=\"wp-block-heading\">Vers un assouplissement des r\u00e8gles budg\u00e9taires europ\u00e9ennes<\/h2>\n\n\n\n<p class=\"\">Pour Fran\u00e7ois Bayrou, ce r\u00e9armement ne doit pas intervenir au d\u00e9triment de l&rsquo;<em>\u00ab\u00a0<a href=\"https:\/\/www.francetvinfo.fr\/politique\/gouvernement-de-francois-bayrou\/budget-2025-le-gouvernement-bayrou-contraint-a-un-numero-d-equilibriste_7020320.html\">Himalaya budg\u00e9taire<\/a>\u00ab\u00a0<\/em>&nbsp;qu&rsquo;il avait d\u00e9crit \u00e0 son arriv\u00e9e \u00e0 Matignon. Apr\u00e8s&nbsp;<a href=\"https:\/\/www.francetvinfo.fr\/economie\/deficit\/la-cour-des-comptes-met-la-france-en-garde-face-a-une-depense-publique-en-roue-libre_7072404.html\">un d\u00e9ficit public \u00e0 6% du PIB en 2024<\/a>&nbsp;et attendu \u00e0 5,4% cette ann\u00e9e, le Premier ministre juge que le<em>&nbsp;\u00ab\u00a0souci des finances publiques\u00a0\u00bb<\/em>&nbsp;doit rester l&rsquo;une des&nbsp;<em>\u00ab\u00a0priorit\u00e9s\u00a0\u00bb<\/em>&nbsp;de l&rsquo;Etat. L&rsquo;ex\u00e9cutif entend toujours rentrer dans les clous europ\u00e9ens en ramenant son d\u00e9ficit \u00e0 3% d&rsquo;ici 2029.&nbsp;Face \u00e0 un cadre financier contraint, la France et les 26 autres Etats membres, r\u00e9unis jeudi pour un Conseil europ\u00e9en sp\u00e9cial, vont tenter de se redonner des marges de man\u0153uvre.&nbsp;<em>\u00ab\u00a0Les Etats membres pourront accro\u00eetre leurs d\u00e9penses militaires sans que cela soit pris en compte dans leur d\u00e9ficit\u00a0\u00bb<\/em>, a expliqu\u00e9 mercredi Emmanuel Macron.<\/p>\n","protected":false},"excerpt":{"rendered":"<p>Pour investir davantage dans sa d\u00e9fense, le pays devra \u00ab\u00a0mobiliser des financements priv\u00e9s\u00a0\u00bb et \u00ab\u00a0publics\u00a0\u00bb, mais \u00ab\u00a0sans que les imp\u00f4ts soient augment\u00e9s\u00a0\u00bb, a assur\u00e9 mercredi Emmanuel Macron.La France entre-t-elle en&nbsp;\u00ab\u00a0\u00e9conomie de guerre\u00ab\u00a0&nbsp;? Face \u00e0&nbsp;\u00ab\u00a0la menace russe\u00a0\u00bb, et au&nbsp;d\u00e9sengagement am\u00e9ricain sur l&rsquo;Ukraine,&nbsp;Emmanuel Macron a annonc\u00e9 mercredi 5 mars,&nbsp;lors d&rsquo;une allocution t\u00e9l\u00e9vis\u00e9e,&nbsp;que le pays devrait faire de&nbsp;\u00ab\u00a0nouveaux [&hellip;]<\/p>\n","protected":false},"author":2,"featured_media":33696,"comment_status":"open","ping_status":"open","sticky":false,"template":"","format":"standard","meta":{"_jetpack_memberships_contains_paid_content":false,"footnotes":"","jetpack_publicize_message":"","jetpack_publicize_feature_enabled":true,"jetpack_social_post_already_shared":true,"jetpack_social_options":{"image_generator_settings":{"template":"highway","enabled":true,"token":"eyJpbWciOiJodHRwczpcL1wvd3d3LmljZWFnZXR2LmNvbVwvcmFkaW9zaXRlXC93cC1jb250ZW50XC91cGxvYWRzXC8yMDI1XC8wM1wvcmhVdmlaanYuanBnIiwidHh0IjoiR3VlcnJlIGVuIFVrcmFpbmVcdTAwYTA6IGNvbW1lbnQgbGEgRnJhbmNlIGNvbXB0ZS10LWVsbGUgZmluYW5jZXIgbCYjODIxNzthdWdtZW50YXRpb24gZGUgc2VzIGRcdTAwZTlwZW5zZXMgbWlsaXRhaXJlc1x1MDBhMD8iLCJ0ZW1wbGF0ZSI6ImhpZ2h3YXkiLCJibG9nX2lkIjoxMTEwMTY0NjF9.DDiz8w3nTCKx4d-ZEZUGql7ZvV2tIEj5vJb3NMdiAxgMQ"},"version":2},"_wpas_customize_per_network":false},"categories":[405],"tags":[],"class_list":["post-33727","post","type-post","status-publish","format-standard","has-post-thumbnail","hentry","category-actu-france-monde"],"jetpack_publicize_connections":[],"jetpack_featured_media_url":"https:\/\/i0.wp.com\/www.iceagetv.com\/radiosite\/wp-content\/uploads\/2025\/03\/rhUviZjv.jpg?fit=679%2C293&ssl=1","jetpack_sharing_enabled":true,"_links":{"self":[{"href":"https:\/\/www.iceagetv.com\/radiosite\/wp-json\/wp\/v2\/posts\/33727","targetHints":{"allow":["GET"]}}],"collection":[{"href":"https:\/\/www.iceagetv.com\/radiosite\/wp-json\/wp\/v2\/posts"}],"about":[{"href":"https:\/\/www.iceagetv.com\/radiosite\/wp-json\/wp\/v2\/types\/post"}],"author":[{"embeddable":true,"href":"https:\/\/www.iceagetv.com\/radiosite\/wp-json\/wp\/v2\/users\/2"}],"replies":[{"embeddable":true,"href":"https:\/\/www.iceagetv.com\/radiosite\/wp-json\/wp\/v2\/comments?post=33727"}],"version-history":[{"count":1,"href":"https:\/\/www.iceagetv.com\/radiosite\/wp-json\/wp\/v2\/posts\/33727\/revisions"}],"predecessor-version":[{"id":33728,"href":"https:\/\/www.iceagetv.com\/radiosite\/wp-json\/wp\/v2\/posts\/33727\/revisions\/33728"}],"wp:featuredmedia":[{"embeddable":true,"href":"https:\/\/www.iceagetv.com\/radiosite\/wp-json\/wp\/v2\/media\/33696"}],"wp:attachment":[{"href":"https:\/\/www.iceagetv.com\/radiosite\/wp-json\/wp\/v2\/media?parent=33727"}],"wp:term":[{"taxonomy":"category","embeddable":true,"href":"https:\/\/www.iceagetv.com\/radiosite\/wp-json\/wp\/v2\/categories?post=33727"},{"taxonomy":"post_tag","embeddable":true,"href":"https:\/\/www.iceagetv.com\/radiosite\/wp-json\/wp\/v2\/tags?post=33727"}],"curies":[{"name":"wp","href":"https:\/\/api.w.org\/{rel}","templated":true}]}}