{"id":33731,"date":"2025-03-07T08:27:25","date_gmt":"2025-03-07T07:27:25","guid":{"rendered":"https:\/\/www.iceagetv.com\/radiosite\/?p=33731"},"modified":"2025-03-07T08:27:30","modified_gmt":"2025-03-07T07:27:30","slug":"gare-du-nord-une-bombe-de-la-seconde-guerre-mondiale-decouverte-le-trafic-totalement-interrompu","status":"publish","type":"post","link":"https:\/\/www.iceagetv.com\/radiosite\/gare-du-nord-une-bombe-de-la-seconde-guerre-mondiale-decouverte-le-trafic-totalement-interrompu\/","title":{"rendered":"Gare du Nord: une bombe de la Seconde Guerre mondiale d\u00e9couverte, le trafic totalement interrompu"},"content":{"rendered":"\n<p class=\"\">Une bombe non explos\u00e9e datant de la Seconde guerre mondiale a \u00e9t\u00e9 d\u00e9couverte \u00ab\u00a0\u00e0 proximit\u00e9 des voies\u00a0\u00bb. La circulation au d\u00e9part et \u00e0 l&rsquo;arriv\u00e9e de la gare du Nord, \u00e0 Paris, est perturb\u00e9e.<\/p>\n\n\n\n<p class=\"\">La circulation des trains au d\u00e9part et \u00e0 l&rsquo;arriv\u00e9e de la gare du Nord \u00e0 Paris est totalement interrompue dans la matin\u00e9e de ce vendredi 7 mars. En cause, \u00ab\u00a0la d\u00e9couverte dans la nuit d\u2019une bombe non explos\u00e9e de la Seconde Guerre mondiale lors de travaux r\u00e9alis\u00e9s en amont de Paris Gare du Nord\u00a0\u00bb, indique la direction de la SNCF \u00e0 BFMTV.<\/p>\n\n\n\n<p class=\"\">L&rsquo;arr\u00eat du trafic a \u00e9t\u00e9 ordonn\u00e9 \u00ab\u00a0\u00e0 la demande de la pr\u00e9fecture de Police de Paris\u00a0\u00bb, pr\u00e9cise la soci\u00e9t\u00e9 ferroviaire. La bombe a \u00e9t\u00e9 d\u00e9couverte au niveau de Saint-Denis,\u00a0\u00ab\u00a0\u00e0 2,5 kilom\u00e8tres de la gare, au milieu des voies\u00a0\u00bb, et \u00ab\u00a0aucun train ne peut passer sur la zone\u00a0\u00bb.TGV, TER, Eurostar et RER touch\u00e9s par les annulations et les retards<\/p>\n\n\n\n<p class=\"\">En cons\u00e9quence, la circulation de nombreuses liaisons ferroviaires est \u00e0 minima retard\u00e9e, voire supprim\u00e9e pour certains trains.<\/p>\n\n\n\n<p class=\"\">Aucune circulation n&rsquo;est effective sur l&rsquo;Eurostar d&rsquo;apr\u00e8s la SNCF. La circulation des Eurostar Continental est, elle, \u00ab\u00a0report\u00e9e \u00e0 Marne-la-Vall\u00e9e\u00a0\u00bb.<\/p>\n\n\n\n<p class=\"\">Sur les lignes TER, \u00ab\u00a0la circulation sera tr\u00e8s fortement perturb\u00e9e\u00a0\u00bb indique la direction de la communication de la SNCF.La circulation des RER B et des RER D est aussi s\u00e9v\u00e8rement touch\u00e9e par l&rsquo;incident. Le \u00ab\u00a0RER B [est] report\u00e9 \u00e0 la Plaine Stade de France et \u00e0 Aulnay-sous-Bois\u00a0\u00bb, tandis que le \u00ab\u00a0RER D [est] report\u00e9 \u00e0 Stade de France Saint-Denis\u00a0\u00bb.<\/p>\n\n\n\n<p class=\"\">\u00ab\u00a0Les clients concern\u00e9s sont invit\u00e9s \u00e0 reporter leur voyage\u00a0\u00bb, conclut la soci\u00e9t\u00e9 ferroviaire.<\/p>\n","protected":false},"excerpt":{"rendered":"<p>Une bombe non explos\u00e9e datant de la Seconde guerre mondiale a \u00e9t\u00e9 d\u00e9couverte \u00ab\u00a0\u00e0 proximit\u00e9 des voies\u00a0\u00bb. La circulation au d\u00e9part et \u00e0 l&rsquo;arriv\u00e9e de la gare du Nord, \u00e0 Paris, est perturb\u00e9e. La circulation des trains au d\u00e9part et \u00e0 l&rsquo;arriv\u00e9e de la gare du Nord \u00e0 Paris est totalement interrompue dans la matin\u00e9e [&hellip;]<\/p>\n","protected":false},"author":2,"featured_media":33732,"comment_status":"open","ping_status":"open","sticky":false,"template":"","format":"standard","meta":{"_jetpack_memberships_contains_paid_content":false,"footnotes":"","jetpack_publicize_message":"","jetpack_publicize_feature_enabled":true,"jetpack_social_post_already_shared":true,"jetpack_social_options":{"image_generator_settings":{"template":"highway","enabled":true,"token":"eyJpbWciOiJodHRwczpcL1wvd3d3LmljZWFnZXR2LmNvbVwvcmFkaW9zaXRlXC93cC1jb250ZW50XC91cGxvYWRzXC8yMDI1XC8wM1wvMzUwMzAwLmpwZyIsInR4dCI6IkdhcmUgZHUgTm9yZDogdW5lIGJvbWJlIGRlIGxhIFNlY29uZGUgR3VlcnJlIG1vbmRpYWxlIGRcdTAwZTljb3V2ZXJ0ZSwgbGUgdHJhZmljIHRvdGFsZW1lbnQgaW50ZXJyb21wdSIsInRlbXBsYXRlIjoiaGlnaHdheSIsImJsb2dfaWQiOjExMTAxNjQ2MX0.UorPcl7tKok-rHcWr76uvnKv3VJiOtEkYAhA6rX3I0cMQ"},"version":2},"_wpas_customize_per_network":false},"categories":[405],"tags":[],"class_list":["post-33731","post","type-post","status-publish","format-standard","has-post-thumbnail","hentry","category-actu-france-monde"],"jetpack_publicize_connections":[],"jetpack_featured_media_url":"https:\/\/i0.wp.com\/www.iceagetv.com\/radiosite\/wp-content\/uploads\/2025\/03\/350300.jpg?fit=800%2C450&ssl=1","jetpack_sharing_enabled":true,"_links":{"self":[{"href":"https:\/\/www.iceagetv.com\/radiosite\/wp-json\/wp\/v2\/posts\/33731","targetHints":{"allow":["GET"]}}],"collection":[{"href":"https:\/\/www.iceagetv.com\/radiosite\/wp-json\/wp\/v2\/posts"}],"about":[{"href":"https:\/\/www.iceagetv.com\/radiosite\/wp-json\/wp\/v2\/types\/post"}],"author":[{"embeddable":true,"href":"https:\/\/www.iceagetv.com\/radiosite\/wp-json\/wp\/v2\/users\/2"}],"replies":[{"embeddable":true,"href":"https:\/\/www.iceagetv.com\/radiosite\/wp-json\/wp\/v2\/comments?post=33731"}],"version-history":[{"count":1,"href":"https:\/\/www.iceagetv.com\/radiosite\/wp-json\/wp\/v2\/posts\/33731\/revisions"}],"predecessor-version":[{"id":33733,"href":"https:\/\/www.iceagetv.com\/radiosite\/wp-json\/wp\/v2\/posts\/33731\/revisions\/33733"}],"wp:featuredmedia":[{"embeddable":true,"href":"https:\/\/www.iceagetv.com\/radiosite\/wp-json\/wp\/v2\/media\/33732"}],"wp:attachment":[{"href":"https:\/\/www.iceagetv.com\/radiosite\/wp-json\/wp\/v2\/media?parent=33731"}],"wp:term":[{"taxonomy":"category","embeddable":true,"href":"https:\/\/www.iceagetv.com\/radiosite\/wp-json\/wp\/v2\/categories?post=33731"},{"taxonomy":"post_tag","embeddable":true,"href":"https:\/\/www.iceagetv.com\/radiosite\/wp-json\/wp\/v2\/tags?post=33731"}],"curies":[{"name":"wp","href":"https:\/\/api.w.org\/{rel}","templated":true}]}}