{"id":33750,"date":"2025-03-07T17:23:02","date_gmt":"2025-03-07T16:23:02","guid":{"rendered":"https:\/\/www.iceagetv.com\/radiosite\/?p=33750"},"modified":"2025-03-07T17:23:07","modified_gmt":"2025-03-07T16:23:07","slug":"bombe-pres-de-la-gare-du-nord-les-operations-de-deminage-terminees-le-trafic-reprendra-a-partir-de-18h","status":"publish","type":"post","link":"https:\/\/www.iceagetv.com\/radiosite\/bombe-pres-de-la-gare-du-nord-les-operations-de-deminage-terminees-le-trafic-reprendra-a-partir-de-18h\/","title":{"rendered":"Bombe pr\u00e8s de la gare du Nord : les op\u00e9rations de d\u00e9minage termin\u00e9es, le trafic reprendra \u00e0 partir de 18h"},"content":{"rendered":"\n<p class=\"\">Apr\u00e8s une journ\u00e9e noire dans les transports en raison d&rsquo;une bombe d\u00e9couverte \u00e0 Saint-Denis, les op\u00e9rations de d\u00e9minage sont termin\u00e9es. Le trafic doit reprendre \u00e0 partir de 18h.Apr\u00e8s une journ\u00e9e rocambolesque dans&nbsp;<a href=\"https:\/\/actu.fr\/tag\/transport\">les transports<\/a>&nbsp;\u00e0 la suite de&nbsp;<a href=\"https:\/\/actu.fr\/ile-de-france\/saint-denis_93066\/trafic-perturbe-trains-reportes-ce-qu-il-faut-savoir-apres-la-decouverte-d-une-bombe-pres-de-gare-du-nord_62341384.html\">la d\u00e9couverte d\u2019une bombe de 500 kilos d\u00e9couverte \u00e0 Saint-Denis<\/a>&nbsp;(Seine-Saint-Denis),&nbsp;<a href=\"https:\/\/actu.fr\/tag\/prefecture-de-police-de-paris\">le pr\u00e9fet de Police, Laurent Nu\u00f1ez<\/a>, a annonc\u00e9 un peu apr\u00e8s que l\u2019obus \u00ab\u2009a \u00e9t\u00e9 neutralis\u00e9\u2009\u00bb et que les \u00ab\u2009p\u00e9rim\u00e8tres de s\u00e9curit\u00e9\u2009\u00bb vont \u00eatre lev\u00e9s.<\/p>\n\n\n\n<p class=\"\">Pr\u00e8s de\u00a0<strong>300 policiers<\/strong>\u00a0ont \u00e9t\u00e9 mobilis\u00e9s sur cette op\u00e9ration, pr\u00e9cise Laurent Nu\u00f1ez.L\u2019A1 a rouvert<\/p>\n\n\n\n<p class=\"\">Par cons\u00e9quent, les transports rejoignant la gare du Nord vont pouvoir reprendre leur trafic, indique Philippe Tabarot lors d\u2019un point presse. D\u00e8s 18\u00a0heures pour une reprise progressive avant que le trafic ne revienne quasi \u00e0 la normale d\u00e8s 20h.Les lignes de\u00a0<a href=\"https:\/\/actu.fr\/tag\/rer-b\">RER B<\/a>\u00a0et\u00a0<a href=\"https:\/\/actu.fr\/tag\/rer-d\">D<\/a>\u00a0entre\u00a0<a href=\"https:\/\/actu.fr\/tag\/gare-du-nord\">la gare du Nord<\/a>\u00a0et le Stade de France, ainsi que les lignes K et H du\u00a0<a href=\"https:\/\/actu.fr\/tag\/transilien\">Transilien<\/a>.\u00c9galement ferm\u00e9e entre Porte d\u2019Aubervilliers et Porte de Clignancourt depuis la fin de matin\u00e9e,\u00a0<a href=\"https:\/\/actu.fr\/tag\/autoroute-1-a1\">l\u2019autoroute A1<\/a>\u00a0a \u00e9galement rouvert ces derni\u00e8res minutes, confirme le ministre des Transports.<\/p>\n","protected":false},"excerpt":{"rendered":"<p>Apr\u00e8s une journ\u00e9e noire dans les transports en raison d&rsquo;une bombe d\u00e9couverte \u00e0 Saint-Denis, les op\u00e9rations de d\u00e9minage sont termin\u00e9es. Le trafic doit reprendre \u00e0 partir de 18h.Apr\u00e8s une journ\u00e9e rocambolesque dans&nbsp;les transports&nbsp;\u00e0 la suite de&nbsp;la d\u00e9couverte d\u2019une bombe de 500 kilos d\u00e9couverte \u00e0 Saint-Denis&nbsp;(Seine-Saint-Denis),&nbsp;le pr\u00e9fet de Police, Laurent Nu\u00f1ez, a annonc\u00e9 un peu apr\u00e8s [&hellip;]<\/p>\n","protected":false},"author":2,"featured_media":33752,"comment_status":"open","ping_status":"open","sticky":false,"template":"","format":"standard","meta":{"_jetpack_memberships_contains_paid_content":false,"footnotes":"","jetpack_publicize_message":"","jetpack_publicize_feature_enabled":true,"jetpack_social_post_already_shared":true,"jetpack_social_options":{"image_generator_settings":{"template":"highway","enabled":true,"token":"eyJpbWciOiJodHRwczpcL1wvd3d3LmljZWFnZXR2LmNvbVwvcmFkaW9zaXRlXC93cC1jb250ZW50XC91cGxvYWRzXC8yMDI1XC8wM1wvcHJlZmVjdHVyZS1ib21iZS1wYXJpcy05NjB4NjQwLTEuanBnIiwidHh0IjoiQm9tYmUgcHJcdTAwZThzIGRlIGxhIGdhcmUgZHUgTm9yZCA6IGxlcyBvcFx1MDBlOXJhdGlvbnMgZGUgZFx1MDBlOW1pbmFnZSB0ZXJtaW5cdTAwZTllcywgbGUgdHJhZmljIHJlcHJlbmRyYSBcdTAwZTAgcGFydGlyIGRlIDE4aCIsInRlbXBsYXRlIjoiaGlnaHdheSIsImJsb2dfaWQiOjExMTAxNjQ2MX0._e_qAN8RXJNI1FFCJX1U6s83014O39Lmy5ugUlkJ5y4MQ"},"version":2},"_wpas_customize_per_network":false},"categories":[405],"tags":[],"class_list":["post-33750","post","type-post","status-publish","format-standard","has-post-thumbnail","hentry","category-actu-france-monde"],"jetpack_publicize_connections":[],"jetpack_featured_media_url":"https:\/\/i0.wp.com\/www.iceagetv.com\/radiosite\/wp-content\/uploads\/2025\/03\/prefecture-bombe-paris-960x640-1.jpg?fit=960%2C640&ssl=1","jetpack_sharing_enabled":true,"_links":{"self":[{"href":"https:\/\/www.iceagetv.com\/radiosite\/wp-json\/wp\/v2\/posts\/33750","targetHints":{"allow":["GET"]}}],"collection":[{"href":"https:\/\/www.iceagetv.com\/radiosite\/wp-json\/wp\/v2\/posts"}],"about":[{"href":"https:\/\/www.iceagetv.com\/radiosite\/wp-json\/wp\/v2\/types\/post"}],"author":[{"embeddable":true,"href":"https:\/\/www.iceagetv.com\/radiosite\/wp-json\/wp\/v2\/users\/2"}],"replies":[{"embeddable":true,"href":"https:\/\/www.iceagetv.com\/radiosite\/wp-json\/wp\/v2\/comments?post=33750"}],"version-history":[{"count":1,"href":"https:\/\/www.iceagetv.com\/radiosite\/wp-json\/wp\/v2\/posts\/33750\/revisions"}],"predecessor-version":[{"id":33753,"href":"https:\/\/www.iceagetv.com\/radiosite\/wp-json\/wp\/v2\/posts\/33750\/revisions\/33753"}],"wp:featuredmedia":[{"embeddable":true,"href":"https:\/\/www.iceagetv.com\/radiosite\/wp-json\/wp\/v2\/media\/33752"}],"wp:attachment":[{"href":"https:\/\/www.iceagetv.com\/radiosite\/wp-json\/wp\/v2\/media?parent=33750"}],"wp:term":[{"taxonomy":"category","embeddable":true,"href":"https:\/\/www.iceagetv.com\/radiosite\/wp-json\/wp\/v2\/categories?post=33750"},{"taxonomy":"post_tag","embeddable":true,"href":"https:\/\/www.iceagetv.com\/radiosite\/wp-json\/wp\/v2\/tags?post=33750"}],"curies":[{"name":"wp","href":"https:\/\/api.w.org\/{rel}","templated":true}]}}