{"id":33774,"date":"2025-03-08T18:47:48","date_gmt":"2025-03-08T17:47:48","guid":{"rendered":"https:\/\/www.iceagetv.com\/radiosite\/?p=33774"},"modified":"2025-03-08T18:47:53","modified_gmt":"2025-03-08T17:47:53","slug":"vents-violents-trois-departements-places-en-vigilance-orange-ce-dimanche","status":"publish","type":"post","link":"https:\/\/www.iceagetv.com\/radiosite\/vents-violents-trois-departements-places-en-vigilance-orange-ce-dimanche\/","title":{"rendered":"Vents violents: trois d\u00e9partements plac\u00e9s en vigilance orange ce dimanche"},"content":{"rendered":"\n<p class=\"\">Des vents violents sont attendus dimanche 9 mars dans la Haute-Garonne, le Tarn et l&rsquo;H\u00e9rault. Les trois d\u00e9partements seront plac\u00e9s en vigilance orange.<\/p>\n\n\n\n<p class=\"\"><a href=\"https:\/\/www.bfmtv.com\/meteo\/intemperies\/des-rafales-jusqu-a-120km-h-la-haute-garonne-et-le-tarn-en-vigilance-orange-pour-vents-samedi_AN-202503070525.html\">La Haute-Garonne et le Tarn&nbsp;<\/a>resteront ce dimanche 9 mars en vigilance orange pour vents violents, a annonc\u00e9 M\u00e9t\u00e9o-France, vigilance \u00e0 laquelle va s&rsquo;ajouter l&rsquo;H\u00e9rault dans la matin\u00e9e.<\/p>\n\n\n\n<p class=\"\">Trois d\u00e9partements au total seront donc en vigilance orange dimanche pour ce m\u00eame param\u00e8tre vent. Dimanche matin en M\u00e9diterran\u00e9e, \u00ab\u00a0le vent d&rsquo;est se renforce\u00a0\u00bb et \u00ab\u00a0les rafales pourront d\u00e9passer les 100 km\/h sur les plaines littorales de l&rsquo;H\u00e9rault pendant quelques heures en fin de matin\u00e9e\u00a0\u00bb, pr\u00e9cise M\u00e9t\u00e9o-France, dont la vigilance orange pour l&rsquo;H\u00e9rault d\u00e9bute \u00e0 10 heures et court jusqu&rsquo;en tout d\u00e9but d&rsquo;apr\u00e8s-midi.Plus de 100 km\/h<\/p>\n\n\n\n<p class=\"\">Cet \u00ab\u00a0\u00e9pisode de&nbsp;<a href=\"https:\/\/www.bfmtv.com\/meteo\/le-vent-qui-rend-fou-qu-est-ce-que-l-autan-noir-qui-souffle-sur-le-sud-ouest-de-la-france_AV-202503060960.html\">vent d&rsquo;autan<\/a>&nbsp;durable avec un pic d&rsquo;intensit\u00e9 entre ce samedi et dimanche\u00a0\u00bb concerne \u00e9galement les d\u00e9partements de Haute-Garonne et du Tarn, plac\u00e9s en vigilance orange pour la journ\u00e9e de samedi et qui le resteront dimanche.<\/p>\n\n\n\n<p class=\"\">\u00ab\u00a0On a relev\u00e9 en fin de matin\u00e9e 107 km\/h \u00e0 Castres, 104 km\/h \u00e0 Saint-F\u00e9lix-Lauragais\u00a0\u00bb ou encore \u00ab\u00a0104 km\/h \u00e0 Toulouse Blagnac\u00a0\u00bb vers 14h30, ajoute M\u00e9t\u00e9o-France, qui pr\u00e9vient que ce vent \u00ab\u00a0soutenu et turbulent\u00a0\u00bb va s&rsquo;intensifier d&rsquo;ici dimanche matin.\u00a0\u00bbDes rafales voisines de 100 km\/h sont pr\u00e9vues entre Castelnaudary et Toulouse, entre Mazamet et Castres, avec des pointes aux alentours de 120 km\/h sur les hauteurs du Lauragais et le pied de la Montagne Noire\u00a0\u00bb, souligne l&rsquo;institut m\u00e9t\u00e9orologique, rappelant que le \u00ab\u00a0dernier \u00e9pisode d&rsquo;autan assez comparable remonte \u00e0 avril 2022\u00a0\u00bb. \u00ab\u00a0Le vent faiblira dimanche en fin de matin\u00e9e, d\u00e9but d&rsquo;apr\u00e8s-midi\u00a0\u00bb, poursuit M\u00e9t\u00e9o-France.<\/p>\n","protected":false},"excerpt":{"rendered":"<p>Des vents violents sont attendus dimanche 9 mars dans la Haute-Garonne, le Tarn et l&rsquo;H\u00e9rault. Les trois d\u00e9partements seront plac\u00e9s en vigilance orange. La Haute-Garonne et le Tarn&nbsp;resteront ce dimanche 9 mars en vigilance orange pour vents violents, a annonc\u00e9 M\u00e9t\u00e9o-France, vigilance \u00e0 laquelle va s&rsquo;ajouter l&rsquo;H\u00e9rault dans la matin\u00e9e. Trois d\u00e9partements au total seront [&hellip;]<\/p>\n","protected":false},"author":2,"featured_media":33775,"comment_status":"open","ping_status":"open","sticky":false,"template":"","format":"standard","meta":{"_jetpack_memberships_contains_paid_content":false,"footnotes":"","jetpack_publicize_message":"","jetpack_publicize_feature_enabled":true,"jetpack_social_post_already_shared":true,"jetpack_social_options":{"image_generator_settings":{"template":"highway","enabled":true,"token":"eyJpbWciOiJodHRwczpcL1wvd3d3LmljZWFnZXR2LmNvbVwvcmFkaW9zaXRlXC93cC1jb250ZW50XC91cGxvYWRzXC8yMDI1XC8wM1wvdHJvaXMtZGVwYXJ0ZW1lbnRzLXBsYWNlcy1lbi12aWdpbGFuY2Utb3JhbmdlLWNlLWRpbWFuY2hlLmpwZyIsInR4dCI6IlZlbnRzIHZpb2xlbnRzOiB0cm9pcyBkXHUwMGU5cGFydGVtZW50cyBwbGFjXHUwMGU5cyBlbiB2aWdpbGFuY2Ugb3JhbmdlIGNlIGRpbWFuY2hlIiwidGVtcGxhdGUiOiJoaWdod2F5IiwiYmxvZ19pZCI6MTExMDE2NDYxfQ.blR38UYA7o4MupOE-r-ELcXYa1ZdQCAuLoECUPZT1fYMQ"},"version":2},"_wpas_customize_per_network":false},"categories":[14],"tags":[],"class_list":["post-33774","post","type-post","status-publish","format-standard","has-post-thumbnail","hentry","category-actu-meteo"],"jetpack_publicize_connections":[],"jetpack_featured_media_url":"https:\/\/i0.wp.com\/www.iceagetv.com\/radiosite\/wp-content\/uploads\/2025\/03\/trois-departements-places-en-vigilance-orange-ce-dimanche.jpg?fit=452%2C601&ssl=1","jetpack_sharing_enabled":true,"_links":{"self":[{"href":"https:\/\/www.iceagetv.com\/radiosite\/wp-json\/wp\/v2\/posts\/33774","targetHints":{"allow":["GET"]}}],"collection":[{"href":"https:\/\/www.iceagetv.com\/radiosite\/wp-json\/wp\/v2\/posts"}],"about":[{"href":"https:\/\/www.iceagetv.com\/radiosite\/wp-json\/wp\/v2\/types\/post"}],"author":[{"embeddable":true,"href":"https:\/\/www.iceagetv.com\/radiosite\/wp-json\/wp\/v2\/users\/2"}],"replies":[{"embeddable":true,"href":"https:\/\/www.iceagetv.com\/radiosite\/wp-json\/wp\/v2\/comments?post=33774"}],"version-history":[{"count":1,"href":"https:\/\/www.iceagetv.com\/radiosite\/wp-json\/wp\/v2\/posts\/33774\/revisions"}],"predecessor-version":[{"id":33776,"href":"https:\/\/www.iceagetv.com\/radiosite\/wp-json\/wp\/v2\/posts\/33774\/revisions\/33776"}],"wp:featuredmedia":[{"embeddable":true,"href":"https:\/\/www.iceagetv.com\/radiosite\/wp-json\/wp\/v2\/media\/33775"}],"wp:attachment":[{"href":"https:\/\/www.iceagetv.com\/radiosite\/wp-json\/wp\/v2\/media?parent=33774"}],"wp:term":[{"taxonomy":"category","embeddable":true,"href":"https:\/\/www.iceagetv.com\/radiosite\/wp-json\/wp\/v2\/categories?post=33774"},{"taxonomy":"post_tag","embeddable":true,"href":"https:\/\/www.iceagetv.com\/radiosite\/wp-json\/wp\/v2\/tags?post=33774"}],"curies":[{"name":"wp","href":"https:\/\/api.w.org\/{rel}","templated":true}]}}