{"id":33782,"date":"2025-03-09T11:39:08","date_gmt":"2025-03-09T10:39:08","guid":{"rendered":"https:\/\/www.iceagetv.com\/radiosite\/?p=33782"},"modified":"2025-03-09T11:39:12","modified_gmt":"2025-03-09T10:39:12","slug":"gerald-darmanin-annonce-quil-suspend-le-programme-de-distribution-aux-prisonniers-de-milliers-de-tablettes-numeriques-pour-125-millions-deuros-apres-les-revelations-de-vendredi","status":"publish","type":"post","link":"https:\/\/www.iceagetv.com\/radiosite\/gerald-darmanin-annonce-quil-suspend-le-programme-de-distribution-aux-prisonniers-de-milliers-de-tablettes-numeriques-pour-125-millions-deuros-apres-les-revelations-de-vendredi\/","title":{"rendered":"G\u00e9rald Darmanin annonce qu&rsquo;il suspend le programme de distribution aux prisonniers de milliers de tablettes num\u00e9riques pour 125 millions d\u2019euros, apr\u00e8s les r\u00e9v\u00e9lations de vendredi"},"content":{"rendered":"\n<p class=\"\">G\u00e9rald Darmanin annonce qu&rsquo;il suspend le programme de distribution aux prisonniers de milliers de tablettes num\u00e9riques pour 125 millions d\u2019euros, apr\u00e8s les r\u00e9v\u00e9lations de vendredi. Selon le Figaro, G\u00e9rald Darmanin a demand\u00e9 \u00e0 l\u2019administration p\u00e9nitentiaire un moratoire et la mise en place d\u2019un audit sur les dysfonctionnements, dont les r\u00e9sultats devront \u00eatre rendus dans 15 jours.<\/p>\n\n\n\n<p class=\"\">Dans l\u2019attente de ces conclusions, le d\u00e9blocage des cr\u00e9dits restants, 65 millions d\u2019euros, est gel\u00e9.<\/p>\n\n\n\n<p class=\"\">Le programme, con\u00e7u dans le but d\u2019aider les prisonniers \u00e0 accomplir certaines t\u00e2ches via des tablettes num\u00e9riques sans l\u2019aide des gardiens &#8211; r\u00e9daction du courrier, gestion de leur planning de parloir &#8211; a \u00e9t\u00e9 d\u00e9tourn\u00e9 de sa vis\u00e9e pratique.<\/p>\n\n\n\n<p class=\"\">\u00abEn fait, il suffisait de les r\u00e9initialiser, en appuyant en m\u00eame temps sur le bouton power et le bouton volume\u00bb a fanfaronn\u00e9 un prisonnier aupr\u00e8s du Figaro.<\/p>\n\n\n\n<p class=\"\">Cette manipulation d\u2019un niveau technologique simple a permis \u00e0 ceux qui avaient d\u00e9j\u00e0 un t\u00e9l\u00e9phone disposant d\u2019une connexion \u00e0 Internet de partager ce r\u00e9seau pour connecter la tablette. Et de se vanter sur les r\u00e9seaux sociaux d\u2019avoir bern\u00e9 l\u2019administration p\u00e9nitentiaire.<\/p>\n\n\n\n<p class=\"\">Vendredi, aupr\u00e8s du Figaro, le minist\u00e8re de la Justice indiquait qu&rsquo;\u00e0 l&rsquo;heure actuelle, 16.000 cellules sont \u00e9quip\u00e9es de tablettes. La Chancellerie vise un total de 25.000 tablettes pour un co\u00fbt total repr\u00e9sentant \u00ab\u00a0autour de 125 millions d\u2019euros\u00a0\u00bb.<\/p>\n","protected":false},"excerpt":{"rendered":"<p>G\u00e9rald Darmanin annonce qu&rsquo;il suspend le programme de distribution aux prisonniers de milliers de tablettes num\u00e9riques pour 125 millions d\u2019euros, apr\u00e8s les r\u00e9v\u00e9lations de vendredi. Selon le Figaro, G\u00e9rald Darmanin a demand\u00e9 \u00e0 l\u2019administration p\u00e9nitentiaire un moratoire et la mise en place d\u2019un audit sur les dysfonctionnements, dont les r\u00e9sultats devront \u00eatre rendus dans 15 [&hellip;]<\/p>\n","protected":false},"author":2,"featured_media":33783,"comment_status":"open","ping_status":"open","sticky":false,"template":"","format":"standard","meta":{"_jetpack_memberships_contains_paid_content":false,"footnotes":"","jetpack_publicize_message":"","jetpack_publicize_feature_enabled":true,"jetpack_social_post_already_shared":true,"jetpack_social_options":{"image_generator_settings":{"template":"highway","enabled":true,"token":"eyJpbWciOiJodHRwczpcL1wvd3d3LmljZWFnZXR2LmNvbVwvcmFkaW9zaXRlXC93cC1jb250ZW50XC91cGxvYWRzXC8yMDI1XC8wM1wvR1V2YjRLaC0uanBnIiwidHh0IjoiR1x1MDBlOXJhbGQgRGFybWFuaW4gYW5ub25jZSBxdSYjODIxNztpbCBzdXNwZW5kIGxlIHByb2dyYW1tZSBkZSBkaXN0cmlidXRpb24gYXV4IHByaXNvbm5pZXJzIGRlIG1pbGxpZXJzIGRlIHRhYmxldHRlcyBudW1cdTAwZTlyaXF1ZXMgcG91ciAxMjUgbWlsbGlvbnMgZFx1MjAxOWV1cm9zLCBhcHJcdTAwZThzIGxlcyByXHUwMGU5dlx1MDBlOWxhdGlvbnMgZGUgdmVuZHJlZGkiLCJ0ZW1wbGF0ZSI6ImhpZ2h3YXkiLCJibG9nX2lkIjoxMTEwMTY0NjF9.PnjaDxC_6QQLKj-5k-k_VqxiZy-KzUqxo7WSkAFprV4MQ"},"version":2},"_wpas_customize_per_network":false},"categories":[405],"tags":[],"class_list":["post-33782","post","type-post","status-publish","format-standard","has-post-thumbnail","hentry","category-actu-france-monde"],"jetpack_publicize_connections":[],"jetpack_featured_media_url":"https:\/\/i0.wp.com\/www.iceagetv.com\/radiosite\/wp-content\/uploads\/2025\/03\/GUvb4Kh-.jpg?fit=679%2C293&ssl=1","jetpack_sharing_enabled":true,"_links":{"self":[{"href":"https:\/\/www.iceagetv.com\/radiosite\/wp-json\/wp\/v2\/posts\/33782","targetHints":{"allow":["GET"]}}],"collection":[{"href":"https:\/\/www.iceagetv.com\/radiosite\/wp-json\/wp\/v2\/posts"}],"about":[{"href":"https:\/\/www.iceagetv.com\/radiosite\/wp-json\/wp\/v2\/types\/post"}],"author":[{"embeddable":true,"href":"https:\/\/www.iceagetv.com\/radiosite\/wp-json\/wp\/v2\/users\/2"}],"replies":[{"embeddable":true,"href":"https:\/\/www.iceagetv.com\/radiosite\/wp-json\/wp\/v2\/comments?post=33782"}],"version-history":[{"count":1,"href":"https:\/\/www.iceagetv.com\/radiosite\/wp-json\/wp\/v2\/posts\/33782\/revisions"}],"predecessor-version":[{"id":33784,"href":"https:\/\/www.iceagetv.com\/radiosite\/wp-json\/wp\/v2\/posts\/33782\/revisions\/33784"}],"wp:featuredmedia":[{"embeddable":true,"href":"https:\/\/www.iceagetv.com\/radiosite\/wp-json\/wp\/v2\/media\/33783"}],"wp:attachment":[{"href":"https:\/\/www.iceagetv.com\/radiosite\/wp-json\/wp\/v2\/media?parent=33782"}],"wp:term":[{"taxonomy":"category","embeddable":true,"href":"https:\/\/www.iceagetv.com\/radiosite\/wp-json\/wp\/v2\/categories?post=33782"},{"taxonomy":"post_tag","embeddable":true,"href":"https:\/\/www.iceagetv.com\/radiosite\/wp-json\/wp\/v2\/tags?post=33782"}],"curies":[{"name":"wp","href":"https:\/\/api.w.org\/{rel}","templated":true}]}}