{"id":33788,"date":"2025-03-09T13:22:42","date_gmt":"2025-03-09T12:22:42","guid":{"rendered":"https:\/\/www.iceagetv.com\/radiosite\/?p=33788"},"modified":"2025-03-09T13:22:46","modified_gmt":"2025-03-09T12:22:46","slug":"le-journaliste-jean-michel-aphatie-annonce-quil-ne-reviendra-pas-sur-rtl-apres-sa-mise-a-lecart-de-la-semaine-derniere-je-nai-pas-fait-de-faute-et-revenir-a-lantenne-revient-a-valider-une","status":"publish","type":"post","link":"https:\/\/www.iceagetv.com\/radiosite\/le-journaliste-jean-michel-aphatie-annonce-quil-ne-reviendra-pas-sur-rtl-apres-sa-mise-a-lecart-de-la-semaine-derniere-je-nai-pas-fait-de-faute-et-revenir-a-lantenne-revient-a-valider-une\/","title":{"rendered":"Le journaliste Jean-Michel Aphatie annonce qu&rsquo;il ne reviendra pas sur RTL apr\u00e8s sa mise \u00e0 l&rsquo;\u00e9cart de la semaine derni\u00e8re : \u00ab\u00a0Je n&rsquo;ai pas fait de faute et revenir \u00e0 l&rsquo;antenne revient \u00e0 valider une sanction\u00a0\u00bb"},"content":{"rendered":"\n<p class=\"\">Le journaliste Jean-Michel Aphatie annonce&nbsp; qu&rsquo;il ne reviendra pas \u00e0 RTL, estimant ne pas avoir fait de faute en tenant des propos \u00e0 l&rsquo;antenne fin f\u00e9vrier sur des \u00ab\u00a0Oradour-sur-Glane en Alg\u00e9rie\u00a0\u00bb qui auraient \u00e9t\u00e9 commis par la France. \u00ab\u00a0Je ne reviendrai pas \u00e0 RTL\u00a0\u00bb, \u00e9crit sur le r\u00e9seau X le journaliste, qui avait \u00e9t\u00e9 suspendu d&rsquo;antenne pendant une semaine par la radio.<\/p>\n\n\n\n<p class=\"\">\u00ab\u00a0Chaque ann\u00e9e, en France, on comm\u00e9more ce qui s&rsquo;est pass\u00e9 \u00e0 Oradour-sur-Glane, c&rsquo;est-\u00e0-dire le massacre de tout un village. Mais on en a fait des centaines, nous, en Alg\u00e9rie. Est-ce qu&rsquo;on en a conscience?\u00a0\u00bb, avait-il d\u00e9clar\u00e9 le 25 f\u00e9vrier, au sujet de la conqu\u00eate de l&rsquo;Alg\u00e9rie par la France au XIXe si\u00e8cle.<\/p>\n\n\n\n<p class=\"\">\u00c0 Oradour-sur-Glane, village martyr du Limousin, une unit\u00e9 de la Waffen SS Das Reich remontant vers le front en Normandie massacra 642 habitants le 10 juin 1944.<\/p>\n\n\n\n<p class=\"\">\u00ab\u00a0On n&rsquo;a pas fait Oradour-sur-Glane en Alg\u00e9rie\u00a0\u00bb, a d&rsquo;abord r\u00e9torqu\u00e9 le pr\u00e9sentateur Thomas Sotto. Mais \u00ab\u00a0on s&rsquo;est comport\u00e9 comme des nazis?\u00a0\u00bb, a-t-il ensuite interrog\u00e9. \u00ab\u00a0Les nazis se sont comport\u00e9s comme nous\u00a0\u00bb, lui a r\u00e9pondu Jean-Michel Aphatie.<\/p>\n\n\n\n<p class=\"\"><strong>Voici l&rsquo;int\u00e9gralit\u00e9 de son tr\u00e8s long message post\u00e9 sur les r\u00e9seaux :&nbsp;<\/strong><\/p>\n\n\n\n<p class=\"\">Je ne reviendrai pas \u00e0 RTL. C\u2019est ma d\u00e9cision. Voici pourquoi. Il y a quinze jours, mes propos sur la colonisation alg\u00e9rienne ont cr\u00e9\u00e9 le d\u00e9bat. La direction de la radio m\u2019a dit avoir enregistr\u00e9 de nombreuses protestations de la part des auditeurs.<\/p>\n\n\n\n<p class=\"\">Pour faire droit \u00e0 l\u2019\u00e9motion suscit\u00e9e, il m\u2019a \u00e9t\u00e9 demand\u00e9 de ne pas me pr\u00e9senter la semaine suivante, en m\u2019indiquant que je serai le bienvenu, ensuite, pour continuer \u00e0 d\u00e9fendre mes points de vue sur l\u2019antenne.<\/p>\n\n\n\n<p class=\"\">J\u2019ai compris et admis la d\u00e9marche des dirigeants de RTL. Je l\u2019ai trouv\u00e9 \u00e9quilibr\u00e9e et respectueuse \u00e0 mon \u00e9gard. Et puis, le jour de suspension est arriv\u00e9. C\u2019\u00e9tait mercredi dernier.<\/p>\n\n\n\n<p class=\"\">\u00c0 partir de l\u00e0, concr\u00e8tement confront\u00e9 \u00e0 ce qu\u2019il faut bien appeler une punition, ma perception de la situation s\u2019est modifi\u00e9e. M\u00eame d\u00e9cid\u00e9e dans le cadre d\u2019un dialogue serein et compr\u00e9hensif, une punition reste une punition.<\/p>\n\n\n\n<p class=\"\">Si je reviens sur l\u2019antenne de RTL, je la valide, donc je reconnais avoir fait une faute. C\u2019est un pas que je ne peux pas franchir. J\u2019attache un prix particulier \u00e0 la question de la pr\u00e9sence fran\u00e7aise en Alg\u00e9rie entre 1830 et 1962.<\/p>\n\n\n\n<p class=\"\">Je ne suis pas concern\u00e9 personnellement. Ni mon p\u00e8re, ni mes oncles, ni d\u2019autres membres de ma famille n\u2019ont particip\u00e9 \u00e0 la guerre d\u2019Alg\u00e9rie. Je n\u2019ai pas non plus de connexions ou de liens avec des Fran\u00e7ais rapatri\u00e9s de ce pays.<\/p>\n\n\n\n<p class=\"\">J\u2019ai d\u00e9couvert cette histoire de mani\u00e8re banale. Je me suis int\u00e9ress\u00e9, voil\u00e0 d\u00e9j\u00e0 longtemps, aux conditions du retour au pouvoir du g\u00e9n\u00e9ral de Gaulle, en mai 1958.<\/p>\n\n\n\n<p class=\"\">La question du maintien de l\u2019Alg\u00e9rie dans la France \u00e9tait au c\u0153ur de la crise politique. Je me suis alors demand\u00e9 ce qu\u2019\u00e9tait cette situation, quelle \u00e9tait la nature de la pr\u00e9sence fran\u00e7aise et aussi celle de la cohabitation des communaut\u00e9s sur ce territoire. Ce que j\u2019ai lu dans les livres \u00e9crits par des historiens m\u00e9ticuleux m\u2019a horrifi\u00e9.<\/p>\n\n\n\n<p class=\"\">Les massacres de musulmans se sont succ\u00e9d\u00e9s tout au long des 132 ans d\u2019occupation. Un statut dit d\u2019indig\u00e9nat, appliqu\u00e9 \u00e0 partir de 1881, a priv\u00e9 les premiers occupants de l\u2019espace de tous droits et leur a impos\u00e9 des servitudes archa\u00efques et injustes. Chass\u00e9s des terres les plus riches, ils ont v\u00e9g\u00e9t\u00e9 dans l\u2019extr\u00eame pauvret\u00e9.<\/p>\n\n\n\n<p class=\"\">La scolarisation des enfants a \u00e9t\u00e9 parcimonieuse. Tout ceci dresse un tableau indigne de la France au regard des valeurs d\u2019humanit\u00e9 qui font sa r\u00e9putation dans le monde. J\u2019ai v\u00e9cu comme une injustice maintenue l\u2019absence de reconnaissance officielle par le colonisateur des traitements d\u00e9gradants inflig\u00e9s \u00e0 cette population.<\/p>\n\n\n\n<p class=\"\">Les propos que je tiens sur ce sujet depuis des ann\u00e9es sont li\u00e9s \u00e0 ce sentiment. Pour cette raison, et pour cette raison seulement, je ne peux pas accepter d\u2019\u00eatre puni pour les avoir r\u00e9p\u00e9t\u00e9s.<\/p>\n\n\n\n<p class=\"\">Je regrette la situation qui s\u2019est cr\u00e9\u00e9e. J\u2019ai pass\u00e9 de belles ann\u00e9es professionnelles \u00e0 RTL. C\u2019est une radio que j\u2019aime. Mais c\u2019est ainsi.<\/p>\n\n\n\n<p class=\"\">Une pr\u00e9cision pour terminer, parce que j\u2019ai vu \u00e0 l\u2019\u0153uvre durant ces derniers jours ces faux nationalistes qu\u2019effarouchent les v\u00e9rit\u00e9s de l\u2019histoire. Le pouvoir alg\u00e9rien d\u2019aujourd\u2019hui est une dictature. Il l\u2019est depuis 1962. Le peuple alg\u00e9rien m\u00e9rite, comme tous les peuples, la libert\u00e9 et la justice. Il en est, h\u00e9las, priv\u00e9 depuis trop longtemps.<\/p>\n\n\n\n<p class=\"\">Par ailleurs, je m\u2019associe, comme je l\u2019ai fait depuis le d\u00e9but, aux demandes de lib\u00e9ration de Boualem Sansal, injustement emprisonn\u00e9 \u00e0 Alger.<\/p>\n\n\n\n<p class=\"\">Un jour, c\u2019est mon espoir, la France, mon pays, conviendra de sa part d\u2019inhumanit\u00e9 dans l\u2019histoire.<\/p>\n\n\n\n<p class=\"\">Etonnant, non ?<\/p>\n","protected":false},"excerpt":{"rendered":"<p>Le journaliste Jean-Michel Aphatie annonce&nbsp; qu&rsquo;il ne reviendra pas \u00e0 RTL, estimant ne pas avoir fait de faute en tenant des propos \u00e0 l&rsquo;antenne fin f\u00e9vrier sur des \u00ab\u00a0Oradour-sur-Glane en Alg\u00e9rie\u00a0\u00bb qui auraient \u00e9t\u00e9 commis par la France. \u00ab\u00a0Je ne reviendrai pas \u00e0 RTL\u00a0\u00bb, \u00e9crit sur le r\u00e9seau X le journaliste, qui avait \u00e9t\u00e9 suspendu [&hellip;]<\/p>\n","protected":false},"author":2,"featured_media":33789,"comment_status":"open","ping_status":"open","sticky":false,"template":"","format":"standard","meta":{"_jetpack_memberships_contains_paid_content":false,"footnotes":"","jetpack_publicize_message":"","jetpack_publicize_feature_enabled":true,"jetpack_social_post_already_shared":true,"jetpack_social_options":{"image_generator_settings":{"template":"highway","enabled":true,"token":"eyJpbWciOiJodHRwczpcL1wvd3d3LmljZWFnZXR2LmNvbVwvcmFkaW9zaXRlXC93cC1jb250ZW50XC91cGxvYWRzXC8yMDI1XC8wM1wvc3p3b1dnbjkuanBnIiwidHh0IjoiTGUgam91cm5hbGlzdGUgSmVhbi1NaWNoZWwgQXBoYXRpZSBhbm5vbmNlIHF1JiM4MjE3O2lsIG5lIHJldmllbmRyYSBwYXMgc3VyIFJUTCBhcHJcdTAwZThzIHNhIG1pc2UgXHUwMGUwIGwmIzgyMTc7XHUwMGU5Y2FydCBkZSBsYSBzZW1haW5lIGRlcm5pXHUwMGU4cmUgOiAmIzgyMjA7SmUgbiYjODIxNzthaSBwYXMgZmFpdCBkZSBmYXV0ZSBldCByZXZlbmlyIFx1MDBlMCBsJiM4MjE3O2FudGVubmUgcmV2aWVudCBcdTAwZTAgdmFsaWRlciB1bmUgc2FuY3Rpb24mIzgyMjE7IiwidGVtcGxhdGUiOiJoaWdod2F5IiwiYmxvZ19pZCI6MTExMDE2NDYxfQ.a8ZeaeTV9g1hrGXWzxDIy1ge6netnXforKoaq92XjcwMQ"},"version":2},"_wpas_customize_per_network":false},"categories":[68],"tags":[],"class_list":["post-33788","post","type-post","status-publish","format-standard","has-post-thumbnail","hentry","category-actu-culturelle"],"jetpack_publicize_connections":[],"jetpack_featured_media_url":"https:\/\/i0.wp.com\/www.iceagetv.com\/radiosite\/wp-content\/uploads\/2025\/03\/szwoWgn9.jpg?fit=679%2C293&ssl=1","jetpack_sharing_enabled":true,"_links":{"self":[{"href":"https:\/\/www.iceagetv.com\/radiosite\/wp-json\/wp\/v2\/posts\/33788","targetHints":{"allow":["GET"]}}],"collection":[{"href":"https:\/\/www.iceagetv.com\/radiosite\/wp-json\/wp\/v2\/posts"}],"about":[{"href":"https:\/\/www.iceagetv.com\/radiosite\/wp-json\/wp\/v2\/types\/post"}],"author":[{"embeddable":true,"href":"https:\/\/www.iceagetv.com\/radiosite\/wp-json\/wp\/v2\/users\/2"}],"replies":[{"embeddable":true,"href":"https:\/\/www.iceagetv.com\/radiosite\/wp-json\/wp\/v2\/comments?post=33788"}],"version-history":[{"count":1,"href":"https:\/\/www.iceagetv.com\/radiosite\/wp-json\/wp\/v2\/posts\/33788\/revisions"}],"predecessor-version":[{"id":33790,"href":"https:\/\/www.iceagetv.com\/radiosite\/wp-json\/wp\/v2\/posts\/33788\/revisions\/33790"}],"wp:featuredmedia":[{"embeddable":true,"href":"https:\/\/www.iceagetv.com\/radiosite\/wp-json\/wp\/v2\/media\/33789"}],"wp:attachment":[{"href":"https:\/\/www.iceagetv.com\/radiosite\/wp-json\/wp\/v2\/media?parent=33788"}],"wp:term":[{"taxonomy":"category","embeddable":true,"href":"https:\/\/www.iceagetv.com\/radiosite\/wp-json\/wp\/v2\/categories?post=33788"},{"taxonomy":"post_tag","embeddable":true,"href":"https:\/\/www.iceagetv.com\/radiosite\/wp-json\/wp\/v2\/tags?post=33788"}],"curies":[{"name":"wp","href":"https:\/\/api.w.org\/{rel}","templated":true}]}}