{"id":33806,"date":"2025-03-10T17:50:50","date_gmt":"2025-03-10T16:50:50","guid":{"rendered":"https:\/\/www.iceagetv.com\/radiosite\/?p=33806"},"modified":"2025-03-10T17:50:55","modified_gmt":"2025-03-10T16:50:55","slug":"bouches-du-rhone-un-homme-de-54-ans-tue-sa-fille-de-16-ans-avec-un-fusil-de-chasse-a-fos-sur-mer-avant-de-retourner-larme-contre-lui-et-de-se-blesser-grievement","status":"publish","type":"post","link":"https:\/\/www.iceagetv.com\/radiosite\/bouches-du-rhone-un-homme-de-54-ans-tue-sa-fille-de-16-ans-avec-un-fusil-de-chasse-a-fos-sur-mer-avant-de-retourner-larme-contre-lui-et-de-se-blesser-grievement\/","title":{"rendered":"Bouches-du-Rh\u00f4ne : Un homme de 54 ans tue sa fille de 16 ans avec un fusil de chasse \u00e0 Fos-sur-Mer, avant de retourner l&rsquo;arme contre lui et de se blesser gri\u00e8vement"},"content":{"rendered":"\n<p class=\"\">Un homme de 54 ans a tu\u00e9 sa fille de 16 ans avec un fusil de chasse \u00e0 Fos-sur-Mer (Bouches-du-Rh\u00f4ne), avant de retourner l&rsquo;arme contre lui et de se blesser gri\u00e8vement, a indiqu\u00e9 \u00e0 l&rsquo;AFP le procureur de la R\u00e9publique d&rsquo;Aix-en-Provence, Jean-Luc Blachon.<\/p>\n\n\n\n<p class=\"\">\u00abLes pompiers ont \u00e9t\u00e9 alert\u00e9s samedi en milieu d&rsquo;apr\u00e8s-midi par un appel t\u00e9l\u00e9phonique de l&rsquo;auteur des faits, qui leur a indiqu\u00e9 que sa fille venait de tomber dans l&rsquo;escalier\u00bb, a d\u00e9taill\u00e9 le procureur, confirmant une information de La Provence.<\/p>\n\n\n\n<p class=\"\">Une fois sur place, les pompiers ont d\u00e9couvert deux corps gisant sur le sol, celui de l&rsquo;adolescente, d\u00e9c\u00e9d\u00e9e, et celui de son p\u00e8re, gri\u00e8vement bless\u00e9 par la m\u00eame arme de chasse et dont l&rsquo;\u00e9tat est depuis stabilis\u00e9, a-t-il ajout\u00e9.<\/p>\n\n\n\n<p class=\"\">Le p\u00e8re a laiss\u00e9 une lettre expliquant les motivations de son geste, qui s&rsquo;inscrit \u00abdans le cadre d&rsquo;une s\u00e9paration difficile entre l&rsquo;homme et sa compagne\u00bb, a d\u00e9taill\u00e9 le procureur Blachon. L&rsquo;homme aurait d&rsquo;abord tu\u00e9 sa fille avant d&rsquo;appeler les secours, puis il aurait retourn\u00e9 l&rsquo;arme contre lui et aurait tent\u00e9 de mettre fin \u00e0 ses jours en se tirant une balle dans la bouche.<\/p>\n\n\n\n<p class=\"\">Il s&rsquo;agit d&rsquo;une \u00abfamille ordinaire, pas du tout connue de l&rsquo;autorit\u00e9 judiciaire\u00bb.<\/p>\n","protected":false},"excerpt":{"rendered":"<p>Un homme de 54 ans a tu\u00e9 sa fille de 16 ans avec un fusil de chasse \u00e0 Fos-sur-Mer (Bouches-du-Rh\u00f4ne), avant de retourner l&rsquo;arme contre lui et de se blesser gri\u00e8vement, a indiqu\u00e9 \u00e0 l&rsquo;AFP le procureur de la R\u00e9publique d&rsquo;Aix-en-Provence, Jean-Luc Blachon. \u00abLes pompiers ont \u00e9t\u00e9 alert\u00e9s samedi en milieu d&rsquo;apr\u00e8s-midi par un appel [&hellip;]<\/p>\n","protected":false},"author":2,"featured_media":33807,"comment_status":"open","ping_status":"open","sticky":false,"template":"","format":"standard","meta":{"_jetpack_memberships_contains_paid_content":false,"footnotes":"","jetpack_publicize_message":"","jetpack_publicize_feature_enabled":true,"jetpack_social_post_already_shared":true,"jetpack_social_options":{"image_generator_settings":{"template":"highway","enabled":true,"token":"eyJpbWciOiJodHRwczpcL1wvd3d3LmljZWFnZXR2LmNvbVwvcmFkaW9zaXRlXC93cC1jb250ZW50XC91cGxvYWRzXC8yMDI1XC8wM1wvVW4taG9tbWUtZGUtNTQtYW5zLXR1ZS1zYS1maWxsZS1kZS0xNi1hbnMuanBnIiwidHh0IjoiQm91Y2hlcy1kdS1SaFx1MDBmNG5lIDogVW4gaG9tbWUgZGUgNTQgYW5zIHR1ZSBzYSBmaWxsZSBkZSAxNiBhbnMgYXZlYyB1biBmdXNpbCBkZSBjaGFzc2UgXHUwMGUwIEZvcy1zdXItTWVyLCBhdmFudCBkZSByZXRvdXJuZXIgbCYjODIxNzthcm1lIGNvbnRyZSBsdWkgZXQgZGUgc2UgYmxlc3NlciBncmlcdTAwZTh2ZW1lbnQiLCJ0ZW1wbGF0ZSI6ImhpZ2h3YXkiLCJibG9nX2lkIjoxMTEwMTY0NjF9.Km0er0Z2IFP34D4HoePQYy5XYfdeBR_7M4ieY0-4WtYMQ"},"version":2},"_wpas_customize_per_network":false},"categories":[405],"tags":[],"class_list":["post-33806","post","type-post","status-publish","format-standard","has-post-thumbnail","hentry","category-actu-france-monde"],"jetpack_publicize_connections":[],"jetpack_featured_media_url":"https:\/\/i0.wp.com\/www.iceagetv.com\/radiosite\/wp-content\/uploads\/2025\/03\/Un-homme-de-54-ans-tue-sa-fille-de-16-ans.jpg?fit=606%2C245&ssl=1","jetpack_sharing_enabled":true,"_links":{"self":[{"href":"https:\/\/www.iceagetv.com\/radiosite\/wp-json\/wp\/v2\/posts\/33806","targetHints":{"allow":["GET"]}}],"collection":[{"href":"https:\/\/www.iceagetv.com\/radiosite\/wp-json\/wp\/v2\/posts"}],"about":[{"href":"https:\/\/www.iceagetv.com\/radiosite\/wp-json\/wp\/v2\/types\/post"}],"author":[{"embeddable":true,"href":"https:\/\/www.iceagetv.com\/radiosite\/wp-json\/wp\/v2\/users\/2"}],"replies":[{"embeddable":true,"href":"https:\/\/www.iceagetv.com\/radiosite\/wp-json\/wp\/v2\/comments?post=33806"}],"version-history":[{"count":1,"href":"https:\/\/www.iceagetv.com\/radiosite\/wp-json\/wp\/v2\/posts\/33806\/revisions"}],"predecessor-version":[{"id":33808,"href":"https:\/\/www.iceagetv.com\/radiosite\/wp-json\/wp\/v2\/posts\/33806\/revisions\/33808"}],"wp:featuredmedia":[{"embeddable":true,"href":"https:\/\/www.iceagetv.com\/radiosite\/wp-json\/wp\/v2\/media\/33807"}],"wp:attachment":[{"href":"https:\/\/www.iceagetv.com\/radiosite\/wp-json\/wp\/v2\/media?parent=33806"}],"wp:term":[{"taxonomy":"category","embeddable":true,"href":"https:\/\/www.iceagetv.com\/radiosite\/wp-json\/wp\/v2\/categories?post=33806"},{"taxonomy":"post_tag","embeddable":true,"href":"https:\/\/www.iceagetv.com\/radiosite\/wp-json\/wp\/v2\/tags?post=33806"}],"curies":[{"name":"wp","href":"https:\/\/api.w.org\/{rel}","templated":true}]}}