{"id":33815,"date":"2025-03-10T20:11:10","date_gmt":"2025-03-10T19:11:10","guid":{"rendered":"https:\/\/www.iceagetv.com\/radiosite\/?p=33815"},"modified":"2025-03-10T20:11:15","modified_gmt":"2025-03-10T19:11:15","slug":"le-pronostic-vital-du-pape-francois-hospitalise-depuis-plus-de-trois-semaines-pour-une-double-pneumonie-nest-plus-reserve-les-ameliorations-sont-consolidees-annonce-le-vatican","status":"publish","type":"post","link":"https:\/\/www.iceagetv.com\/radiosite\/le-pronostic-vital-du-pape-francois-hospitalise-depuis-plus-de-trois-semaines-pour-une-double-pneumonie-nest-plus-reserve-les-ameliorations-sont-consolidees-annonce-le-vatican\/","title":{"rendered":"Le pronostic vital du Pape Fran\u00e7ois, hospitalis\u00e9 depuis plus de trois semaines pour une double pneumonie, n&rsquo;est plus r\u00e9serv\u00e9 &#8211; Les am\u00e9liorations sont \u00ab\u00a0consolid\u00e9es\u00a0\u00bb, annonce le Vatican"},"content":{"rendered":"\n<p class=\"\"><strong>&nbsp;Apr\u00e8s plus de trois semaines d&rsquo;hospitalisation, le pronostic vital du souverain pontife n&rsquo;est plus r\u00e9serv\u00e9, et ses am\u00e9liorations sont \u00ab\u00a0consolid\u00e9es\u00a0\u00bb, a annonc\u00e9 le Vatican.<\/strong><\/p>\n\n\n\n<p class=\"\"><strong>\u00ab\u00a0Les am\u00e9liorations enregistr\u00e9es les jours pr\u00e9c\u00e9dents se sont encore consolid\u00e9es, comme le confirment les analyses sanguines, (&#8230;) et la bonne r\u00e9ponse au traitement m\u00e9dicamenteux. Pour ces raisons, les m\u00e9decins ont d\u00e9cid\u00e9 aujourd&rsquo;hui de lever le pronostic\u00a0\u00bb, pr\u00e9cise le bulletin m\u00e9dical.<\/strong>Le pape Fran\u00e7ois, hospitalis\u00e9 depuis plus de trois semaines \u00e0 l&rsquo;\u00e2ge de 88 ans pour une double pneumonie, poursuit lundi ses traitements sous aide respiratoire, mais \u00ab il est encore trop t\u00f4t pour parler de son retour \u00bb, a indiqu\u00e9 une source vaticane.<\/p>\n\n\n\n<p class=\"\">L&rsquo;\u00e9tat de sant\u00e9 du chef de l&rsquo;Eglise catholique, qui a commenc\u00e9 \u00e0 bien r\u00e9agir \u00e0 son traitement, a montr\u00e9 \u00ab de l\u00e9g\u00e8res am\u00e9liorations \u00bb, avait indiqu\u00e9 le Vatican samedi.<\/p>\n\n\n\n<p class=\"\">La journ\u00e9e de lundi est consacr\u00e9e \u00e0 la physioth\u00e9rapie respiratoire et motrice, a indiqu\u00e9 le service de presse du Saint-Si\u00e8ge.<\/p>\n\n\n\n<p class=\"\">Comme les jours pr\u00e9c\u00e9dents, le souverain pontife argentin a pass\u00e9 une \u00ab nuit calme \u00bb avec un masque \u00e0 oxyg\u00e8ne avant de reprendre, en journ\u00e9e, l&rsquo;oxyg\u00e9nation \u00e0 haut d\u00e9bit via des canules nasales.<\/p>\n\n\n\n<p class=\"\">Dans la matin\u00e9e, Fran\u00e7ois a suivi, depuis son fauteuil via une connexion vid\u00e9o, les exercices spirituels de la Curie romaine, une tradition qui se tient chaque ann\u00e9e au d\u00e9but du Car\u00eame.<\/p>\n\n\n\n<p class=\"\">Le pape a \u00e9galement \u00e9t\u00e9 inform\u00e9 des inondations meurtri\u00e8res en Argentine et \u00ab exprime sa proximit\u00e9 avec les personnes touch\u00e9es \u00bb, a fait savoir le Vatican.<\/p>\n\n\n\n<p class=\"\">Malgr\u00e9 un \u00e9tat stable ces derniers jours, les m\u00e9decins maintiennent un pronostic vital \u00ab r\u00e9serv\u00e9 \u00bb. Par cons\u00e9quent, \u00ab il est trop t\u00f4t pour parler d&rsquo;un retour \u00e0 la R\u00e9sidence Sainte-Marthe \u00bb, o\u00f9 le pape vit dans la Cit\u00e9 du Vatican, a indiqu\u00e9 une source vaticane.<\/p>\n\n\n\n<p class=\"\">L&rsquo;\u00e9quipe m\u00e9dicale ne s&rsquo;est pas exprim\u00e9e sur la dur\u00e9e de l&rsquo;hospitalisation du pape, la plus longue depuis son \u00e9lection en 2013, qui fait planer l&rsquo;incertitude sur l&rsquo;avenir du chef de l&rsquo;Eglise catholique.<\/p>\n\n\n\n<p class=\"\">Le prochain bulletin de sant\u00e9 est attendu lundi vers 18H00 GMT tandis que la pri\u00e8re quotidienne du rosaire, consacr\u00e9e \u00e0 la gu\u00e9rison du pape, se tiendra d\u00e9sormais en fin d&rsquo;apr\u00e8s-midi au Vatican.<\/p>\n\n\n\n<p class=\"\">Dimanche, le souverain pontife avait communiqu\u00e9 un texte \u00e9crit pour la pri\u00e8re de l&rsquo;Ang\u00e9lus dans laquelle il avait remerci\u00e9 ceux qui se portent volontaires pour aider les personnes dans le besoin, louant leur \u00ab proximit\u00e9 et leur tendresse \u00bb.<\/p>\n\n\n\n<p class=\"\">\u00ab Je fais moi aussi l&rsquo;exp\u00e9rience de la pr\u00e9venance du service et de la tendresse de l&rsquo;attention, en particulier de la part des m\u00e9decins et du personnel soignant, que je remercie du fond du coeur \u00bb, avait-il soulign\u00e9.<\/p>\n\n\n\n<p class=\"\">Ces derni\u00e8res ann\u00e9es, Jorge Bergoglio a souffert d&rsquo;une s\u00e9rie de probl\u00e8mes de sant\u00e9, allant d&rsquo;une op\u00e9ration du colon en 2021 \u00e0 une hernie en 2023. Il a \u00e9galement fr\u00f4l\u00e9 la mort \u00e0 l&rsquo;\u00e2ge de 21 ans et s&rsquo;est vu retirer le lobe sup\u00e9rieur du poumon droit.<\/p>\n","protected":false},"excerpt":{"rendered":"<p>&nbsp;Apr\u00e8s plus de trois semaines d&rsquo;hospitalisation, le pronostic vital du souverain pontife n&rsquo;est plus r\u00e9serv\u00e9, et ses am\u00e9liorations sont \u00ab\u00a0consolid\u00e9es\u00a0\u00bb, a annonc\u00e9 le Vatican. \u00ab\u00a0Les am\u00e9liorations enregistr\u00e9es les jours pr\u00e9c\u00e9dents se sont encore consolid\u00e9es, comme le confirment les analyses sanguines, (&#8230;) et la bonne r\u00e9ponse au traitement m\u00e9dicamenteux. Pour ces raisons, les m\u00e9decins ont d\u00e9cid\u00e9 [&hellip;]<\/p>\n","protected":false},"author":2,"featured_media":33816,"comment_status":"open","ping_status":"open","sticky":false,"template":"","format":"standard","meta":{"_jetpack_memberships_contains_paid_content":false,"footnotes":"","jetpack_publicize_message":"","jetpack_publicize_feature_enabled":true,"jetpack_social_post_already_shared":true,"jetpack_social_options":{"image_generator_settings":{"template":"highway","enabled":true,"token":"eyJpbWciOiJodHRwczpcL1wvd3d3LmljZWFnZXR2LmNvbVwvcmFkaW9zaXRlXC93cC1jb250ZW50XC91cGxvYWRzXC8yMDI1XC8wM1wvdnZwNzI4QVIuanBnIiwidHh0IjoiTGUgcHJvbm9zdGljIHZpdGFsIGR1IFBhcGUgRnJhblx1MDBlN29pcywgaG9zcGl0YWxpc1x1MDBlOSBkZXB1aXMgcGx1cyBkZSB0cm9pcyBzZW1haW5lcyBwb3VyIHVuZSBkb3VibGUgcG5ldW1vbmllLCBuJiM4MjE3O2VzdCBwbHVzIHJcdTAwZTlzZXJ2XHUwMGU5ICYjODIxMTsgTGVzIGFtXHUwMGU5bGlvcmF0aW9ucyBzb250ICYjODIyMDtjb25zb2xpZFx1MDBlOWVzJiM4MjIxOywgYW5ub25jZSBsZSBWYXRpY2FuIiwidGVtcGxhdGUiOiJoaWdod2F5IiwiYmxvZ19pZCI6MTExMDE2NDYxfQ.vYcpDkBtB0tzMd63Kwr4NmsQolApdWHCRcMTFtkkOAYMQ"},"version":2},"_wpas_customize_per_network":false},"categories":[405],"tags":[],"class_list":["post-33815","post","type-post","status-publish","format-standard","has-post-thumbnail","hentry","category-actu-france-monde"],"jetpack_publicize_connections":[],"jetpack_featured_media_url":"https:\/\/i0.wp.com\/www.iceagetv.com\/radiosite\/wp-content\/uploads\/2025\/03\/vvp728AR.jpg?fit=679%2C293&ssl=1","jetpack_sharing_enabled":true,"_links":{"self":[{"href":"https:\/\/www.iceagetv.com\/radiosite\/wp-json\/wp\/v2\/posts\/33815","targetHints":{"allow":["GET"]}}],"collection":[{"href":"https:\/\/www.iceagetv.com\/radiosite\/wp-json\/wp\/v2\/posts"}],"about":[{"href":"https:\/\/www.iceagetv.com\/radiosite\/wp-json\/wp\/v2\/types\/post"}],"author":[{"embeddable":true,"href":"https:\/\/www.iceagetv.com\/radiosite\/wp-json\/wp\/v2\/users\/2"}],"replies":[{"embeddable":true,"href":"https:\/\/www.iceagetv.com\/radiosite\/wp-json\/wp\/v2\/comments?post=33815"}],"version-history":[{"count":1,"href":"https:\/\/www.iceagetv.com\/radiosite\/wp-json\/wp\/v2\/posts\/33815\/revisions"}],"predecessor-version":[{"id":33817,"href":"https:\/\/www.iceagetv.com\/radiosite\/wp-json\/wp\/v2\/posts\/33815\/revisions\/33817"}],"wp:featuredmedia":[{"embeddable":true,"href":"https:\/\/www.iceagetv.com\/radiosite\/wp-json\/wp\/v2\/media\/33816"}],"wp:attachment":[{"href":"https:\/\/www.iceagetv.com\/radiosite\/wp-json\/wp\/v2\/media?parent=33815"}],"wp:term":[{"taxonomy":"category","embeddable":true,"href":"https:\/\/www.iceagetv.com\/radiosite\/wp-json\/wp\/v2\/categories?post=33815"},{"taxonomy":"post_tag","embeddable":true,"href":"https:\/\/www.iceagetv.com\/radiosite\/wp-json\/wp\/v2\/tags?post=33815"}],"curies":[{"name":"wp","href":"https:\/\/api.w.org\/{rel}","templated":true}]}}