{"id":33823,"date":"2025-03-11T13:00:42","date_gmt":"2025-03-11T12:00:42","guid":{"rendered":"https:\/\/www.iceagetv.com\/radiosite\/?p=33823"},"modified":"2025-03-11T13:00:47","modified_gmt":"2025-03-11T12:00:47","slug":"alors-que-lelysee-dementait-ce-week-end-la-volonte-demmanuel-macron-de-dramatiser-les-tensions-avec-la-russie-france-2-deprogramme-en-urgence-son-prime-de-jeudi-affirmant-que-la-france-est","status":"publish","type":"post","link":"https:\/\/www.iceagetv.com\/radiosite\/alors-que-lelysee-dementait-ce-week-end-la-volonte-demmanuel-macron-de-dramatiser-les-tensions-avec-la-russie-france-2-deprogramme-en-urgence-son-prime-de-jeudi-affirmant-que-la-france-est\/","title":{"rendered":"Alors que l&rsquo;Elys\u00e9e d\u00e9mentait ce week-end la volont\u00e9 d&rsquo;Emmanuel Macron de \u00ab\u00a0dramatiser\u00a0\u00bb les tensions avec la Russie, France 2 d\u00e9programme en urgence son prime de jeudi affirmant que \u00ab\u00a0La France est face \u00e0 la guerre\u00a0\u00bb !\u00a0"},"content":{"rendered":"\n<p class=\"\">Ce week-end, l&rsquo;Elys\u00e9e protestait en effet contre&nbsp;le choix du JDD d&rsquo;ouvrir sa derni\u00e8re \u00e9dition en affirmant que l&rsquo;Elys\u00e9e veut \u00ab\u00a0faire peur\u00a0\u00bb, France 2 d\u00e9cide de d\u00e9programmer en urgence son prime de jeudi prochain pour organiser une grande soir\u00e9e sur&#8230; \u00ab\u00a0La guerre\u00a0\u00bb !&nbsp; La soir\u00e9e ne laisse en effet aucun doute avec ce titre : \u00ab\u00a0La France face \u00e0 la guerre\u00a0\u00bb. Et il suffit de lire la pr\u00e9sentation de la soir\u00e9e pour se convaincre du danger :<\/p>\n\n\n\n<p class=\"\">\u00ab\u00a0Comment la France se pr\u00e9pare-t-elle \u00e0 un conflit ? Avec quel budget ? Comment s\u2019organise-t-elle pour pr\u00e9parer la guerre hybride et r\u00e9pondre \u00e0 la menace cyber ? Comment compte-t-elle \u00e9toffer la r\u00e9serve citoyenne alors que certains de nos voisins europ\u00e9ens comme l\u2019Allemagne relancent le service militaire ? Comment construire l\u2019Europe de la d\u00e9fense sans le partenaire am\u00e9ricain et l\u2019OTAN ?\u00a0\u00bb<\/p>\n\n\n\n<p class=\"\">L&rsquo;Elys\u00e9e s&rsquo;est pourtant fendu d&rsquo;un communiqu\u00e9 sur X, r\u00e9pondant au JDD, pour d\u00e9mentir formellement avoir vouloir \u00ab\u00a0faire peur\u00a0\u00bb aux Fran\u00e7ais:<\/p>\n\n\n\n<p class=\"\">\u00ab\u00a0En cette p\u00e9riode grave o\u00f9, face \u00e0 la menace russe, la quasi-totalit\u00e9 des chefs d&rsquo;Etat et de gouvernement europ\u00e9ens prend des mesures in\u00e9dites pour assurer leur d\u00e9fense, chacun doit veiller au respect de la parfaite v\u00e9racit\u00e9 des faits\u00a0\u00bb, a voulu recadrer la pr\u00e9sidence dimanche.<\/p>\n\n\n\n<p class=\"\">De son c\u00f4t\u00e9 Le Monde a \u00e9galement voulu ajouter une pierre \u00e0 l&rsquo;\u00e9difice en accusant aussi CNews, faisant prti du m\u00eame groupe que le JDD :&nbsp;<\/p>\n\n\n\n<p class=\"\">\u00ab\u00a0Les m\u00e9dias du milliardaire Vincent Bollor\u00e9 d\u00e9fendent d\u00e9sormais ouvertement la Russie Depuis que Donald Trump tend la main \u00e0 Moscou sur le conflit ukrainien et que son vice-pr\u00e9sident, J. D. Vance, proclame que la \u00ab libert\u00e9 d\u2019expression \u00bb serait menac\u00e9e en Europe, radio, t\u00e9l\u00e9s et journaux d\u2019extr\u00eame droite soutiennent aussi Vladimir Poutine.\u00a0\u00bb<\/p>\n\n\n\n<p class=\"\">Pascal Praud a r\u00e9pondu et a accus\u00e9 ce matin \u00ab\u00a0Le Monde\u00a0\u00bb de \u00ab\u00a0tourner le dos \u00e0 la v\u00e9rit\u00e9 des faits\u00a0\u00bb et d'\u00a0\u00bb\u00e9pouser une ligne \u00e9ditoriale de l&rsquo;extr\u00eame gauche\u00a0\u00bb.&nbsp;\u00ab\u00a0Le succ\u00e8s de CNews contrarie la pens\u00e9e unique\u00a0\u00bb, a-t-il ass\u00e9n\u00e9, en vantant les audiences de la premi\u00e8re cha\u00eene d&rsquo;info continue.<\/p>\n","protected":false},"excerpt":{"rendered":"<p>Ce week-end, l&rsquo;Elys\u00e9e protestait en effet contre&nbsp;le choix du JDD d&rsquo;ouvrir sa derni\u00e8re \u00e9dition en affirmant que l&rsquo;Elys\u00e9e veut \u00ab\u00a0faire peur\u00a0\u00bb, France 2 d\u00e9cide de d\u00e9programmer en urgence son prime de jeudi prochain pour organiser une grande soir\u00e9e sur&#8230; \u00ab\u00a0La guerre\u00a0\u00bb !&nbsp; La soir\u00e9e ne laisse en effet aucun doute avec ce titre : \u00ab\u00a0La [&hellip;]<\/p>\n","protected":false},"author":2,"featured_media":33824,"comment_status":"open","ping_status":"open","sticky":false,"template":"","format":"standard","meta":{"_jetpack_memberships_contains_paid_content":false,"footnotes":"","jetpack_publicize_message":"","jetpack_publicize_feature_enabled":true,"jetpack_social_post_already_shared":true,"jetpack_social_options":{"image_generator_settings":{"template":"highway","enabled":true,"token":"eyJpbWciOiJodHRwczpcL1wvd3d3LmljZWFnZXR2LmNvbVwvcmFkaW9zaXRlXC93cC1jb250ZW50XC91cGxvYWRzXC8yMDI1XC8wM1wvYzhaU2pfZlYuanBnIiwidHh0IjoiQWxvcnMgcXVlIGwmIzgyMTc7RWx5c1x1MDBlOWUgZFx1MDBlOW1lbnRhaXQgY2Ugd2Vlay1lbmQgbGEgdm9sb250XHUwMGU5IGQmIzgyMTc7RW1tYW51ZWwgTWFjcm9uIGRlICYjODIyMDtkcmFtYXRpc2VyJiM4MjIxOyBsZXMgdGVuc2lvbnMgYXZlYyBsYSBSdXNzaWUsIEZyYW5jZSAyIGRcdTAwZTlwcm9ncmFtbWUgZW4gdXJnZW5jZSBzb24gcHJpbWUgZGUgamV1ZGkgYWZmaXJtYW50IHF1ZSAmIzgyMjA7TGEgRnJhbmNlIGVzdCBmYWNlIFx1MDBlMCBsYSBndWVycmUmIzgyMjE7ICFcdTAwYTAiLCJ0ZW1wbGF0ZSI6ImhpZ2h3YXkiLCJibG9nX2lkIjoxMTEwMTY0NjF9.X8f3BneO0VEp_2ptnIJh50FOkmO2Yh5-xArJQzWZuikMQ"},"version":2},"_wpas_customize_per_network":false},"categories":[405],"tags":[],"class_list":["post-33823","post","type-post","status-publish","format-standard","has-post-thumbnail","hentry","category-actu-france-monde"],"jetpack_publicize_connections":[],"jetpack_featured_media_url":"https:\/\/i0.wp.com\/www.iceagetv.com\/radiosite\/wp-content\/uploads\/2025\/03\/c8ZSj_fV.jpg?fit=679%2C293&ssl=1","jetpack_sharing_enabled":true,"_links":{"self":[{"href":"https:\/\/www.iceagetv.com\/radiosite\/wp-json\/wp\/v2\/posts\/33823","targetHints":{"allow":["GET"]}}],"collection":[{"href":"https:\/\/www.iceagetv.com\/radiosite\/wp-json\/wp\/v2\/posts"}],"about":[{"href":"https:\/\/www.iceagetv.com\/radiosite\/wp-json\/wp\/v2\/types\/post"}],"author":[{"embeddable":true,"href":"https:\/\/www.iceagetv.com\/radiosite\/wp-json\/wp\/v2\/users\/2"}],"replies":[{"embeddable":true,"href":"https:\/\/www.iceagetv.com\/radiosite\/wp-json\/wp\/v2\/comments?post=33823"}],"version-history":[{"count":1,"href":"https:\/\/www.iceagetv.com\/radiosite\/wp-json\/wp\/v2\/posts\/33823\/revisions"}],"predecessor-version":[{"id":33825,"href":"https:\/\/www.iceagetv.com\/radiosite\/wp-json\/wp\/v2\/posts\/33823\/revisions\/33825"}],"wp:featuredmedia":[{"embeddable":true,"href":"https:\/\/www.iceagetv.com\/radiosite\/wp-json\/wp\/v2\/media\/33824"}],"wp:attachment":[{"href":"https:\/\/www.iceagetv.com\/radiosite\/wp-json\/wp\/v2\/media?parent=33823"}],"wp:term":[{"taxonomy":"category","embeddable":true,"href":"https:\/\/www.iceagetv.com\/radiosite\/wp-json\/wp\/v2\/categories?post=33823"},{"taxonomy":"post_tag","embeddable":true,"href":"https:\/\/www.iceagetv.com\/radiosite\/wp-json\/wp\/v2\/tags?post=33823"}],"curies":[{"name":"wp","href":"https:\/\/api.w.org\/{rel}","templated":true}]}}