{"id":33854,"date":"2025-03-12T08:27:56","date_gmt":"2025-03-12T07:27:56","guid":{"rendered":"https:\/\/www.iceagetv.com\/radiosite\/?p=33854"},"modified":"2025-03-12T08:28:01","modified_gmt":"2025-03-12T07:28:01","slug":"tensions-france-algerie-le-consulat-algerien-de-nice-suspend-immediatement-ses-relations-avec-les-autorites-de-la-ville-les-eloignements-des-algeriens-deviennent-donc-desormais-totalement-imposs","status":"publish","type":"post","link":"https:\/\/www.iceagetv.com\/radiosite\/tensions-france-algerie-le-consulat-algerien-de-nice-suspend-immediatement-ses-relations-avec-les-autorites-de-la-ville-les-eloignements-des-algeriens-deviennent-donc-desormais-totalement-imposs\/","title":{"rendered":"Tensions France\/Alg\u00e9rie &#8211; Le consulat alg\u00e9rien de Nice suspend imm\u00e9diatement ses relations avec les autorit\u00e9s de la ville : \u00ab\u00a0Les \u00e9loignements des Alg\u00e9riens deviennent donc d\u00e9sormais totalement impossibles"},"content":{"rendered":"\n<p class=\"\">Selon les informations d\u2019Europe 1, le consulat alg\u00e9rien de Nice suspend imm\u00e9diatement&nbsp; ses relations avec les autorit\u00e9s de la ville. Une d\u00e9cision qui g\u00e8le les auditions consulaires des d\u00e9tenus et des retenus alg\u00e9riens en France. Plus aucun laissez-passer consulaire ne sera donc d\u00e9livr\u00e9 \u00e0 Nice jusqu\u2019\u00e0 nouvel ordre.<\/p>\n\n\n\n<p class=\"\">\u00ab\u00a0Les \u00e9loignements des Alg\u00e9riens deviennent d\u00e9sormais totalement impossibles alors qu\u2019ils \u00e9taient jusqu\u2019alors difficiles\u00a0\u00bb, r\u00e9agit \u00c9ric Ciotti, d\u00e9put\u00e9 de la premi\u00e8re circonscription des Alpes-Maritimes et pr\u00e9sident de l&rsquo;Union des droites pour la R\u00e9publique.<\/p>\n\n\n\n<p class=\"\">Cette d\u00e9cision intervient quelques jours apr\u00e8s l\u2019arr\u00eat des relations avec les consulats d\u2019Alg\u00e9rie \u00e0 Montpellier et \u00e0 Marseille, renfor\u00e7ant le bras de fer diplomatique entre Paris et Alger.<\/p>\n\n\n\n<p class=\"\">Depuis plusieurs semaines, les relations entre les deux gouvernements se sont fortement d\u00e9grad\u00e9es, l\u2019Alg\u00e9rie refusant de reprendre plusieurs de ses ressortissants en situation ill\u00e9gale, et tr\u00e8s souvent condamn\u00e9s, sur le sol fran\u00e7ais.<\/p>\n\n\n\n<p class=\"\">\u00c0 date, 23 Alg\u00e9riens faisant l\u2019objet d\u2019une obligation de quitter le territoire fran\u00e7ais (OQTF), et expuls\u00e9s de France, n\u2019ont pas \u00e9t\u00e9 repris par leur pays d\u2019origine depuis l\u2019expulsion rat\u00e9e de l\u2019influenceur Doualemn.<\/p>\n\n\n\n<p class=\"\">Il y a quelques jours, le ministre de l\u2019Int\u00e9rieur Bruno Retailleau a d\u00e9nonc\u00e9 cette situation, annon\u00e7ant vouloir mettre en place une \u00ab\u00a0riposte gradu\u00e9e\u00a0\u00bb \u00e0 l\u2019encontre de l\u2019Alg\u00e9rie.<\/p>\n","protected":false},"excerpt":{"rendered":"<p>Selon les informations d\u2019Europe 1, le consulat alg\u00e9rien de Nice suspend imm\u00e9diatement&nbsp; ses relations avec les autorit\u00e9s de la ville. Une d\u00e9cision qui g\u00e8le les auditions consulaires des d\u00e9tenus et des retenus alg\u00e9riens en France. Plus aucun laissez-passer consulaire ne sera donc d\u00e9livr\u00e9 \u00e0 Nice jusqu\u2019\u00e0 nouvel ordre. \u00ab\u00a0Les \u00e9loignements des Alg\u00e9riens deviennent d\u00e9sormais totalement [&hellip;]<\/p>\n","protected":false},"author":2,"featured_media":33855,"comment_status":"open","ping_status":"open","sticky":false,"template":"","format":"standard","meta":{"_jetpack_memberships_contains_paid_content":false,"footnotes":"","jetpack_publicize_message":"","jetpack_publicize_feature_enabled":true,"jetpack_social_post_already_shared":true,"jetpack_social_options":{"image_generator_settings":{"template":"highway","enabled":true,"token":"eyJpbWciOiJodHRwczpcL1wvd3d3LmljZWFnZXR2LmNvbVwvcmFkaW9zaXRlXC93cC1jb250ZW50XC91cGxvYWRzXC8yMDI1XC8wM1wvQjN3OFpfZG0uanBnIiwidHh0IjoiVGVuc2lvbnMgRnJhbmNlXC9BbGdcdTAwZTlyaWUgJiM4MjExOyBMZSBjb25zdWxhdCBhbGdcdTAwZTlyaWVuIGRlIE5pY2Ugc3VzcGVuZCBpbW1cdTAwZTlkaWF0ZW1lbnQgc2VzIHJlbGF0aW9ucyBhdmVjIGxlcyBhdXRvcml0XHUwMGU5cyBkZSBsYSB2aWxsZSA6ICYjODIyMDtMZXMgXHUwMGU5bG9pZ25lbWVudHMgZGVzIEFsZ1x1MDBlOXJpZW5zIGRldmllbm5lbnQgZG9uYyBkXHUwMGU5c29ybWFpcyB0b3RhbGVtZW50IGltcG9zc2libGVzIiwidGVtcGxhdGUiOiJoaWdod2F5IiwiYmxvZ19pZCI6MTExMDE2NDYxfQ.1jBXzRGGxhqD5hsmD7hz0haUkGujtL5bmfbikqID81QMQ"},"version":2},"_wpas_customize_per_network":false},"categories":[405],"tags":[],"class_list":["post-33854","post","type-post","status-publish","format-standard","has-post-thumbnail","hentry","category-actu-france-monde"],"jetpack_publicize_connections":[],"jetpack_featured_media_url":"https:\/\/i0.wp.com\/www.iceagetv.com\/radiosite\/wp-content\/uploads\/2025\/03\/B3w8Z_dm.jpg?fit=679%2C293&ssl=1","jetpack_sharing_enabled":true,"_links":{"self":[{"href":"https:\/\/www.iceagetv.com\/radiosite\/wp-json\/wp\/v2\/posts\/33854","targetHints":{"allow":["GET"]}}],"collection":[{"href":"https:\/\/www.iceagetv.com\/radiosite\/wp-json\/wp\/v2\/posts"}],"about":[{"href":"https:\/\/www.iceagetv.com\/radiosite\/wp-json\/wp\/v2\/types\/post"}],"author":[{"embeddable":true,"href":"https:\/\/www.iceagetv.com\/radiosite\/wp-json\/wp\/v2\/users\/2"}],"replies":[{"embeddable":true,"href":"https:\/\/www.iceagetv.com\/radiosite\/wp-json\/wp\/v2\/comments?post=33854"}],"version-history":[{"count":1,"href":"https:\/\/www.iceagetv.com\/radiosite\/wp-json\/wp\/v2\/posts\/33854\/revisions"}],"predecessor-version":[{"id":33856,"href":"https:\/\/www.iceagetv.com\/radiosite\/wp-json\/wp\/v2\/posts\/33854\/revisions\/33856"}],"wp:featuredmedia":[{"embeddable":true,"href":"https:\/\/www.iceagetv.com\/radiosite\/wp-json\/wp\/v2\/media\/33855"}],"wp:attachment":[{"href":"https:\/\/www.iceagetv.com\/radiosite\/wp-json\/wp\/v2\/media?parent=33854"}],"wp:term":[{"taxonomy":"category","embeddable":true,"href":"https:\/\/www.iceagetv.com\/radiosite\/wp-json\/wp\/v2\/categories?post=33854"},{"taxonomy":"post_tag","embeddable":true,"href":"https:\/\/www.iceagetv.com\/radiosite\/wp-json\/wp\/v2\/tags?post=33854"}],"curies":[{"name":"wp","href":"https:\/\/api.w.org\/{rel}","templated":true}]}}