{"id":3388,"date":"2015-11-22T08:34:27","date_gmt":"2015-11-22T08:34:27","guid":{"rendered":"http:\/\/www.iceagetv.com\/radiosite\/?p=3388"},"modified":"2015-11-22T08:34:27","modified_gmt":"2015-11-22T08:34:27","slug":"ipad-pro-oui-la-tablette-dapple-peut-se-bloquer-apres-avoir-ete-rechagee","status":"publish","type":"post","link":"https:\/\/www.iceagetv.com\/radiosite\/ipad-pro-oui-la-tablette-dapple-peut-se-bloquer-apres-avoir-ete-rechagee\/","title":{"rendered":"iPad Pro &#8211; Oui, la tablette d&rsquo;Apple peut se bloquer apr\u00e8s avoir \u00e9t\u00e9 rechag\u00e9e"},"content":{"rendered":"<p>\n\tPour r&eacute;ussir un lancement produit, les bugs sont g&eacute;n&eacute;ralement proscrits. Manque de chance pour Apple, l&#39;iPad Pro souffre d&#39;un dysfonctionnement provoquant l&#39;impossibilit&eacute; d&#39;utiliser la tablette. La firme de Cupertino a reconnu l&#39;existence de ce probl&egrave;me sur son site de support.\n<\/p>\n<p>\n\tVotre&nbsp;iPad Pro ne r&eacute;pond plus et l&#39;&eacute;cran reste obstin&eacute;ment noir&nbsp;m&ecirc;me lorsque vous pressez des boutons ou appuyez sur l&#39;&eacute;cran ? Oui cela peut se produire. &quot;Apple est conscient de ce probl&egrave;me et l&#39;examine&quot; &eacute;crit le constructeur.\n<\/p>\n<p>\n\tForcer le red&eacute;marrage de l&#39;iPad Pro&nbsp;\n<\/p>\n<p>\n\tEn attendant une solution, Apple explique &agrave; ses clients le seul rem&egrave;de existant &agrave; l&#39;heure actuelle : forcer le red&eacute;marrage de l&#39;iPad Pro. Le g&eacute;ant am&eacute;ricain ne pr&eacute;cise pas en revanche dans quelles conditions ce bugs peut se d&eacute;clencher.Les utilisateurs de la marque sont eux plus bavards (et m&eacute;contents), comme le rel&egrave;ve&nbsp;The Register. Sur les forums du support Apple,&nbsp;ces derniers se plaignent&nbsp;(sur plus de 17 pages) en effet que leur nouvelle tablette ne r&eacute;ponde plus apr&egrave;s avoir &eacute;t&eacute; mise en charge et laiss&eacute;e inactive un certain temps.\n<\/p>\n<p>\n\tNombre de clients chargeant la batterie de l&#39;iPad Pro durant la nuit t&eacute;moignent de l&#39;occurrence de ce bug. Toutefois, une charge prolong&eacute;e ne serait pas forc&eacute;ment n&eacute;cessaire. D&#39;autres utilisateurs expliquent avait laiss&eacute; la tablette en charge seulement une heure.\n<\/p>\n<p>\n\tA ce stade on ignore si ce d&eacute;sagr&eacute;ment est la cons&eacute;quence d&#39;un probl&egrave;me mat&eacute;riel ou s&#39;il se situe au niveau logiciel et du firmware d&#39;iOS. En attendant un &eacute;ventuel correctif, les utilisateurs concern&eacute;s n&#39;ont d&#39;autre choix que de red&eacute;marrer syst&eacute;matiquement l&#39;iPad Pro.<\/p>\n","protected":false},"excerpt":{"rendered":"<p>Pour r&eacute;ussir un lancement produit, les bugs sont g&eacute;n&eacute;ralement proscrits. Manque de chance pour Apple, l&#39;iPad Pro souffre d&#39;un dysfonctionnement provoquant l&#39;impossibilit&eacute; d&#39;utiliser la tablette. La firme de Cupertino a reconnu l&#39;existence de ce probl&egrave;me sur son site de support. Votre&nbsp;iPad Pro ne r&eacute;pond plus et l&#39;&eacute;cran reste obstin&eacute;ment noir&nbsp;m&ecirc;me lorsque vous pressez des boutons [&hellip;]<\/p>\n","protected":false},"author":2,"featured_media":3389,"comment_status":"open","ping_status":"open","sticky":false,"template":"","format":"standard","meta":{"_jetpack_memberships_contains_paid_content":false,"footnotes":"","jetpack_publicize_message":"","jetpack_publicize_feature_enabled":true,"jetpack_social_post_already_shared":false,"jetpack_social_options":{"image_generator_settings":{"template":"highway","default_image_id":0,"font":"","enabled":false},"version":2},"_wpas_customize_per_network":false},"categories":[16],"tags":[770],"class_list":["post-3388","post","type-post","status-publish","format-standard","has-post-thumbnail","hentry","category-actu-high-tech","tag-ipad-pro"],"jetpack_publicize_connections":[],"jetpack_featured_media_url":"https:\/\/i0.wp.com\/www.iceagetv.com\/radiosite\/wp-content\/uploads\/2015\/11\/iPad-Pro.jpg?fit=600%2C315&ssl=1","jetpack_sharing_enabled":true,"_links":{"self":[{"href":"https:\/\/www.iceagetv.com\/radiosite\/wp-json\/wp\/v2\/posts\/3388","targetHints":{"allow":["GET"]}}],"collection":[{"href":"https:\/\/www.iceagetv.com\/radiosite\/wp-json\/wp\/v2\/posts"}],"about":[{"href":"https:\/\/www.iceagetv.com\/radiosite\/wp-json\/wp\/v2\/types\/post"}],"author":[{"embeddable":true,"href":"https:\/\/www.iceagetv.com\/radiosite\/wp-json\/wp\/v2\/users\/2"}],"replies":[{"embeddable":true,"href":"https:\/\/www.iceagetv.com\/radiosite\/wp-json\/wp\/v2\/comments?post=3388"}],"version-history":[{"count":1,"href":"https:\/\/www.iceagetv.com\/radiosite\/wp-json\/wp\/v2\/posts\/3388\/revisions"}],"predecessor-version":[{"id":3390,"href":"https:\/\/www.iceagetv.com\/radiosite\/wp-json\/wp\/v2\/posts\/3388\/revisions\/3390"}],"wp:featuredmedia":[{"embeddable":true,"href":"https:\/\/www.iceagetv.com\/radiosite\/wp-json\/wp\/v2\/media\/3389"}],"wp:attachment":[{"href":"https:\/\/www.iceagetv.com\/radiosite\/wp-json\/wp\/v2\/media?parent=3388"}],"wp:term":[{"taxonomy":"category","embeddable":true,"href":"https:\/\/www.iceagetv.com\/radiosite\/wp-json\/wp\/v2\/categories?post=3388"},{"taxonomy":"post_tag","embeddable":true,"href":"https:\/\/www.iceagetv.com\/radiosite\/wp-json\/wp\/v2\/tags?post=3388"}],"curies":[{"name":"wp","href":"https:\/\/api.w.org\/{rel}","templated":true}]}}