{"id":33893,"date":"2025-03-13T20:23:07","date_gmt":"2025-03-13T19:23:07","guid":{"rendered":"https:\/\/www.iceagetv.com\/radiosite\/?p=33893"},"modified":"2025-03-13T20:23:11","modified_gmt":"2025-03-13T19:23:11","slug":"un-projet-daction-violente-dejoue-a-vesoul-un-suspect-de-17-ans-presente-a-un-juge-anti-terroriste","status":"publish","type":"post","link":"https:\/\/www.iceagetv.com\/radiosite\/un-projet-daction-violente-dejoue-a-vesoul-un-suspect-de-17-ans-presente-a-un-juge-anti-terroriste\/","title":{"rendered":"Un projet d&rsquo;action violente d\u00e9jou\u00e9 \u00e0 Vesoul, un suspect de 17 ans pr\u00e9sent\u00e9 \u00e0 un juge anti-terroriste"},"content":{"rendered":"\n<p class=\"\">Un jeune homme de 17 ans est actuellement pr\u00e9sent\u00e9 devant un juge anti-terroriste.<\/p>\n\n\n\n<p class=\"\">Un projet d&rsquo;action violente a \u00e9t\u00e9 d\u00e9jou\u00e9 \u00e0 Vesoul en d\u00e9but de semaine, a appris BFMTV aupr\u00e8s du&nbsp;<a href=\"https:\/\/www.bfmtv.com\/alsace\/mulhouse-une-attaque-au-couteau-fait-un-mort-et-deux-blesses-un-individu-interpelle_AN-202502220309.html\">parquet national antiterroriste<\/a>. Selon cette m\u00eame source, un jeune homme de 17 ans est actuellement pr\u00e9sent\u00e9 devant un juge anti-terroriste.<\/p>\n\n\n\n<p class=\"\">Une information judiciaire a \u00e9t\u00e9 ouverte contre lui pour participation \u00e0 une association de malfaiteurs en vue de la pr\u00e9paration d\u2019un ou plusieurs crimes d\u2019atteintes aux personnes.Le parquet requiert son placement en d\u00e9tention provisoire<\/p>\n\n\n\n<p class=\"\">Le mineur a \u00e9t\u00e9 interpell\u00e9 le 10 mars 2025 en Haute-Sa\u00f4ne dans la cadre d\u2019une proc\u00e9dure diligent\u00e9e par le parquet de Vesoul, dont le parquet national antiterroriste s\u2019est saisi le 11 mars 2025. Les investigations ont \u00e9t\u00e9 confi\u00e9es \u00e0 la DGSI.<\/p>\n\n\n\n<p class=\"\">\u00ab\u00a0Les investigations \u00e0 venir sur commission rogatoire permettront de confirmer les cibles exactes du projet d\u2019action violente et son imminence\u00a0\u00bb, pr\u00e9cise encore le parquet national antiterroriste qui a requis son placement en d\u00e9tention provisoire.<\/p>\n","protected":false},"excerpt":{"rendered":"<p>Un jeune homme de 17 ans est actuellement pr\u00e9sent\u00e9 devant un juge anti-terroriste. Un projet d&rsquo;action violente a \u00e9t\u00e9 d\u00e9jou\u00e9 \u00e0 Vesoul en d\u00e9but de semaine, a appris BFMTV aupr\u00e8s du&nbsp;parquet national antiterroriste. Selon cette m\u00eame source, un jeune homme de 17 ans est actuellement pr\u00e9sent\u00e9 devant un juge anti-terroriste. Une information judiciaire a \u00e9t\u00e9 [&hellip;]<\/p>\n","protected":false},"author":2,"featured_media":33894,"comment_status":"open","ping_status":"open","sticky":false,"template":"","format":"standard","meta":{"_jetpack_memberships_contains_paid_content":false,"footnotes":"","jetpack_publicize_message":"","jetpack_publicize_feature_enabled":true,"jetpack_social_post_already_shared":true,"jetpack_social_options":{"image_generator_settings":{"template":"highway","enabled":true,"token":"eyJpbWciOiJodHRwczpcL1wvd3d3LmljZWFnZXR2LmNvbVwvcmFkaW9zaXRlXC93cC1jb250ZW50XC91cGxvYWRzXC8yMDI1XC8wM1wvR2w4U1ZHb1c4QUFoTThNLmpwZyIsInR4dCI6IlVuIHByb2pldCBkJiM4MjE3O2FjdGlvbiB2aW9sZW50ZSBkXHUwMGU5am91XHUwMGU5IFx1MDBlMCBWZXNvdWwsIHVuIHN1c3BlY3QgZGUgMTcgYW5zIHByXHUwMGU5c2VudFx1MDBlOSBcdTAwZTAgdW4ganVnZSBhbnRpLXRlcnJvcmlzdGUiLCJ0ZW1wbGF0ZSI6ImhpZ2h3YXkiLCJibG9nX2lkIjoxMTEwMTY0NjF9.BvlozwJnb7St6GnSWC-iZQinm5zP4ZECfrM9ZVtqm0UMQ"},"version":2},"_wpas_customize_per_network":false},"categories":[405],"tags":[],"class_list":["post-33893","post","type-post","status-publish","format-standard","has-post-thumbnail","hentry","category-actu-france-monde"],"jetpack_publicize_connections":[],"jetpack_featured_media_url":"https:\/\/i0.wp.com\/www.iceagetv.com\/radiosite\/wp-content\/uploads\/2025\/03\/Gl8SVGoW8AAhM8M.jpg?fit=680%2C383&ssl=1","jetpack_sharing_enabled":true,"_links":{"self":[{"href":"https:\/\/www.iceagetv.com\/radiosite\/wp-json\/wp\/v2\/posts\/33893","targetHints":{"allow":["GET"]}}],"collection":[{"href":"https:\/\/www.iceagetv.com\/radiosite\/wp-json\/wp\/v2\/posts"}],"about":[{"href":"https:\/\/www.iceagetv.com\/radiosite\/wp-json\/wp\/v2\/types\/post"}],"author":[{"embeddable":true,"href":"https:\/\/www.iceagetv.com\/radiosite\/wp-json\/wp\/v2\/users\/2"}],"replies":[{"embeddable":true,"href":"https:\/\/www.iceagetv.com\/radiosite\/wp-json\/wp\/v2\/comments?post=33893"}],"version-history":[{"count":1,"href":"https:\/\/www.iceagetv.com\/radiosite\/wp-json\/wp\/v2\/posts\/33893\/revisions"}],"predecessor-version":[{"id":33895,"href":"https:\/\/www.iceagetv.com\/radiosite\/wp-json\/wp\/v2\/posts\/33893\/revisions\/33895"}],"wp:featuredmedia":[{"embeddable":true,"href":"https:\/\/www.iceagetv.com\/radiosite\/wp-json\/wp\/v2\/media\/33894"}],"wp:attachment":[{"href":"https:\/\/www.iceagetv.com\/radiosite\/wp-json\/wp\/v2\/media?parent=33893"}],"wp:term":[{"taxonomy":"category","embeddable":true,"href":"https:\/\/www.iceagetv.com\/radiosite\/wp-json\/wp\/v2\/categories?post=33893"},{"taxonomy":"post_tag","embeddable":true,"href":"https:\/\/www.iceagetv.com\/radiosite\/wp-json\/wp\/v2\/tags?post=33893"}],"curies":[{"name":"wp","href":"https:\/\/api.w.org\/{rel}","templated":true}]}}