{"id":33928,"date":"2025-03-15T14:05:18","date_gmt":"2025-03-15T13:05:18","guid":{"rendered":"https:\/\/www.iceagetv.com\/radiosite\/?p=33928"},"modified":"2025-03-15T14:05:22","modified_gmt":"2025-03-15T13:05:22","slug":"cannes-lhomme-qui-a-attaque-au-couteau-des-policiers-pres-du-commissariat-est-age-de-21-ans-et-sous-oqtf-depuis-novembre-2024-lassaillant-qui-a-crie-allah-akbar-a-ete-maitrise-et-interpe","status":"publish","type":"post","link":"https:\/\/www.iceagetv.com\/radiosite\/cannes-lhomme-qui-a-attaque-au-couteau-des-policiers-pres-du-commissariat-est-age-de-21-ans-et-sous-oqtf-depuis-novembre-2024-lassaillant-qui-a-crie-allah-akbar-a-ete-maitrise-et-interpe\/","title":{"rendered":"Cannes : L&rsquo;homme qui a attaqu\u00e9 au couteau des policiers pr\u00e8s du commissariat est \u00e2g\u00e9 de 21 ans et sous OQTF depuis novembre 2024 &#8211; L&rsquo;assaillant, qui a cri\u00e9 \u00ab\u00a0Allah Akbar\u00a0\u00bb, a \u00e9t\u00e9 ma\u00eetris\u00e9 et interpell\u00e9"},"content":{"rendered":"\n<p class=\"\">Eric Ciotti, d\u00e9put\u00e9 et&nbsp;Pr\u00e9sident de l\u2019Union des Droites pour la R\u00e9publique&nbsp;, r\u00e9agit sur X: \u00ab\u00a0Total soutien aux policiers du commissariat de Cannes qui ont \u00e9t\u00e9 agress\u00e9s par un individu au couteau criant&nbsp;\u00ab&nbsp;Allah Akbar&nbsp;\u00bb.<\/p>\n\n\n\n<p class=\"\">Je salue leur professionnalisme qui leur a permis d\u2019interpeller l\u2019agresseur et de le placer en garde \u00e0 vue. Ils sont notre rempart face \u00e0 la haine !\u00a0\u00bbLe maire de Cannes,<a href=\"https:\/\/x.com\/davidlisnard\/status\/1900883880850145380\" target=\"_blank\" rel=\"noreferrer noopener\">&nbsp;David Lisnard,<\/a>&nbsp;a \u00e9galement rendu hommage sur X au \u00ab&nbsp;professionnalisme&nbsp;\u00bb et au \u00ab&nbsp;sang-froid&nbsp;\u00bb des forces de l\u2019ordre.<\/p>\n\n\n\n<p class=\"\">Et de fustiger: \u00ab\u00a0Encore un qui va \u00eatre d\u00e9sign\u00e9 irresponsable par la Justice ? Heureusement aucun bless\u00e9.\u00a0\u00bb<\/p>\n\n\n\n<p class=\"\">\u00ab\u00a0Si on pourrait \u00eatre tent\u00e9 de regretter que son v\u0153u de \u00ab\u00a0 mourir en martyr\u00a0\u00bb n\u2019ait pas \u00e9t\u00e9 exauc\u00e9, je f\u00e9licite les policiers qui l\u2019ont interpell\u00e9 avec professionnalisme et sang froid, et tiens \u00e0 soutenir ardemment les forces de l\u2019ordre.\u00a0\u00bb, a-t-il ajout\u00e9. Et d&rsquo;indiquer que \u00ab\u00a0Le m\u00eame individu avait \u00e9t\u00e9 arr\u00eat\u00e9 il y a quelques jours par la police municipale apr\u00e8s avoir d\u00e9grad\u00e9 un v\u00e9hicule du service.\u00a0\u00bbSur le r\u00e9seau social X, le pr\u00e9fet des Alpes-Maritimes \u00e9crit : \u00ab\u00a0Aujourd&rsquo;hui en fin de matin\u00e9e, un individu a menac\u00e9 avec un couteau un \u00e9quipage de police devant le commissariat de Cannes. L&rsquo;individu a \u00e9t\u00e9 imm\u00e9diatement neutralis\u00e9 avec un pistolet \u00e0 impulsion \u00e9lectrique. Aucun bless\u00e9.\u00a0\u00bb<\/p>\n\n\n\n<p class=\"\">Et d&rsquo;ajouter:\u00a0\u00bb Je tiens \u00e0 f\u00e9liciter les policiers qui sont intervenus et ont fait preuve d&rsquo; une grande ma\u00eetrise professionnelle. \u00a0\u00bb \u00ab\u00a0Nous sommes tous fiers de nos forces de s\u00e9curit\u00e9 .\u00a0\u00bb, a-t-il conclu.<strong>&nbsp;Selon le&nbsp;<a href=\"https:\/\/www.leparisien.fr\/faits-divers\/cannes-des-policiers-attaques-au-couteau-devant-le-commissariat-lassaillant-interpelle-15-03-2025-GRDWFBRUJBD75AXGNGZCHKYNHI.php\" target=\"_blank\" rel=\"noreferrer noopener\">Parisien<\/a>, le suspect est un homme \u00e2g\u00e9 de 21 ans, sous OQTF&nbsp;(obligation de quitter le territoire fran\u00e7ais)&nbsp;depuis le 24&nbsp;novembre 2024.<\/strong><\/p>\n\n\n\n<p class=\"\">Et d&rsquo;ajouter que \u00ab\u00a0de nationalit\u00e9 marocaine, l&rsquo;homme avait \u00e9t\u00e9 interpell\u00e9 en d\u00e9but de semaine apr\u00e8s avoir cass\u00e9 le r\u00e9troviseur d\u2019une voiture de la police municipale. Il avait \u00e9t\u00e9 rel\u00e2ch\u00e9, et convoqu\u00e9 ult\u00e9rieurement.\u00a0\u00bbCe matin \u00e0 Cannes,&nbsp;des policiers ont \u00e9t\u00e9 attaqu\u00e9s par un homme arm\u00e9 d&rsquo;un couteau pr\u00e8s du commissariat. L&rsquo;assaillant a \u00e9t\u00e9 interpell\u00e9, et plac\u00e9 en garde \u00e0 vue, rapporte&nbsp;\u00e0&nbsp;<a href=\"https:\/\/france3-regions.francetvinfo.fr\/provence-alpes-cote-d-azur\/alpes-maritimes\/cannes\/cannes-un-homme-interpelle-apres-avoir-menace-au-couteau-des-policiers-3122893.html\" target=\"_blank\" rel=\"noreferrer noopener\">France 3 C\u00f4te d&rsquo;Azur<\/a>&nbsp;la pr\u00e9fecture des Alpes-Maritimes.<\/p>\n\n\n\n<p class=\"\">Et le procureur de la r\u00e9publique de Grasse de&nbsp;pr\u00e9ciser qu'\u00a0\u00bbaucun policier n&rsquo;a \u00e9t\u00e9 bless\u00e9\u00a0\u00bb.<\/p>\n\n\n\n<p class=\"\">Damien Savarzeix indique \u00e0 nos confr\u00e8res que \u00ab\u00a0les faits se sont produits \u00e0 l&rsquo;ext\u00e9rieur du commissariat sans \u00eatre en mesure, \u00e0 ce stade, de donner plus de pr\u00e9cisions.\u00a0\u00bb<\/p>\n\n\n\n<p class=\"\">\u00ab\u00a0Vers 11 heures, un homme d&rsquo;une vingtaine d&rsquo;ann\u00e9e, s&rsquo;est pr\u00e9sent\u00e9 \u00e0 l&rsquo;arri\u00e8re du commissariat. Plut\u00f4t calme, il a marmonn\u00e9 en s\u2019approchant d\u2019un \u00e9quipage de police, avant de brandir de haut en bas un couteau. L\u2019\u00e9quipage d\u00e9cide alors de d\u00e9marrer la voiture pour aller chercher des coll\u00e8gues devant le commissariat.&nbsp;\u00ab\u00a0, explique&nbsp;<a href=\"https:\/\/www.bfmtv.com\/cote-d-azur\/cannes-des-policiers-attaques-au-couteau-pres-du-commissariat-l-assaillant-interpelle_AN-202503150203.html?at_brand=BFMTV&amp;at_compte=BFMCotedazur&amp;at_plateforme=twitter&amp;at_campaign=Fan_pages&amp;at_medium=Community_Management\" target=\"_blank\" rel=\"noreferrer noopener\">BFM TV.<\/a><\/p>\n\n\n\n<p class=\"\">C&rsquo;est apr\u00e8s un tir de Taser que l&rsquo;individu a \u00e9t\u00e9 neutralis\u00e9, avant d&rsquo;\u00eatre interpell\u00e9.<\/p>\n\n\n\n<p class=\"\">Selon&nbsp;<a href=\"https:\/\/www.europe1.fr\/Police-Justice\/cannes-une-attaque-au-couteau-a-proximite-du-commissariat-lassaillant-maitrise-et-interpelle-668104\" target=\"_blank\" rel=\"noreferrer noopener\">Europe 1<\/a>, l&rsquo;assaillant a cri\u00e9 \u00ab\u00a0Allah Akbar\u00a0\u00bb au moment des faits mais aussi \u00e0 plusieurs reprises dans sa cellule, indique une source proche du dossier.<\/p>\n","protected":false},"excerpt":{"rendered":"<p>Eric Ciotti, d\u00e9put\u00e9 et&nbsp;Pr\u00e9sident de l\u2019Union des Droites pour la R\u00e9publique&nbsp;, r\u00e9agit sur X: \u00ab\u00a0Total soutien aux policiers du commissariat de Cannes qui ont \u00e9t\u00e9 agress\u00e9s par un individu au couteau criant&nbsp;\u00ab&nbsp;Allah Akbar&nbsp;\u00bb. Je salue leur professionnalisme qui leur a permis d\u2019interpeller l\u2019agresseur et de le placer en garde \u00e0 vue. Ils sont notre rempart [&hellip;]<\/p>\n","protected":false},"author":2,"featured_media":33929,"comment_status":"open","ping_status":"open","sticky":false,"template":"","format":"standard","meta":{"_jetpack_memberships_contains_paid_content":false,"footnotes":"","jetpack_publicize_message":"","jetpack_publicize_feature_enabled":true,"jetpack_social_post_already_shared":true,"jetpack_social_options":{"image_generator_settings":{"template":"highway","enabled":true,"token":"eyJpbWciOiJodHRwczpcL1wvd3d3LmljZWFnZXR2LmNvbVwvcmFkaW9zaXRlXC93cC1jb250ZW50XC91cGxvYWRzXC8yMDI1XC8wM1wvRk45TmIyLWsuanBnIiwidHh0IjoiQ2FubmVzIDogTCYjODIxNztob21tZSBxdWkgYSBhdHRhcXVcdTAwZTkgYXUgY291dGVhdSBkZXMgcG9saWNpZXJzIHByXHUwMGU4cyBkdSBjb21taXNzYXJpYXQgZXN0IFx1MDBlMmdcdTAwZTkgZGUgMjEgYW5zIGV0IHNvdXMgT1FURiBkZXB1aXMgbm92ZW1icmUgMjAyNCAmIzgyMTE7IEwmIzgyMTc7YXNzYWlsbGFudCwgcXVpIGEgY3JpXHUwMGU5ICYjODIyMDtBbGxhaCBBa2JhciYjODIyMTssIGEgXHUwMGU5dFx1MDBlOSBtYVx1MDBlZXRyaXNcdTAwZTkgZXQgaW50ZXJwZWxsXHUwMGU5IiwidGVtcGxhdGUiOiJoaWdod2F5IiwiYmxvZ19pZCI6MTExMDE2NDYxfQ.8vYmvZVdk9xGxlxoy-LmxI8VtE6mZsRO2yEEy5qMqNsMQ"},"version":2},"_wpas_customize_per_network":false},"categories":[405],"tags":[],"class_list":["post-33928","post","type-post","status-publish","format-standard","has-post-thumbnail","hentry","category-actu-france-monde"],"jetpack_publicize_connections":[],"jetpack_featured_media_url":"https:\/\/i0.wp.com\/www.iceagetv.com\/radiosite\/wp-content\/uploads\/2025\/03\/FN9Nb2-k.jpg?fit=679%2C293&ssl=1","jetpack_sharing_enabled":true,"_links":{"self":[{"href":"https:\/\/www.iceagetv.com\/radiosite\/wp-json\/wp\/v2\/posts\/33928","targetHints":{"allow":["GET"]}}],"collection":[{"href":"https:\/\/www.iceagetv.com\/radiosite\/wp-json\/wp\/v2\/posts"}],"about":[{"href":"https:\/\/www.iceagetv.com\/radiosite\/wp-json\/wp\/v2\/types\/post"}],"author":[{"embeddable":true,"href":"https:\/\/www.iceagetv.com\/radiosite\/wp-json\/wp\/v2\/users\/2"}],"replies":[{"embeddable":true,"href":"https:\/\/www.iceagetv.com\/radiosite\/wp-json\/wp\/v2\/comments?post=33928"}],"version-history":[{"count":1,"href":"https:\/\/www.iceagetv.com\/radiosite\/wp-json\/wp\/v2\/posts\/33928\/revisions"}],"predecessor-version":[{"id":33930,"href":"https:\/\/www.iceagetv.com\/radiosite\/wp-json\/wp\/v2\/posts\/33928\/revisions\/33930"}],"wp:featuredmedia":[{"embeddable":true,"href":"https:\/\/www.iceagetv.com\/radiosite\/wp-json\/wp\/v2\/media\/33929"}],"wp:attachment":[{"href":"https:\/\/www.iceagetv.com\/radiosite\/wp-json\/wp\/v2\/media?parent=33928"}],"wp:term":[{"taxonomy":"category","embeddable":true,"href":"https:\/\/www.iceagetv.com\/radiosite\/wp-json\/wp\/v2\/categories?post=33928"},{"taxonomy":"post_tag","embeddable":true,"href":"https:\/\/www.iceagetv.com\/radiosite\/wp-json\/wp\/v2\/tags?post=33928"}],"curies":[{"name":"wp","href":"https:\/\/api.w.org\/{rel}","templated":true}]}}