{"id":33933,"date":"2025-03-15T16:13:41","date_gmt":"2025-03-15T15:13:41","guid":{"rendered":"https:\/\/www.iceagetv.com\/radiosite\/?p=33933"},"modified":"2025-03-15T16:13:45","modified_gmt":"2025-03-15T15:13:45","slug":"yero-ladolescent-de-15-ans-qui-avait-disparu-depuis-un-peu-plus-dune-semaine-en-region-parisienne-apres-avoir-ete-temoin-dune-agression-au-couteau-a-ete-retrouve-a-pau-par-des-policiers","status":"publish","type":"post","link":"https:\/\/www.iceagetv.com\/radiosite\/yero-ladolescent-de-15-ans-qui-avait-disparu-depuis-un-peu-plus-dune-semaine-en-region-parisienne-apres-avoir-ete-temoin-dune-agression-au-couteau-a-ete-retrouve-a-pau-par-des-policiers\/","title":{"rendered":"Yero, l&rsquo;adolescent de 15 ans qui avait disparu depuis un peu plus d&rsquo;une semaine en r\u00e9gion parisienne, apr\u00e8s avoir \u00e9t\u00e9 t\u00e9moin d&rsquo;une agression au couteau, a \u00e9t\u00e9 retrouv\u00e9 \u00e0 Pau par des policiers"},"content":{"rendered":"\n<p class=\"\">Yero, l&rsquo;adolescent de 15 ans qui avait disparu depuis un peu plus d&rsquo;une semaine en r\u00e9gion parisienne,&nbsp;a \u00e9t\u00e9 retrouv\u00e9 aujourd&rsquo;hui par des policiers, \u00e0 Pau, a appris BFMTV aupr\u00e8s de la m\u00e8re de l&rsquo;adolescent. Cette derni\u00e8re est actuellement en route pour aller le r\u00e9cup\u00e9rer, pr\u00e9cise-t-elle.<\/p>\n\n\n\n<p class=\"\">Nos confr\u00e8res pr\u00e9cisent que le jeune homme&nbsp;\u00ab\u00a0n\u2019a pas de probl\u00e8me de sant\u00e9 au premier contact avec lui. Il est en train d\u2019\u00eatre auditionn\u00e9 pour comprendre son parcours, ce qu\u2019il a fait ou s\u2019il a \u00e9t\u00e9 victime de quelque chose durant le laps de temps \u00e9coul\u00e9.\u00a0\u00bb<\/p>\n\n\n\n<p class=\"\">S\u00e9verine n\u2019avait plus de nouvelles de son fils, Yero, 15 ans, depuis le 7 mars et l&rsquo;inqui\u00e9tude grandissait&nbsp; d&rsquo;heure en heure, de peur qu&rsquo;un drame de se produise.<\/p>\n\n\n\n<p class=\"\">Une enqu\u00eate pour disparition inqui\u00e9tante avait m\u00eame \u00e9t\u00e9 ouverte le m\u00eame jour au commissariat de Cachan (Val-de-Marne).<\/p>\n\n\n\n<p class=\"\">Rappelons que ce qui \u00e9tait tr\u00e8s inqui\u00e9tant, c&rsquo;est que d&rsquo;apr\u00e8s les parents de l&rsquo;adolescent, Yero avait \u00e9t\u00e9 t\u00e9moin d&rsquo;une agression au couteau entre jeunes. L&rsquo;enqu\u00eate avait permis de retrouver et de sanctionner les agresseurs, mais Yero, entendu par la police \u00e0 l&rsquo;\u00e9poque, passait depuis pour \u00ab\u00a0la balance\u00a0\u00bb.<\/p>\n\n\n\n<p class=\"\">Une piste d&rsquo;explication qui avait \u00e9t\u00e9 prise tr\u00e8s au s\u00e9rieux par les autorit\u00e9s, y compris la direction de l&rsquo;\u00e9tablissement.<\/p>\n\n\n\n<p class=\"\">\u00ab\u00a0On l&rsquo;a envoy\u00e9 au coll\u00e8ge vendredi matin et il n&rsquo;est jamais revenu. J&rsquo;ai appel\u00e9 son meilleur copain pour leur dire d&rsquo;arr\u00eater la console mais il m&rsquo;a dit que Yero n&rsquo;\u00e9tait pas avec lui. On a regard\u00e9 son compte Snapchat et on a eu acc\u00e8s \u00e0 ses conversations avec ses copains. On a d\u00e9couvert qu&rsquo;il \u00e9tait recherch\u00e9, qu&rsquo;on voulait le tabasser suite \u00e0 une affaire datant de la fin d&rsquo;ann\u00e9e derni\u00e8re.<\/p>\n\n\n\n<p class=\"\">\u00ab\u00a0Il est asthmatique et il est parti sans son traitement\u00a0\u00bb, s&rsquo;inqui\u00e8tait la m\u00e8re de famille. L&rsquo;adolescent \u00e9tait aussi parti sans argent, ni t\u00e9l\u00e9phone. \u00ab\u00a0Il faut qu&rsquo;il rentre. On le prot\u00e9gera, on ne le laissera pas comme \u00e7a\u00a0\u00bb, promettait S\u00e9verine.<\/p>\n","protected":false},"excerpt":{"rendered":"<p>Yero, l&rsquo;adolescent de 15 ans qui avait disparu depuis un peu plus d&rsquo;une semaine en r\u00e9gion parisienne,&nbsp;a \u00e9t\u00e9 retrouv\u00e9 aujourd&rsquo;hui par des policiers, \u00e0 Pau, a appris BFMTV aupr\u00e8s de la m\u00e8re de l&rsquo;adolescent. Cette derni\u00e8re est actuellement en route pour aller le r\u00e9cup\u00e9rer, pr\u00e9cise-t-elle. Nos confr\u00e8res pr\u00e9cisent que le jeune homme&nbsp;\u00ab\u00a0n\u2019a pas de probl\u00e8me [&hellip;]<\/p>\n","protected":false},"author":2,"featured_media":33934,"comment_status":"open","ping_status":"open","sticky":false,"template":"","format":"standard","meta":{"_jetpack_memberships_contains_paid_content":false,"footnotes":"","jetpack_publicize_message":"","jetpack_publicize_feature_enabled":true,"jetpack_social_post_already_shared":true,"jetpack_social_options":{"image_generator_settings":{"template":"highway","enabled":true,"token":"eyJpbWciOiJodHRwczpcL1wvd3d3LmljZWFnZXR2LmNvbVwvcmFkaW9zaXRlXC93cC1jb250ZW50XC91cGxvYWRzXC8yMDI1XC8wM1wvU1BfYjR6VTAuanBnIiwidHh0IjoiWWVybywgbCYjODIxNzthZG9sZXNjZW50IGRlIDE1IGFucyBxdWkgYXZhaXQgZGlzcGFydSBkZXB1aXMgdW4gcGV1IHBsdXMgZCYjODIxNzt1bmUgc2VtYWluZSBlbiByXHUwMGU5Z2lvbiBwYXJpc2llbm5lLCBhcHJcdTAwZThzIGF2b2lyIFx1MDBlOXRcdTAwZTkgdFx1MDBlOW1vaW4gZCYjODIxNzt1bmUgYWdyZXNzaW9uIGF1IGNvdXRlYXUsIGEgXHUwMGU5dFx1MDBlOSByZXRyb3V2XHUwMGU5IFx1MDBlMCBQYXUgcGFyIGRlcyBwb2xpY2llcnMiLCJ0ZW1wbGF0ZSI6ImhpZ2h3YXkiLCJibG9nX2lkIjoxMTEwMTY0NjF9.3mX6lLcBbe9_h1v97eNJncFaLw8EhNiYfcJ7fuoS_4UMQ"},"version":2},"_wpas_customize_per_network":false},"categories":[405],"tags":[],"class_list":["post-33933","post","type-post","status-publish","format-standard","has-post-thumbnail","hentry","category-actu-france-monde"],"jetpack_publicize_connections":[],"jetpack_featured_media_url":"https:\/\/i0.wp.com\/www.iceagetv.com\/radiosite\/wp-content\/uploads\/2025\/03\/SP_b4zU0.jpg?fit=679%2C293&ssl=1","jetpack_sharing_enabled":true,"_links":{"self":[{"href":"https:\/\/www.iceagetv.com\/radiosite\/wp-json\/wp\/v2\/posts\/33933","targetHints":{"allow":["GET"]}}],"collection":[{"href":"https:\/\/www.iceagetv.com\/radiosite\/wp-json\/wp\/v2\/posts"}],"about":[{"href":"https:\/\/www.iceagetv.com\/radiosite\/wp-json\/wp\/v2\/types\/post"}],"author":[{"embeddable":true,"href":"https:\/\/www.iceagetv.com\/radiosite\/wp-json\/wp\/v2\/users\/2"}],"replies":[{"embeddable":true,"href":"https:\/\/www.iceagetv.com\/radiosite\/wp-json\/wp\/v2\/comments?post=33933"}],"version-history":[{"count":1,"href":"https:\/\/www.iceagetv.com\/radiosite\/wp-json\/wp\/v2\/posts\/33933\/revisions"}],"predecessor-version":[{"id":33935,"href":"https:\/\/www.iceagetv.com\/radiosite\/wp-json\/wp\/v2\/posts\/33933\/revisions\/33935"}],"wp:featuredmedia":[{"embeddable":true,"href":"https:\/\/www.iceagetv.com\/radiosite\/wp-json\/wp\/v2\/media\/33934"}],"wp:attachment":[{"href":"https:\/\/www.iceagetv.com\/radiosite\/wp-json\/wp\/v2\/media?parent=33933"}],"wp:term":[{"taxonomy":"category","embeddable":true,"href":"https:\/\/www.iceagetv.com\/radiosite\/wp-json\/wp\/v2\/categories?post=33933"},{"taxonomy":"post_tag","embeddable":true,"href":"https:\/\/www.iceagetv.com\/radiosite\/wp-json\/wp\/v2\/tags?post=33933"}],"curies":[{"name":"wp","href":"https:\/\/api.w.org\/{rel}","templated":true}]}}