{"id":33961,"date":"2025-03-16T13:55:17","date_gmt":"2025-03-16T12:55:17","guid":{"rendered":"https:\/\/www.iceagetv.com\/radiosite\/?p=33961"},"modified":"2025-03-16T13:55:24","modified_gmt":"2025-03-16T12:55:24","slug":"sur-les-retraites-bayrou-ecarte-un-retour-a-62-ans-et-pointe-le-contexte-international","status":"publish","type":"post","link":"https:\/\/www.iceagetv.com\/radiosite\/sur-les-retraites-bayrou-ecarte-un-retour-a-62-ans-et-pointe-le-contexte-international\/","title":{"rendered":"Sur les retraites, Bayrou \u00e9carte un retour \u00e0 62 ans et pointe le contexte international"},"content":{"rendered":"\n<p class=\"\">Interrog\u00e9 ce dimanche 16\u00a0mars, le Premier ministre a exclu un retour de l\u2019\u00e2ge de d\u00e9part \u00e0 la retraite \u00e0 62\u00a0ans, comme demand\u00e9 par la gauche et les syndicats.POLITIQUE &#8211; En une phrase, Fran\u00e7ois Bayrou a douch\u00e9 les espoirs de millions de salari\u00e9s. Au micro de France Inter ce 16\u00a0mars, le Premier ministre a ferm\u00e9 la porte \u00e0 tout retour \u00e0\u00a0<a href=\"https:\/\/www.huffingtonpost.fr\/politique\/article\/le-conclave-sur-les-retraites-peut-il-vraiment-abroger-le-depart-a-64-ans_246717.html\">l\u2019\u00e2ge de d\u00e9part \u00e0 la retraite \u00e0 62\u00a0ans<\/a>, comme le demandent unanimement les syndicats et la gauche.<em>Je ne crois pas que la question param\u00e9trique, c\u2019est-\u00e0-dire la question de dire\u00a0: \u201cVoil\u00e0 l\u2019\u00e2ge pour tout le monde\u201d, soit la seule piste\u00a0\u00bb<\/em>, a d\u00e9clar\u00e9 le chef du gouvernement, alors que\u00a0<a href=\"https:\/\/www.huffingtonpost.fr\/politique\/article\/les-64-ans-et-le-conclave-sur-les-retraites-parasites-par-l-effort-de-guerre_247296.html\">le conclave sur les retraites<\/a>\u00a0qu\u2019il a lui-m\u00eame lanc\u00e9 en f\u00e9vrier pour \u00e9chapper \u00e0 la censure des socialistes poursuit ses travaux. Pour justifier ce refus de faire un geste \u00e0 destination des salari\u00e9s, Fran\u00e7ois Bayrou pointe le contexte international, plomb\u00e9 par\u00a0<a href=\"https:\/\/www.huffingtonpost.fr\/international\/article\/guerre-ukraine-russie-pourquoi-la-perte-de-la-region-de-koursk-serait-un-coup-dur-pour-kiev_247500.html\">la guerre en Ukraine<\/a>\u00a0et min\u00e9 par une perspective de paix durable qui semble s\u2019\u00e9loigner.Un retour \u00ab&nbsp;\u00e0 un meilleur \u00e9quilibre&nbsp;\u00bb<\/p>\n\n\n\n<p class=\"\">Le centriste semble vouloir donner la priorit\u00e9 au r\u00e9tablissement&nbsp;<em>\u00ab&nbsp;\u00e0 l\u2019\u00e9quilibre de syst\u00e8me des retraites du priv\u00e9 \u00e0 2030&nbsp;\u00bb<\/em>. Pour les retraites du public, il n\u2019annonce pas de calendrier mais rappelle seulement l\u2019objectif d\u2019un retour \u00e0&nbsp;<em>\u00ab&nbsp;un meilleur \u00e9quilibre&nbsp;\u00bb.<\/em>&nbsp;En outre, Fran\u00e7ois Bayrou marque sa&nbsp;<em>\u00ab&nbsp;divergence&nbsp;\u00bb<\/em>&nbsp;avec&nbsp;<a href=\"https:\/\/www.huffingtonpost.fr\/politique\/article\/la-lourde-charge-d-edouard-philippe-contre-l-immobilisme-de-francois-bayrou_247497.html\">l\u2019ancien Premier ministre \u00c9douard Philippe<\/a>&nbsp;sur le sujet. Selon lui, le maire du Havre consid\u00e8re la&nbsp;<em>\u00ab&nbsp;d\u00e9mocratie sociale&nbsp;\u00bb<\/em>&nbsp;comme&nbsp;<em>\u00ab&nbsp;n\u00e9gligeable&nbsp;\u00bb<\/em>. Dans&nbsp;<em>le Figaro<\/em>, le patron d\u2019Horizons avait lourdement charg\u00e9 l\u2019actuel Premier ministre, raillant son&nbsp;<em>\u00ab&nbsp;immobilisme&nbsp;\u00bb<\/em>&nbsp;et moquant un conclave sur les retraites&nbsp;<em>\u00ab&nbsp;compl\u00e8tement hors-sol&nbsp;\u00bb<\/em>.<\/p>\n\n\n\n<p class=\"\">En f\u00e9vrier, la Cour des comptes a remis \u00e0 Matignon en f\u00e9vrier&nbsp;<a href=\"https:\/\/www.leparisien.fr\/politique\/retraites-le-statu-quo-est-impossible-pierre-moscovici-president-de-la-cour-des-comptes-nous-devoile-son-rapport-20-02-2025-LJSTU3MYOVBU5HP3LRWLEDCQXI.php\" target=\"_blank\" rel=\"noreferrer noopener\">un rapport tr\u00e8s attendu<\/a>&nbsp;afin de redresser les comptes du syst\u00e8me de retraite. D\u2019ici 2045, le d\u00e9ficit affichera 30&nbsp;milliards d\u2019euros. Plusieurs leviers sont possibles selon l\u2019Institution financi\u00e8re, dont une d\u00e9sindexation des pensions de retraite.<\/p>\n","protected":false},"excerpt":{"rendered":"<p>Interrog\u00e9 ce dimanche 16\u00a0mars, le Premier ministre a exclu un retour de l\u2019\u00e2ge de d\u00e9part \u00e0 la retraite \u00e0 62\u00a0ans, comme demand\u00e9 par la gauche et les syndicats.POLITIQUE &#8211; En une phrase, Fran\u00e7ois Bayrou a douch\u00e9 les espoirs de millions de salari\u00e9s. Au micro de France Inter ce 16\u00a0mars, le Premier ministre a ferm\u00e9 la [&hellip;]<\/p>\n","protected":false},"author":2,"featured_media":33962,"comment_status":"open","ping_status":"open","sticky":false,"template":"","format":"standard","meta":{"_jetpack_memberships_contains_paid_content":false,"footnotes":"","jetpack_publicize_message":"","jetpack_publicize_feature_enabled":true,"jetpack_social_post_already_shared":true,"jetpack_social_options":{"image_generator_settings":{"template":"highway","enabled":true,"token":"eyJpbWciOiJodHRwczpcL1wvd3d3LmljZWFnZXR2LmNvbVwvcmFkaW9zaXRlXC93cC1jb250ZW50XC91cGxvYWRzXC8yMDI1XC8wM1wvQmF5cm91LWVjYXJ0ZS11bi1yZXRvdXItYS02Mi1hbnMuanBnIiwidHh0IjoiU3VyIGxlcyByZXRyYWl0ZXMsIEJheXJvdSBcdTAwZTljYXJ0ZSB1biByZXRvdXIgXHUwMGUwIDYyIGFucyBldCBwb2ludGUgbGUgY29udGV4dGUgaW50ZXJuYXRpb25hbCIsInRlbXBsYXRlIjoiaGlnaHdheSIsImJsb2dfaWQiOjExMTAxNjQ2MX0.HxZfithDjNggMK0hdSpbkU048WJY29HNl5Fn7AZZnhIMQ"},"version":2},"_wpas_customize_per_network":false},"categories":[405],"tags":[],"class_list":["post-33961","post","type-post","status-publish","format-standard","has-post-thumbnail","hentry","category-actu-france-monde"],"jetpack_publicize_connections":[],"jetpack_featured_media_url":"https:\/\/i0.wp.com\/www.iceagetv.com\/radiosite\/wp-content\/uploads\/2025\/03\/Bayrou-ecarte-un-retour-a-62-ans.jpg?fit=386%2C261&ssl=1","jetpack_sharing_enabled":true,"_links":{"self":[{"href":"https:\/\/www.iceagetv.com\/radiosite\/wp-json\/wp\/v2\/posts\/33961","targetHints":{"allow":["GET"]}}],"collection":[{"href":"https:\/\/www.iceagetv.com\/radiosite\/wp-json\/wp\/v2\/posts"}],"about":[{"href":"https:\/\/www.iceagetv.com\/radiosite\/wp-json\/wp\/v2\/types\/post"}],"author":[{"embeddable":true,"href":"https:\/\/www.iceagetv.com\/radiosite\/wp-json\/wp\/v2\/users\/2"}],"replies":[{"embeddable":true,"href":"https:\/\/www.iceagetv.com\/radiosite\/wp-json\/wp\/v2\/comments?post=33961"}],"version-history":[{"count":1,"href":"https:\/\/www.iceagetv.com\/radiosite\/wp-json\/wp\/v2\/posts\/33961\/revisions"}],"predecessor-version":[{"id":33963,"href":"https:\/\/www.iceagetv.com\/radiosite\/wp-json\/wp\/v2\/posts\/33961\/revisions\/33963"}],"wp:featuredmedia":[{"embeddable":true,"href":"https:\/\/www.iceagetv.com\/radiosite\/wp-json\/wp\/v2\/media\/33962"}],"wp:attachment":[{"href":"https:\/\/www.iceagetv.com\/radiosite\/wp-json\/wp\/v2\/media?parent=33961"}],"wp:term":[{"taxonomy":"category","embeddable":true,"href":"https:\/\/www.iceagetv.com\/radiosite\/wp-json\/wp\/v2\/categories?post=33961"},{"taxonomy":"post_tag","embeddable":true,"href":"https:\/\/www.iceagetv.com\/radiosite\/wp-json\/wp\/v2\/tags?post=33961"}],"curies":[{"name":"wp","href":"https:\/\/api.w.org\/{rel}","templated":true}]}}