{"id":33972,"date":"2025-03-16T17:03:16","date_gmt":"2025-03-16T16:03:16","guid":{"rendered":"https:\/\/www.iceagetv.com\/radiosite\/?p=33972"},"modified":"2025-03-16T17:03:20","modified_gmt":"2025-03-16T16:03:20","slug":"le-pape-francois-sest-dit-affaibli-et-confronte-a-une-epreuve-dans-un-message-de-remerciements-aux-fideles-diffuse-dimanche-de-lhopital-de-rome-ou-il-est-soigne-depuis-pl","status":"publish","type":"post","link":"https:\/\/www.iceagetv.com\/radiosite\/le-pape-francois-sest-dit-affaibli-et-confronte-a-une-epreuve-dans-un-message-de-remerciements-aux-fideles-diffuse-dimanche-de-lhopital-de-rome-ou-il-est-soigne-depuis-pl\/","title":{"rendered":"Le pape Fran\u00e7ois s\u2019est dit \u00abaffaibli et confront\u00e9 \u00e0 une \u00e9preuve\u00bb dans un message de remerciements aux fid\u00e8les diffus\u00e9 dimanche de l\u2019h\u00f4pital de Rome o\u00f9 il est soign\u00e9 depuis plus d\u2019un mois"},"content":{"rendered":"\n<p class=\"\">Le pape Fran\u00e7ois s\u2019est dit \u00abaffaibli et confront\u00e9 \u00e0 une \u00e9preuve\u00bb dans un message de remerciements aux fid\u00e8les diffus\u00e9 dimanche de l\u2019h\u00f4pital de Rome o\u00f9 il est soign\u00e9 depuis plus d\u2019un mois pour une double pneumonie. \u00abJe suis confront\u00e9 \u00e0 une \u00e9preuve et je me joins \u00e0 tant de fr\u00e8res et soeurs qui sont malades, fragiles, en ce moment, comme moi\u00bb, a \u00e9crit le souverain pontife dans ce message de l\u2019Ang\u00e9lus publi\u00e9 par le Vatican.<\/p>\n\n\n\n<p class=\"\">\u00abNos corps sont affaiblis, mais m\u00eame ainsi, rien ne peut nous emp\u00eacher d\u2019aimer, de prier, de nous donner, d\u2019\u00eatre les uns pour les autres, dans la foi, des signes lumineux d\u2019esp\u00e9rance\u00bb. Le pape argentin de 88 ans a rendu une nouvelle fois un hommage au personnel soignant des h\u00f4pitaux.<\/p>\n\n\n\n<p class=\"\">\u00abQue d\u2019attentions aimantes illuminent les chambres, les couloirs, les cliniques, les lieux o\u00f9 l\u2019on rend les services les plus humbles!\u00bb, a-t-il relev\u00e9.<\/p>\n\n\n\n<p class=\"\">\u00abJe vous remercie tous pour vos pri\u00e8res et je remercie ceux qui m\u2019assistent avec tant de d\u00e9vouement\u00bb, a-t-il ajout\u00e9 avec un mot d\u2019affection particulier pour les enfants qui prient \u00e9galement pour lui. Il a en outre appel\u00e9 les fid\u00e8les \u00e0 \u00abprier pour la paix, en particulier dans les pays bless\u00e9s par la guerre : en Ukraine martyris\u00e9e, en Palestine, en Isra\u00ebl, au Liban, en Birmanie, au Soudan, en R\u00e9publique d\u00e9mocratique du Congo\u00bb.<\/p>\n\n\n\n<p class=\"\">Le pape Fran\u00e7ois doit rester hospitalis\u00e9 afin de suivre sa th\u00e9rapie et ce malgr\u00e9 une am\u00e9lioration progressive de son \u00e9tat de sant\u00e9, a annonc\u00e9 le Vatican samedi soir. Le souverain pontife s\u00e9journe \u00e0 l\u2019h\u00f4pital Gemelli de Rome depuis le 14 f\u00e9vrier en raison d\u2019une bronchite aggrav\u00e9e en pneumonie affectant les deux poumons.<\/p>\n\n\n\n<p class=\"\">Si son \u00e9tat est \u00abstable\u00bb et son pronostic vital n\u2019est d\u00e9sormais plus engag\u00e9, il doit encore recevoir des soins dans cet \u00e9tablissement, pour un temps ind\u00e9termin\u00e9, selon le dernier bulletin m\u00e9dical officiel diffus\u00e9 samedi. Fran\u00e7ois, qui s\u2019\u00e9tait vu retirer le lobe sup\u00e9rieur du poumon droit \u00e0 21 ans, souffre de fragilit\u00e9s respiratoires et a connu ces derni\u00e8res ann\u00e9es de nombreux probl\u00e8mes de sant\u00e9.<\/p>\n","protected":false},"excerpt":{"rendered":"<p>Le pape Fran\u00e7ois s\u2019est dit \u00abaffaibli et confront\u00e9 \u00e0 une \u00e9preuve\u00bb dans un message de remerciements aux fid\u00e8les diffus\u00e9 dimanche de l\u2019h\u00f4pital de Rome o\u00f9 il est soign\u00e9 depuis plus d\u2019un mois pour une double pneumonie. \u00abJe suis confront\u00e9 \u00e0 une \u00e9preuve et je me joins \u00e0 tant de fr\u00e8res et soeurs qui sont malades, [&hellip;]<\/p>\n","protected":false},"author":2,"featured_media":33973,"comment_status":"open","ping_status":"open","sticky":false,"template":"","format":"standard","meta":{"_jetpack_memberships_contains_paid_content":false,"footnotes":"","jetpack_publicize_message":"","jetpack_publicize_feature_enabled":true,"jetpack_social_post_already_shared":true,"jetpack_social_options":{"image_generator_settings":{"template":"highway","enabled":true,"token":"eyJpbWciOiJodHRwczpcL1wvd3d3LmljZWFnZXR2LmNvbVwvcmFkaW9zaXRlXC93cC1jb250ZW50XC91cGxvYWRzXC8yMDI1XC8wM1wvc3NqaDBYVXguanBnIiwidHh0IjoiTGUgcGFwZSBGcmFuXHUwMGU3b2lzIHNcdTIwMTllc3QgZGl0IFx1MDBhYmFmZmFpYmxpIGV0IGNvbmZyb250XHUwMGU5IFx1MDBlMCB1bmUgXHUwMGU5cHJldXZlXHUwMGJiIGRhbnMgdW4gbWVzc2FnZSBkZSByZW1lcmNpZW1lbnRzIGF1eCBmaWRcdTAwZThsZXMgZGlmZnVzXHUwMGU5IGRpbWFuY2hlIGRlIGxcdTIwMTloXHUwMGY0cGl0YWwgZGUgUm9tZSBvXHUwMGY5IGlsIGVzdCBzb2lnblx1MDBlOSBkZXB1aXMgcGx1cyBkXHUyMDE5dW4gbW9pcyIsInRlbXBsYXRlIjoiaGlnaHdheSIsImJsb2dfaWQiOjExMTAxNjQ2MX0.1uHgH1pt6NvagahTy-IMlwomYFsVAhXiHm3VtFrT0t0MQ"},"version":2},"_wpas_customize_per_network":false},"categories":[405],"tags":[],"class_list":["post-33972","post","type-post","status-publish","format-standard","has-post-thumbnail","hentry","category-actu-france-monde"],"jetpack_publicize_connections":[],"jetpack_featured_media_url":"https:\/\/i0.wp.com\/www.iceagetv.com\/radiosite\/wp-content\/uploads\/2025\/03\/ssjh0XUx.jpg?fit=679%2C293&ssl=1","jetpack_sharing_enabled":true,"_links":{"self":[{"href":"https:\/\/www.iceagetv.com\/radiosite\/wp-json\/wp\/v2\/posts\/33972","targetHints":{"allow":["GET"]}}],"collection":[{"href":"https:\/\/www.iceagetv.com\/radiosite\/wp-json\/wp\/v2\/posts"}],"about":[{"href":"https:\/\/www.iceagetv.com\/radiosite\/wp-json\/wp\/v2\/types\/post"}],"author":[{"embeddable":true,"href":"https:\/\/www.iceagetv.com\/radiosite\/wp-json\/wp\/v2\/users\/2"}],"replies":[{"embeddable":true,"href":"https:\/\/www.iceagetv.com\/radiosite\/wp-json\/wp\/v2\/comments?post=33972"}],"version-history":[{"count":1,"href":"https:\/\/www.iceagetv.com\/radiosite\/wp-json\/wp\/v2\/posts\/33972\/revisions"}],"predecessor-version":[{"id":33974,"href":"https:\/\/www.iceagetv.com\/radiosite\/wp-json\/wp\/v2\/posts\/33972\/revisions\/33974"}],"wp:featuredmedia":[{"embeddable":true,"href":"https:\/\/www.iceagetv.com\/radiosite\/wp-json\/wp\/v2\/media\/33973"}],"wp:attachment":[{"href":"https:\/\/www.iceagetv.com\/radiosite\/wp-json\/wp\/v2\/media?parent=33972"}],"wp:term":[{"taxonomy":"category","embeddable":true,"href":"https:\/\/www.iceagetv.com\/radiosite\/wp-json\/wp\/v2\/categories?post=33972"},{"taxonomy":"post_tag","embeddable":true,"href":"https:\/\/www.iceagetv.com\/radiosite\/wp-json\/wp\/v2\/tags?post=33972"}],"curies":[{"name":"wp","href":"https:\/\/api.w.org\/{rel}","templated":true}]}}