{"id":33976,"date":"2025-03-17T06:01:28","date_gmt":"2025-03-17T05:01:28","guid":{"rendered":"https:\/\/www.iceagetv.com\/radiosite\/?p=33976"},"modified":"2025-03-17T06:01:33","modified_gmt":"2025-03-17T05:01:33","slug":"atteinte-dun-cancer-rare-lactrice-belge-emilie-dequenne-agee-de-seulement-43-ans-est-decedee-elle-avait-ete-revelee-a-18-ans-par-les-freres-dardenne-dans-le-film-rosetta-dont-elle-in","status":"publish","type":"post","link":"https:\/\/www.iceagetv.com\/radiosite\/atteinte-dun-cancer-rare-lactrice-belge-emilie-dequenne-agee-de-seulement-43-ans-est-decedee-elle-avait-ete-revelee-a-18-ans-par-les-freres-dardenne-dans-le-film-rosetta-dont-elle-in\/","title":{"rendered":"Atteinte d&rsquo;un cancer rare, l\u2019actrice belge \u00c9milie Dequenne, \u00e2g\u00e9e de seulement 43 ans est d\u00e9c\u00e9d\u00e9e &#8211; Elle avait \u00e9t\u00e9 r\u00e9v\u00e9l\u00e9e \u00e0 18 ans, par les fr\u00e8res Dardenne, dans le film Rosetta, dont elle interpr\u00e9tait le r\u00f4le-titre"},"content":{"rendered":"\n<p class=\"\">R\u00e9v\u00e9l\u00e9e \u00e0 18 ans, par les fr\u00e8res Dardenne, dans le film Rosetta, dont elle interpr\u00e9tait le r\u00f4le-titre, l\u2019actrice belge \u00c9milie Dequenne, atteinte d&rsquo;un cancer rare est d\u00e9c\u00e9d\u00e9e.  Diagnostiqu\u00e9e en octobre 2023, elle avait r\u00e9v\u00e9l\u00e9 que ce cancer, extr\u00eamement rare, ne touche qu\u2019entre 1 et 2 personnes par million chaque ann\u00e9e. Un corticosurr\u00e9nalome (ou carcinome corticosurr\u00e9nalien) est un cancer de la glande surr\u00e9nale situ\u00e9e au-dessus du rein et plus particuli\u00e8rement de la zone externe de cette glande, appel\u00e9e le cortex surr\u00e9nalien, responsable de la synth\u00e8se et la s\u00e9cr\u00e9tion de plusieurs hormones st\u00e9ro\u00efdiennes.Eloign\u00e9e des plateaux depuis le d\u00e9but de sa lutte contre la maladie, elle avait tout de m\u00eame r\u00e9ussi \u00e0 tourner un dernier film, Survivre, sorti en juin 2024, durant une br\u00e8ve p\u00e9riode de r\u00e9mission.N\u00e9e le 29 ao\u00fbt 1981 \u00e0 Bel\u0153il, \u00c9milie Dequenne ne se r\u00eavait pas com\u00e9dienne au d\u00e9part. Ayant grandi dans un petit hameau du Hainaut, Vaudignies, dans une famille modeste, menuisiers du c\u00f4t\u00e9 paternel, jardiniers et cuisini\u00e8res du c\u00f4t\u00e9 maternel (\u00ab L&rsquo;atelier de mon grand-p\u00e8re o\u00f9 travaillait mon p\u00e8re \u00e9tait au bout de la rue \u00bb, confiait-elle aux journalistes qui l&rsquo;interrogeaient sur son enfance), elle ambitionnait plut\u00f4t de se tourner vers la chanson.Passionn\u00e9e de poker, elle disait avoir rencontr\u00e9 son mari, Michel Ferracci, au cercle Wagram, o\u00f9 elle passait certaines de ses nuits, en 2008, \u00e0 jouer aux cartes lorsque l&rsquo;insomnie la taraudait.Elle avait r\u00e9v\u00e9l\u00e9 en octobre 2023 \u00eatre atteinte d\u2019un corticosurr\u00e9nalome (cancer du syst\u00e8me endocrinien), diagnostiqu\u00e9 deux mois auparavant, et qui la tenait \u00e9loign\u00e9e des plateaux de tournage depuis.\u00abIl se trouve que, malheureusement, \u00e7a n\u2019avance pas bien. (&#8230;) Me revoil\u00e0 partie pour la chimio que j\u2019ai connue il y a un peu plus d\u2019un an\u00bb, avait-elle d\u00e9clar\u00e9 en d\u00e9cembre lors d\u2019un entretien dans l\u2019\u00e9mission 7 \u00e0 8. \u00c0 lire aussi Atteinte d\u2019un \u00abcancer rare\u00bb, \u00c9milie Dequenne remercie son entourage et appelle aux dons pour la recherche \u00abAu fond de moi, je sais pertinemment que je ne vivrai pas aussi longtemps que pr\u00e9vu. (&#8230;) Je n\u2019ai que 43 ans.Moi, j\u2019ai toujours r\u00eav\u00e9 de vivre jusqu\u2019\u00e0 au moins 80 ans et m\u2019endormir d\u00e9finitivement dans mon sommeil. \u00c7a, c\u2019est ce que je demande\u00bb, a-t-elle dit. \u00abJe fais confiance \u00e0 la m\u00e9decine. (&#8230;) J\u2019esp\u00e8re que la recherche pour mon cancer va continuer d\u2019avancer\u00bb, avait expliqu\u00e9 fin 2024 la com\u00e9dienne.<\/p>\n","protected":false},"excerpt":{"rendered":"<p>R\u00e9v\u00e9l\u00e9e \u00e0 18 ans, par les fr\u00e8res Dardenne, dans le film Rosetta, dont elle interpr\u00e9tait le r\u00f4le-titre, l\u2019actrice belge \u00c9milie Dequenne, atteinte d&rsquo;un cancer rare est d\u00e9c\u00e9d\u00e9e. Diagnostiqu\u00e9e en octobre 2023, elle avait r\u00e9v\u00e9l\u00e9 que ce cancer, extr\u00eamement rare, ne touche qu\u2019entre 1 et 2 personnes par million chaque ann\u00e9e. Un corticosurr\u00e9nalome (ou carcinome corticosurr\u00e9nalien) [&hellip;]<\/p>\n","protected":false},"author":2,"featured_media":33977,"comment_status":"open","ping_status":"open","sticky":false,"template":"","format":"standard","meta":{"_jetpack_memberships_contains_paid_content":false,"footnotes":"","jetpack_publicize_message":"","jetpack_publicize_feature_enabled":true,"jetpack_social_post_already_shared":true,"jetpack_social_options":{"image_generator_settings":{"template":"highway","enabled":true,"token":"eyJpbWciOiJodHRwczpcL1wvd3d3LmljZWFnZXR2LmNvbVwvcmFkaW9zaXRlXC93cC1jb250ZW50XC91cGxvYWRzXC8yMDI1XC8wM1wvZW1pbGllLWRlcXVlbm5lLWFjdHJpY2UtY2FuY2VyXzAuanBnIiwidHh0IjoiQXR0ZWludGUgZCYjODIxNzt1biBjYW5jZXIgcmFyZSwgbFx1MjAxOWFjdHJpY2UgYmVsZ2UgXHUwMGM5bWlsaWUgRGVxdWVubmUsIFx1MDBlMmdcdTAwZTllIGRlIHNldWxlbWVudCA0MyBhbnMgZXN0IGRcdTAwZTljXHUwMGU5ZFx1MDBlOWUgJiM4MjExOyBFbGxlIGF2YWl0IFx1MDBlOXRcdTAwZTkgclx1MDBlOXZcdTAwZTlsXHUwMGU5ZSBcdTAwZTAgMTggYW5zLCBwYXIgbGVzIGZyXHUwMGU4cmVzIERhcmRlbm5lLCBkYW5zIGxlIGZpbG0gUm9zZXR0YSwgZG9udCBlbGxlIGludGVycHJcdTAwZTl0YWl0IGxlIHJcdTAwZjRsZS10aXRyZSIsInRlbXBsYXRlIjoiaGlnaHdheSIsImJsb2dfaWQiOjExMTAxNjQ2MX0.qXk6gAYe9Ts8CkgxxHhoYOCGz26ShFecFxuXv_PLR-gMQ"},"version":2},"_wpas_customize_per_network":false},"categories":[405],"tags":[],"class_list":["post-33976","post","type-post","status-publish","format-standard","has-post-thumbnail","hentry","category-actu-france-monde"],"jetpack_publicize_connections":[],"jetpack_featured_media_url":"https:\/\/i0.wp.com\/www.iceagetv.com\/radiosite\/wp-content\/uploads\/2025\/03\/emilie-dequenne-actrice-cancer_0.jpg?fit=920%2C397&ssl=1","jetpack_sharing_enabled":true,"_links":{"self":[{"href":"https:\/\/www.iceagetv.com\/radiosite\/wp-json\/wp\/v2\/posts\/33976","targetHints":{"allow":["GET"]}}],"collection":[{"href":"https:\/\/www.iceagetv.com\/radiosite\/wp-json\/wp\/v2\/posts"}],"about":[{"href":"https:\/\/www.iceagetv.com\/radiosite\/wp-json\/wp\/v2\/types\/post"}],"author":[{"embeddable":true,"href":"https:\/\/www.iceagetv.com\/radiosite\/wp-json\/wp\/v2\/users\/2"}],"replies":[{"embeddable":true,"href":"https:\/\/www.iceagetv.com\/radiosite\/wp-json\/wp\/v2\/comments?post=33976"}],"version-history":[{"count":1,"href":"https:\/\/www.iceagetv.com\/radiosite\/wp-json\/wp\/v2\/posts\/33976\/revisions"}],"predecessor-version":[{"id":33978,"href":"https:\/\/www.iceagetv.com\/radiosite\/wp-json\/wp\/v2\/posts\/33976\/revisions\/33978"}],"wp:featuredmedia":[{"embeddable":true,"href":"https:\/\/www.iceagetv.com\/radiosite\/wp-json\/wp\/v2\/media\/33977"}],"wp:attachment":[{"href":"https:\/\/www.iceagetv.com\/radiosite\/wp-json\/wp\/v2\/media?parent=33976"}],"wp:term":[{"taxonomy":"category","embeddable":true,"href":"https:\/\/www.iceagetv.com\/radiosite\/wp-json\/wp\/v2\/categories?post=33976"},{"taxonomy":"post_tag","embeddable":true,"href":"https:\/\/www.iceagetv.com\/radiosite\/wp-json\/wp\/v2\/tags?post=33976"}],"curies":[{"name":"wp","href":"https:\/\/api.w.org\/{rel}","templated":true}]}}