{"id":3398,"date":"2015-11-23T19:09:34","date_gmt":"2015-11-23T19:09:34","guid":{"rendered":"http:\/\/www.iceagetv.com\/radiosite\/?p=3398"},"modified":"2015-11-23T19:09:34","modified_gmt":"2015-11-23T19:09:34","slug":"chypre-six-francais-soupconnes-de-liens-avec-des-groupes-terroristes-renvoyes","status":"publish","type":"post","link":"https:\/\/www.iceagetv.com\/radiosite\/chypre-six-francais-soupconnes-de-liens-avec-des-groupes-terroristes-renvoyes\/","title":{"rendered":"Chypre : six Fran\u00e7ais soup\u00e7onn\u00e9s de liens avec \u00ab\u00a0des groupes terroristes\u00a0\u00bb renvoy\u00e9s"},"content":{"rendered":"<p>\n\tLes six hommes, &acirc;g&eacute;s de 25 &agrave; 33 ans, sont arriv&eacute;s &agrave; bord d&#39;un avion d&#39;une compagnie &agrave; bas co&ucirc;t en provenance de B&acirc;le en Suisse, a pr&eacute;cis&eacute; la police.Chypre&nbsp;va renvoyer vers la&nbsp;Suisse&nbsp;six Fran&ccedil;ais arr&ecirc;t&eacute;s &agrave; l&#39;a&eacute;roport de Larnaca (Sud) en provenance de B&acirc;le (Suisse) et soup&ccedil;onn&eacute;s de liens avec des &quot;groupes terroristes&quot;, ont indiqu&eacute; lundi les autorit&eacute;s chypriotes. Les six hommes, &acirc;g&eacute;s de 25 &agrave; 33 ans, ont &eacute;t&eacute; retenus samedi soir apr&egrave;s leur arriv&eacute;e &agrave; Chypre &agrave; bord d&#39;un avion d&#39;une compagnie &agrave; bas co&ucirc;t en provenance de B&acirc;le en Suisse, a pr&eacute;cis&eacute; la police. &quot;Nous avons des informations sugg&eacute;rant qu&#39;ils ont des liens &eacute;troits avec des groupes terroristes&quot;, a indiqu&eacute; le ministre de la Justice chypriote Ionas Nicolaou.\n<\/p>\n<p>\n\tIl a ajout&eacute; qu&#39;Interpol, l&#39;organisation internationale de police criminelle, a d&eacute;j&agrave; inform&eacute; Chypre &quot;que trois des suspects ont &eacute;t&eacute; identifi&eacute;s comme ayant des liens avec une organisation terroriste&quot;. &quot;Les trois autres semblent aussi avoir une sorte de lien&quot; avec des groupes extr&eacute;mistes, a pr&eacute;cis&eacute; le ministre. Apr&egrave;s leur retour &agrave; l&#39;EuroAirport de B&acirc;le-Mulhouse, les suspects seront ensuite pris en charge par les autorit&eacute;s fran&ccedil;aises, a d&eacute;clar&eacute; pour sa part &agrave; l&#39;AFP&nbsp;Alexander Rechsteiner, le porte-parole de l&#39;Office f&eacute;d&eacute;ral de la police (fedpol). Chypre, situ&eacute;e en M&eacute;diterran&eacute;e orientale, a renforc&eacute; la s&eacute;curit&eacute; dans ses a&eacute;roports et ports depuis les attentats de Paris qui ont fait 130 morts.<\/p>\n","protected":false},"excerpt":{"rendered":"<p>Les six hommes, &acirc;g&eacute;s de 25 &agrave; 33 ans, sont arriv&eacute;s &agrave; bord d&#39;un avion d&#39;une compagnie &agrave; bas co&ucirc;t en provenance de B&acirc;le en Suisse, a pr&eacute;cis&eacute; la police.Chypre&nbsp;va renvoyer vers la&nbsp;Suisse&nbsp;six Fran&ccedil;ais arr&ecirc;t&eacute;s &agrave; l&#39;a&eacute;roport de Larnaca (Sud) en provenance de B&acirc;le (Suisse) et soup&ccedil;onn&eacute;s de liens avec des &quot;groupes terroristes&quot;, ont indiqu&eacute; [&hellip;]<\/p>\n","protected":false},"author":2,"featured_media":3399,"comment_status":"open","ping_status":"open","sticky":false,"template":"","format":"standard","meta":{"_jetpack_memberships_contains_paid_content":false,"footnotes":"","jetpack_publicize_message":"","jetpack_publicize_feature_enabled":true,"jetpack_social_post_already_shared":false,"jetpack_social_options":{"image_generator_settings":{"template":"highway","default_image_id":0,"font":"","enabled":false},"version":2},"_wpas_customize_per_network":false},"categories":[405],"tags":[773],"class_list":["post-3398","post","type-post","status-publish","format-standard","has-post-thumbnail","hentry","category-actu-france-monde","tag-chypre"],"jetpack_publicize_connections":[],"jetpack_featured_media_url":"https:\/\/i0.wp.com\/www.iceagetv.com\/radiosite\/wp-content\/uploads\/2015\/11\/Chypre.jpg?fit=660%2C281&ssl=1","jetpack_sharing_enabled":true,"_links":{"self":[{"href":"https:\/\/www.iceagetv.com\/radiosite\/wp-json\/wp\/v2\/posts\/3398","targetHints":{"allow":["GET"]}}],"collection":[{"href":"https:\/\/www.iceagetv.com\/radiosite\/wp-json\/wp\/v2\/posts"}],"about":[{"href":"https:\/\/www.iceagetv.com\/radiosite\/wp-json\/wp\/v2\/types\/post"}],"author":[{"embeddable":true,"href":"https:\/\/www.iceagetv.com\/radiosite\/wp-json\/wp\/v2\/users\/2"}],"replies":[{"embeddable":true,"href":"https:\/\/www.iceagetv.com\/radiosite\/wp-json\/wp\/v2\/comments?post=3398"}],"version-history":[{"count":1,"href":"https:\/\/www.iceagetv.com\/radiosite\/wp-json\/wp\/v2\/posts\/3398\/revisions"}],"predecessor-version":[{"id":3400,"href":"https:\/\/www.iceagetv.com\/radiosite\/wp-json\/wp\/v2\/posts\/3398\/revisions\/3400"}],"wp:featuredmedia":[{"embeddable":true,"href":"https:\/\/www.iceagetv.com\/radiosite\/wp-json\/wp\/v2\/media\/3399"}],"wp:attachment":[{"href":"https:\/\/www.iceagetv.com\/radiosite\/wp-json\/wp\/v2\/media?parent=3398"}],"wp:term":[{"taxonomy":"category","embeddable":true,"href":"https:\/\/www.iceagetv.com\/radiosite\/wp-json\/wp\/v2\/categories?post=3398"},{"taxonomy":"post_tag","embeddable":true,"href":"https:\/\/www.iceagetv.com\/radiosite\/wp-json\/wp\/v2\/tags?post=3398"}],"curies":[{"name":"wp","href":"https:\/\/api.w.org\/{rel}","templated":true}]}}