{"id":33989,"date":"2025-03-17T15:57:39","date_gmt":"2025-03-17T14:57:39","guid":{"rendered":"https:\/\/www.iceagetv.com\/radiosite\/?p=33989"},"modified":"2025-03-17T15:57:43","modified_gmt":"2025-03-17T14:57:43","slug":"france-3-modifie-sa-programmation-ce-soir-en-prime-time-pour-rendre-hommage-a-lactrice-belge-emilie-dequenne-decedee-a-lage-de-43-ans-la-chaine-diffusera-le-film-une-femme-de-menage","status":"publish","type":"post","link":"https:\/\/www.iceagetv.com\/radiosite\/france-3-modifie-sa-programmation-ce-soir-en-prime-time-pour-rendre-hommage-a-lactrice-belge-emilie-dequenne-decedee-a-lage-de-43-ans-la-chaine-diffusera-le-film-une-femme-de-menage\/","title":{"rendered":"France 3 modifie sa programmation ce soir en prime-time pour rendre hommage \u00e0 l\u2019actrice belge \u00c9milie Dequenne, d\u00e9c\u00e9d\u00e9e \u00e0 l&rsquo;\u00e2ge de 43 ans &#8211; La cha\u00eene diffusera le film \u00ab\u00a0Une femme de m\u00e9nage\u00a0\u00bb"},"content":{"rendered":"\n<p class=\"\">R\u00e9v\u00e9l\u00e9e \u00e0 18 ans, par les fr\u00e8res Dardenne, dans le film Rosetta, dont elle interpr\u00e9tait le r\u00f4le-titre, l\u2019actrice belge \u00c9milie Dequenne, atteinte d&rsquo;un cancer rare est d\u00e9c\u00e9d\u00e9e.&nbsp;&nbsp;Diagnostiqu\u00e9e en octobre 2023, elle avait r\u00e9v\u00e9l\u00e9 que ce cancer, extr\u00eamement rare, ne touche qu\u2019entre 1 et 2 personnes par million chaque ann\u00e9e.&nbsp;<\/p>\n\n\n\n<p class=\"\">France 3 a d\u00e9cid\u00e9 de modifier sa programmation en prime-time ce soir, et diffusera&nbsp;le film \u00ab\u00a0Une femme de m\u00e9nage\u00a0\u00bb, r\u00e9alis\u00e9 par Claude Berri avec Jean-Pierre Bacri.<\/p>\n\n\n\n<p class=\"\">A noter qu&rsquo;un autre hommage sera rendu \u00e0 l&rsquo;actrice vendredi en prime-time sur France 5, puisque la cha\u00eene proposera \u00ab\u00a0Rosetta\u00a0\u00bb, film pour lequel elle avait remport\u00e9 le prix d&rsquo;interpr\u00e9tation f\u00e9minine au Festival de Cannes en 1999.&nbsp;<\/p>\n\n\n\n<p class=\"\">Eloign\u00e9e des plateaux depuis le d\u00e9but de sa lutte contre la maladie, elle avait tout de m\u00eame r\u00e9ussi \u00e0 tourner un dernier film, Survivre, sorti en juin 2024, durant une br\u00e8ve p\u00e9riode de r\u00e9mission.<\/p>\n\n\n\n<p class=\"\">N\u00e9e le&nbsp;29&nbsp;ao\u00fbt 1981&nbsp;\u00e0 Bel\u0153il, \u00c9milie Dequenne ne se r\u00eavait pas com\u00e9dienne au d\u00e9part. Ayant grandi dans un petit hameau du&nbsp;Hainaut, Vaudignies, dans une famille modeste, menuisiers du c\u00f4t\u00e9 paternel, jardiniers et cuisini\u00e8res du c\u00f4t\u00e9 maternel&nbsp;(\u00ab&nbsp;L&rsquo;atelier de mon grand-p\u00e8re o\u00f9 travaillait mon p\u00e8re \u00e9tait au bout de la rue&nbsp;\u00bb, confiait-elle aux journalistes qui l&rsquo;interrogeaient sur son enfance), elle&nbsp;ambitionnait plut\u00f4t de se tourner vers la chanson.<\/p>\n\n\n\n<p class=\"\">Passionn\u00e9e de poker, elle disait avoir rencontr\u00e9 son mari, Michel Ferracci, au cercle Wagram, o\u00f9 elle passait certaines de ses nuits, en 2008, \u00e0 jouer aux cartes lorsque l&rsquo;insomnie la taraudait.<\/p>\n\n\n\n<p class=\"\">Elle avait r\u00e9v\u00e9l\u00e9 en octobre 2023 \u00eatre atteinte d\u2019un corticosurr\u00e9nalome (cancer du syst\u00e8me endocrinien), diagnostiqu\u00e9 deux mois auparavant, et qui la tenait \u00e9loign\u00e9e des plateaux de tournage depuis.<\/p>\n\n\n\n<p class=\"\">\u00abIl se trouve que, malheureusement, \u00e7a n\u2019avance pas bien. (&#8230;) Me revoil\u00e0 partie pour la chimio que j\u2019ai connue il y a un peu plus d\u2019un an\u00bb, avait-elle d\u00e9clar\u00e9 en d\u00e9cembre lors d\u2019un entretien dans l\u2019\u00e9mission 7 \u00e0 8. \u00c0 lire aussi Atteinte d\u2019un \u00abcancer rare\u00bb, \u00c9milie Dequenne remercie son entourage et appelle aux dons pour la recherche \u00abAu fond de moi, je sais pertinemment que je ne vivrai pas aussi longtemps que pr\u00e9vu. (&#8230;) Je n\u2019ai que 43 ans.<\/p>\n\n\n\n<p class=\"\">Moi, j\u2019ai toujours r\u00eav\u00e9 de vivre jusqu\u2019\u00e0 au moins 80 ans et m\u2019endormir d\u00e9finitivement dans mon sommeil. \u00c7a, c\u2019est ce que je demande\u00bb, a-t-elle dit. \u00abJe fais confiance \u00e0 la m\u00e9decine. (&#8230;) J\u2019esp\u00e8re que la recherche pour mon cancer va continuer d\u2019avancer\u00bb, avait expliqu\u00e9 fin 2024 la com\u00e9dienne.<\/p>\n","protected":false},"excerpt":{"rendered":"<p>R\u00e9v\u00e9l\u00e9e \u00e0 18 ans, par les fr\u00e8res Dardenne, dans le film Rosetta, dont elle interpr\u00e9tait le r\u00f4le-titre, l\u2019actrice belge \u00c9milie Dequenne, atteinte d&rsquo;un cancer rare est d\u00e9c\u00e9d\u00e9e.&nbsp;&nbsp;Diagnostiqu\u00e9e en octobre 2023, elle avait r\u00e9v\u00e9l\u00e9 que ce cancer, extr\u00eamement rare, ne touche qu\u2019entre 1 et 2 personnes par million chaque ann\u00e9e.&nbsp; France 3 a d\u00e9cid\u00e9 de modifier [&hellip;]<\/p>\n","protected":false},"author":2,"featured_media":33991,"comment_status":"open","ping_status":"open","sticky":false,"template":"","format":"standard","meta":{"_jetpack_memberships_contains_paid_content":false,"footnotes":"","jetpack_publicize_message":"","jetpack_publicize_feature_enabled":true,"jetpack_social_post_already_shared":true,"jetpack_social_options":{"image_generator_settings":{"template":"highway","enabled":true,"token":"eyJpbWciOiJodHRwczpcL1wvd3d3LmljZWFnZXR2LmNvbVwvcmFkaW9zaXRlXC93cC1jb250ZW50XC91cGxvYWRzXC8yMDI1XC8wM1wvaTg0amJzVl8uanBnIiwidHh0IjoiRnJhbmNlIDMgbW9kaWZpZSBzYSBwcm9ncmFtbWF0aW9uIGNlIHNvaXIgZW4gcHJpbWUtdGltZSBwb3VyIHJlbmRyZSBob21tYWdlIFx1MDBlMCBsXHUyMDE5YWN0cmljZSBiZWxnZSBcdTAwYzltaWxpZSBEZXF1ZW5uZSwgZFx1MDBlOWNcdTAwZTlkXHUwMGU5ZSBcdTAwZTAgbCYjODIxNztcdTAwZTJnZSBkZSA0MyBhbnMgJiM4MjExOyBMYSBjaGFcdTAwZWVuZSBkaWZmdXNlcmEgbGUgZmlsbSAmIzgyMjA7VW5lIGZlbW1lIGRlIG1cdTAwZTluYWdlJiM4MjIxOyIsInRlbXBsYXRlIjoiaGlnaHdheSIsImJsb2dfaWQiOjExMTAxNjQ2MX0.nhZEf6ro-B1eGUq6RkGj1korURIpguizLUyIs64-10sMQ"},"version":2},"_wpas_customize_per_network":false},"categories":[68],"tags":[],"class_list":["post-33989","post","type-post","status-publish","format-standard","has-post-thumbnail","hentry","category-actu-culturelle"],"jetpack_publicize_connections":[],"jetpack_featured_media_url":"https:\/\/i0.wp.com\/www.iceagetv.com\/radiosite\/wp-content\/uploads\/2025\/03\/i84jbsV_.jpg?fit=679%2C293&ssl=1","jetpack_sharing_enabled":true,"_links":{"self":[{"href":"https:\/\/www.iceagetv.com\/radiosite\/wp-json\/wp\/v2\/posts\/33989","targetHints":{"allow":["GET"]}}],"collection":[{"href":"https:\/\/www.iceagetv.com\/radiosite\/wp-json\/wp\/v2\/posts"}],"about":[{"href":"https:\/\/www.iceagetv.com\/radiosite\/wp-json\/wp\/v2\/types\/post"}],"author":[{"embeddable":true,"href":"https:\/\/www.iceagetv.com\/radiosite\/wp-json\/wp\/v2\/users\/2"}],"replies":[{"embeddable":true,"href":"https:\/\/www.iceagetv.com\/radiosite\/wp-json\/wp\/v2\/comments?post=33989"}],"version-history":[{"count":1,"href":"https:\/\/www.iceagetv.com\/radiosite\/wp-json\/wp\/v2\/posts\/33989\/revisions"}],"predecessor-version":[{"id":33992,"href":"https:\/\/www.iceagetv.com\/radiosite\/wp-json\/wp\/v2\/posts\/33989\/revisions\/33992"}],"wp:featuredmedia":[{"embeddable":true,"href":"https:\/\/www.iceagetv.com\/radiosite\/wp-json\/wp\/v2\/media\/33991"}],"wp:attachment":[{"href":"https:\/\/www.iceagetv.com\/radiosite\/wp-json\/wp\/v2\/media?parent=33989"}],"wp:term":[{"taxonomy":"category","embeddable":true,"href":"https:\/\/www.iceagetv.com\/radiosite\/wp-json\/wp\/v2\/categories?post=33989"},{"taxonomy":"post_tag","embeddable":true,"href":"https:\/\/www.iceagetv.com\/radiosite\/wp-json\/wp\/v2\/tags?post=33989"}],"curies":[{"name":"wp","href":"https:\/\/api.w.org\/{rel}","templated":true}]}}