{"id":33994,"date":"2025-03-17T17:47:45","date_gmt":"2025-03-17T16:47:45","guid":{"rendered":"https:\/\/www.iceagetv.com\/radiosite\/?p=33994"},"modified":"2025-03-17T17:47:49","modified_gmt":"2025-03-17T16:47:49","slug":"asterix-en-lusitanie-le-41e-album-du-heros-gaulois-paraitra-en-octobre-prochain-et-aura-pour-cadre-le-portugal-annonce-son-editeur-francais","status":"publish","type":"post","link":"https:\/\/www.iceagetv.com\/radiosite\/asterix-en-lusitanie-le-41e-album-du-heros-gaulois-paraitra-en-octobre-prochain-et-aura-pour-cadre-le-portugal-annonce-son-editeur-francais\/","title":{"rendered":"Ast\u00e9rix en Lusitanie\u00a0\u00bb, le 41e album du h\u00e9ros gaulois, para\u00eetra en octobre prochain et aura pour cadre le Portugal, annonce son \u00e9diteur fran\u00e7ais"},"content":{"rendered":"\n<p class=\"\">Ast\u00e9rix en Lusitanie&nbsp;\u00bb, le 41e album du h\u00e9ros gaulois, \u00e0 para\u00eetre en octobre, aura pour cadre le Portugal, a annonc\u00e9 lundi son \u00e9diteur fran\u00e7ais.<\/p>\n\n\n\n<p class=\"\">Avec 400 millions d\u2019albums vendus en 130 langues et dialectes, les aventures d\u2019Ast\u00e9rix, qui a f\u00eat\u00e9 ses 65 ans en 2024, repr\u00e9sentent \u00ab&nbsp;de loin le plus grand succ\u00e8s de la bande dessin\u00e9e dans le monde&nbsp;\u00bb, selon les \u00c9ditions Albert Ren\u00e9.<\/p>\n\n\n\n<p class=\"\">Ce sera le deuxi\u00e8me Ast\u00e9rix pour le sc\u00e9nariste Fabcaro, dont \u00ab&nbsp;L\u2019Iris blanc&nbsp;\u00bb en 2023 avait \u00e9t\u00e9 un grand succ\u00e8s critique et en librairie, et le septi\u00e8me pour le dessinateur Didier Conrad, successeur d\u2019Albert Uderzo au crayon.<\/p>\n\n\n\n<p class=\"\">Lors de la pr\u00e9sentation de cet album \u00e0 des journalistes, Fabcaro, interrog\u00e9 par visioconf\u00e9rence, a pr\u00e9cis\u00e9 qu\u2019il faisait revenir un personnage de Lusitanien qui prend bri\u00e8vement la parole dans \u00ab&nbsp;Le Domaine des dieux&nbsp;\u00bb de Ren\u00e9 Goscinny et Uderzo, en 1971.<\/p>\n\n\n\n<p class=\"\">\u00ab&nbsp;Il n\u2019\u00e9tait pas forc\u00e9ment mis en avant&nbsp;\u00bb et, cette fois-ci, \u00ab&nbsp;c\u2019est lui qui vient demander de l\u2019aide&nbsp;\u00bb aux Gaulois, a-t-il r\u00e9v\u00e9l\u00e9.<\/p>\n\n\n\n<p class=\"\">A l\u2019\u00e9poque d\u2019Ast\u00e9rix, celle de Jules C\u00e9sar au Ier si\u00e8cle avant notre \u00e8re, les Lusitaniens \u00e9taient aussi sous occupation romaine. Comme le souligne Manuel Neves, un anthropologue qui a travaill\u00e9 sur ce peuple, cit\u00e9 par les \u00c9ditions Albert Ren\u00e9, le Portugal de l\u2019\u00e9poque est vu par les Romains comme riche en ressources mini\u00e8res, en or et en \u00e9tain notamment. L\u2019album devrait \u00eatre scrut\u00e9 par la forte communaut\u00e9 portugaise en France.<\/p>\n\n\n\n<p class=\"\">\u00ab&nbsp;J\u2019avais envie d\u2019un pays avec du soleil, o\u00f9 Ast\u00e9rix ne soit jamais all\u00e9. Par contre, quand j\u2019ai annonc\u00e9 \u00e7a \u00e0 l\u2019\u00e9diteur, il m\u2019a dit \u00ab\u00a0ah, \u00e7a va leur faire plaisir, parce que \u00e7a fait tr\u00e8s longtemps qu\u2019ils sont demandeurs\u00a0\u00bb&nbsp;\u00bb, a rapport\u00e9 Fabcaro. Didier Conrad, pour dessiner des Lusitaniens, a pu s\u2019appuyer sur celui qu\u2019avait plac\u00e9 Uderzo dans \u00ab&nbsp;Le Domaine des dieux&nbsp;\u00bb. Il en avait \u00e9galement dessin\u00e9 d\u2019autres dans un album de 2017, \u00ab&nbsp;Ast\u00e9rix et la Transitalique&nbsp;\u00bb.<\/p>\n\n\n\n<p class=\"\">\u00ab&nbsp;J\u2019ai continu\u00e9 sur ce mod\u00e8le-l\u00e0, et j\u2019ai pu interpr\u00e9ter plus librement les v\u00eatements f\u00e9minins, donc je me suis tourn\u00e9 vers les costumes traditionnels&nbsp;\u00bb, a expliqu\u00e9 le dessinateur. Tir\u00e9 \u00e0 cinq millions d\u2019exemplaires dans le monde, l\u2019album sortira en 19 langues fin octobre.<\/p>\n\n\n\n<p class=\"\">L\u2019\u00e9diteur d\u2019Ast\u00e9rix, qui appartient au groupe Hachette Livre, est pass\u00e9 fin 2023 sous le contr\u00f4le du milliardaire fran\u00e7ais Vincent Bollor\u00e9.<\/p>\n\n\n\n<p class=\"\">En 2025, le personnage sera aussi le h\u00e9ros d\u2019une s\u00e9rie anim\u00e9e \u00ab&nbsp;pr\u00e9vue au premier semestre&nbsp;\u00bb sur Netflix, une adaptation de l\u2019album \u00ab&nbsp;Le Combat des chefs&nbsp;\u00bb r\u00e9alis\u00e9e par le Fran\u00e7ais Alain Chabat.<\/p>\n","protected":false},"excerpt":{"rendered":"<p>Ast\u00e9rix en Lusitanie&nbsp;\u00bb, le 41e album du h\u00e9ros gaulois, \u00e0 para\u00eetre en octobre, aura pour cadre le Portugal, a annonc\u00e9 lundi son \u00e9diteur fran\u00e7ais. Avec 400 millions d\u2019albums vendus en 130 langues et dialectes, les aventures d\u2019Ast\u00e9rix, qui a f\u00eat\u00e9 ses 65 ans en 2024, repr\u00e9sentent \u00ab&nbsp;de loin le plus grand succ\u00e8s de la bande [&hellip;]<\/p>\n","protected":false},"author":2,"featured_media":33995,"comment_status":"open","ping_status":"open","sticky":false,"template":"","format":"standard","meta":{"_jetpack_memberships_contains_paid_content":false,"footnotes":"","jetpack_publicize_message":"","jetpack_publicize_feature_enabled":true,"jetpack_social_post_already_shared":true,"jetpack_social_options":{"image_generator_settings":{"template":"highway","enabled":true,"token":"eyJpbWciOiJodHRwczpcL1wvd3d3LmljZWFnZXR2LmNvbVwvcmFkaW9zaXRlXC93cC1jb250ZW50XC91cGxvYWRzXC8yMDI1XC8wM1wvSTFSN0tWV2ouanBnIiwidHh0IjoiQXN0XHUwMGU5cml4IGVuIEx1c2l0YW5pZSYjODIyMTssIGxlIDQxZSBhbGJ1bSBkdSBoXHUwMGU5cm9zIGdhdWxvaXMsIHBhcmFcdTAwZWV0cmEgZW4gb2N0b2JyZSBwcm9jaGFpbiBldCBhdXJhIHBvdXIgY2FkcmUgbGUgUG9ydHVnYWwsIGFubm9uY2Ugc29uIFx1MDBlOWRpdGV1ciBmcmFuXHUwMGU3YWlzIiwidGVtcGxhdGUiOiJoaWdod2F5IiwiYmxvZ19pZCI6MTExMDE2NDYxfQ.LYOeAA1wbdjG3_DSsDNz0iT5kZw7_JtuG8g6JxtLUooMQ"},"version":2},"_wpas_customize_per_network":false},"categories":[68],"tags":[],"class_list":["post-33994","post","type-post","status-publish","format-standard","has-post-thumbnail","hentry","category-actu-culturelle"],"jetpack_publicize_connections":[],"jetpack_featured_media_url":"https:\/\/i0.wp.com\/www.iceagetv.com\/radiosite\/wp-content\/uploads\/2025\/03\/I1R7KVWj.jpg?fit=679%2C293&ssl=1","jetpack_sharing_enabled":true,"_links":{"self":[{"href":"https:\/\/www.iceagetv.com\/radiosite\/wp-json\/wp\/v2\/posts\/33994","targetHints":{"allow":["GET"]}}],"collection":[{"href":"https:\/\/www.iceagetv.com\/radiosite\/wp-json\/wp\/v2\/posts"}],"about":[{"href":"https:\/\/www.iceagetv.com\/radiosite\/wp-json\/wp\/v2\/types\/post"}],"author":[{"embeddable":true,"href":"https:\/\/www.iceagetv.com\/radiosite\/wp-json\/wp\/v2\/users\/2"}],"replies":[{"embeddable":true,"href":"https:\/\/www.iceagetv.com\/radiosite\/wp-json\/wp\/v2\/comments?post=33994"}],"version-history":[{"count":1,"href":"https:\/\/www.iceagetv.com\/radiosite\/wp-json\/wp\/v2\/posts\/33994\/revisions"}],"predecessor-version":[{"id":33996,"href":"https:\/\/www.iceagetv.com\/radiosite\/wp-json\/wp\/v2\/posts\/33994\/revisions\/33996"}],"wp:featuredmedia":[{"embeddable":true,"href":"https:\/\/www.iceagetv.com\/radiosite\/wp-json\/wp\/v2\/media\/33995"}],"wp:attachment":[{"href":"https:\/\/www.iceagetv.com\/radiosite\/wp-json\/wp\/v2\/media?parent=33994"}],"wp:term":[{"taxonomy":"category","embeddable":true,"href":"https:\/\/www.iceagetv.com\/radiosite\/wp-json\/wp\/v2\/categories?post=33994"},{"taxonomy":"post_tag","embeddable":true,"href":"https:\/\/www.iceagetv.com\/radiosite\/wp-json\/wp\/v2\/tags?post=33994"}],"curies":[{"name":"wp","href":"https:\/\/api.w.org\/{rel}","templated":true}]}}