{"id":34030,"date":"2025-03-19T11:54:29","date_gmt":"2025-03-19T10:54:29","guid":{"rendered":"https:\/\/www.iceagetv.com\/radiosite\/?p=34030"},"modified":"2025-03-19T11:54:33","modified_gmt":"2025-03-19T10:54:33","slug":"la-police-recherche-un-ex-oqtf-algerien-dans-les-yvelines-qui-aurait-attaque-un-jeune-garcon-de-14-ans-a-coups-de-hachette-hier-lado-a-ete-retrouve-avec-des-plaies-aux-bras-et-aux-jambes","status":"publish","type":"post","link":"https:\/\/www.iceagetv.com\/radiosite\/la-police-recherche-un-ex-oqtf-algerien-dans-les-yvelines-qui-aurait-attaque-un-jeune-garcon-de-14-ans-a-coups-de-hachette-hier-lado-a-ete-retrouve-avec-des-plaies-aux-bras-et-aux-jambes\/","title":{"rendered":"La police recherche un ex-OQTF alg\u00e9rien dans les Yvelines qui aurait attaqu\u00e9 un jeune gar\u00e7on de 14 ans \u00e0 coups de hachette hier &#8211; L&rsquo;ado a \u00e9t\u00e9 retrouv\u00e9 avec des plaies aux bras et aux jambes"},"content":{"rendered":"\n<p class=\"\">Hier apr\u00e8s-midi, un adolescent \u00e2g\u00e9 de 14 ans a \u00e9t\u00e9 violemment agress\u00e9 alors qu&rsquo;il marchait dans la rue \u00e0 Plaisir dans les Yvelines \u00e0 proximit\u00e9 de son coll\u00e8ge. Selon&nbsp;<a href=\"https:\/\/www.leparisien.fr\/yvelines-78\/yvelines-un-adolescent-de-14-ans-agresse-a-la-hachette-pres-dun-college-a-plaisir-18-03-2025-A5JI3VXDWNCQ3DU7ZN4YIQWVTA.php\" target=\"_blank\" rel=\"noreferrer noopener\">Le Parisien<\/a>, le jeune homme a \u00e9t\u00e9 attaqu\u00e9 par un homme muni d&rsquo;une hachette.<\/p>\n\n\n\n<p class=\"\">La victime, qui n&rsquo;a pas ses jours en danger, a \u00e9t\u00e9 transport\u00e9e en urgence relative \u00e0 l&rsquo;h\u00f4pital : elle pr\u00e9sentait des plaies aux jambes et aux bras.<\/p>\n\n\n\n<p class=\"\">Le suspect qui a pris la fuite est activement recherch\u00e9 par la police depuis hier. Nos confr\u00e8res pr\u00e9cisent qu&rsquo;il est \u00e2g\u00e9 de 34 ans. C&rsquo;est un ressortissant alg\u00e9rien qui a fait l&rsquo;objet, en 2024, d&rsquo;une obligation de quitter le territoire fran\u00e7ais (OQTF). Il a \u00e9t\u00e9 expuls\u00e9 en juillet avant de revenir clandestinement en France.<\/p>\n\n\n\n<p class=\"\">Ce matin, dans \u00ab\u00a0Morandini Live\u00a0\u00bb sur CNews, J\u00e9r\u00f4me Vitry, d\u00e9l\u00e9gu\u00e9 d\u00e9partemental Alliance Police 78, pr\u00e9cise que le suspect \u00ab\u00a0est toujours activement recherch\u00e9 par les services de police. Tout a \u00e9t\u00e9 d\u00e9clench\u00e9 au niveau national\u00a0\u00bb.<\/p>\n\n\n\n<p class=\"\">\u00ab\u00a0La victime a eu des plaies extr\u00eamement profondes, notamment au niveau de la nuque. Il y avait une volont\u00e9 de tuer. C&rsquo;est un acte d&rsquo;une extr\u00eame gravit\u00e9 ! L&rsquo;adolescent a \u00e9chapp\u00e9 \u00e0 un cheveu de la mort\u00a0\u00bb.<\/p>\n\n\n\n<p class=\"\">Concernant les raisons de cette agression, J\u00e9r\u00f4me Vitry indique qu&rsquo;il s&rsquo;agirait de \u00ab\u00a0motivations familiales\u00a0\u00bb.<\/p>\n","protected":false},"excerpt":{"rendered":"<p>Hier apr\u00e8s-midi, un adolescent \u00e2g\u00e9 de 14 ans a \u00e9t\u00e9 violemment agress\u00e9 alors qu&rsquo;il marchait dans la rue \u00e0 Plaisir dans les Yvelines \u00e0 proximit\u00e9 de son coll\u00e8ge. Selon&nbsp;Le Parisien, le jeune homme a \u00e9t\u00e9 attaqu\u00e9 par un homme muni d&rsquo;une hachette. La victime, qui n&rsquo;a pas ses jours en danger, a \u00e9t\u00e9 transport\u00e9e en [&hellip;]<\/p>\n","protected":false},"author":2,"featured_media":34031,"comment_status":"open","ping_status":"open","sticky":false,"template":"","format":"standard","meta":{"_jetpack_memberships_contains_paid_content":false,"footnotes":"","jetpack_publicize_message":"","jetpack_publicize_feature_enabled":true,"jetpack_social_post_already_shared":true,"jetpack_social_options":{"image_generator_settings":{"template":"highway","enabled":true,"token":"eyJpbWciOiJodHRwczpcL1wvd3d3LmljZWFnZXR2LmNvbVwvcmFkaW9zaXRlXC93cC1jb250ZW50XC91cGxvYWRzXC8yMDI1XC8wM1wveWxqS3U5UGkuanBnIiwidHh0IjoiTGEgcG9saWNlIHJlY2hlcmNoZSB1biBleC1PUVRGIGFsZ1x1MDBlOXJpZW4gZGFucyBsZXMgWXZlbGluZXMgcXVpIGF1cmFpdCBhdHRhcXVcdTAwZTkgdW4gamV1bmUgZ2FyXHUwMGU3b24gZGUgMTQgYW5zIFx1MDBlMCBjb3VwcyBkZSBoYWNoZXR0ZSBoaWVyICYjODIxMTsgTCYjODIxNzthZG8gYSBcdTAwZTl0XHUwMGU5IHJldHJvdXZcdTAwZTkgYXZlYyBkZXMgcGxhaWVzIGF1eCBicmFzIGV0IGF1eCBqYW1iZXMiLCJ0ZW1wbGF0ZSI6ImhpZ2h3YXkiLCJibG9nX2lkIjoxMTEwMTY0NjF9.G4lBnfb5SYsGCraZvfd9Up96RIy-SxkkU8IXBsoK59YMQ"},"version":2},"_wpas_customize_per_network":false},"categories":[405],"tags":[],"class_list":["post-34030","post","type-post","status-publish","format-standard","has-post-thumbnail","hentry","category-actu-france-monde"],"jetpack_publicize_connections":[],"jetpack_featured_media_url":"https:\/\/i0.wp.com\/www.iceagetv.com\/radiosite\/wp-content\/uploads\/2025\/03\/yljKu9Pi.jpg?fit=679%2C293&ssl=1","jetpack_sharing_enabled":true,"_links":{"self":[{"href":"https:\/\/www.iceagetv.com\/radiosite\/wp-json\/wp\/v2\/posts\/34030","targetHints":{"allow":["GET"]}}],"collection":[{"href":"https:\/\/www.iceagetv.com\/radiosite\/wp-json\/wp\/v2\/posts"}],"about":[{"href":"https:\/\/www.iceagetv.com\/radiosite\/wp-json\/wp\/v2\/types\/post"}],"author":[{"embeddable":true,"href":"https:\/\/www.iceagetv.com\/radiosite\/wp-json\/wp\/v2\/users\/2"}],"replies":[{"embeddable":true,"href":"https:\/\/www.iceagetv.com\/radiosite\/wp-json\/wp\/v2\/comments?post=34030"}],"version-history":[{"count":1,"href":"https:\/\/www.iceagetv.com\/radiosite\/wp-json\/wp\/v2\/posts\/34030\/revisions"}],"predecessor-version":[{"id":34032,"href":"https:\/\/www.iceagetv.com\/radiosite\/wp-json\/wp\/v2\/posts\/34030\/revisions\/34032"}],"wp:featuredmedia":[{"embeddable":true,"href":"https:\/\/www.iceagetv.com\/radiosite\/wp-json\/wp\/v2\/media\/34031"}],"wp:attachment":[{"href":"https:\/\/www.iceagetv.com\/radiosite\/wp-json\/wp\/v2\/media?parent=34030"}],"wp:term":[{"taxonomy":"category","embeddable":true,"href":"https:\/\/www.iceagetv.com\/radiosite\/wp-json\/wp\/v2\/categories?post=34030"},{"taxonomy":"post_tag","embeddable":true,"href":"https:\/\/www.iceagetv.com\/radiosite\/wp-json\/wp\/v2\/tags?post=34030"}],"curies":[{"name":"wp","href":"https:\/\/api.w.org\/{rel}","templated":true}]}}