{"id":34048,"date":"2025-03-20T07:24:17","date_gmt":"2025-03-20T06:24:17","guid":{"rendered":"https:\/\/www.iceagetv.com\/radiosite\/?p=34048"},"modified":"2025-03-20T07:24:21","modified_gmt":"2025-03-20T06:24:21","slug":"macron-annonce-la-liberation-du-francais-olivier-grondeau-detenu-depuis-2022-en-iran","status":"publish","type":"post","link":"https:\/\/www.iceagetv.com\/radiosite\/macron-annonce-la-liberation-du-francais-olivier-grondeau-detenu-depuis-2022-en-iran\/","title":{"rendered":"Macron annonce la lib\u00e9ration du Fran\u00e7ais Olivier Grondeau, d\u00e9tenu depuis 2022 en Iran"},"content":{"rendered":"\n<p class=\"\">Le Fran\u00e7ais Olivier Grondeau, d\u00e9tenu en Iran depuis 2022, \u00ab\u00a0est libre\u00a0\u00bb et de retour en France, annonce sur X le pr\u00e9sident de la R\u00e9publique Emmanuel Macron.Olivier Grondeau est libre\u00a0\u00bb. D\u00e9tenu en Iran depuis 2022, le Fran\u00e7ais a \u00e9t\u00e9 lib\u00e9r\u00e9 et est de retour en France, annonce Emmanuel Macron dans un message post\u00e9 sur X. \u00ab\u00a0Olivier Grondeau est libre, en France, parmi les siens! Nous partageons l&rsquo;immense bonheur et soulagement de sa famille\u00a0\u00bb, \u00e9crit le chef de l&rsquo;\u00c9tat, qui \u00ab\u00a0remercie tous les services de l&rsquo;\u00c9tat, notre ambassadeur en Iran et le Centre de Crise et de Soutien du Quai d&rsquo;Orsay, de leur action d\u00e9cisive.\u00a0\u00bb\u00c2g\u00e9 de 34 ans, Olivier Grondeau avait \u00e9t\u00e9 arr\u00eat\u00e9 fin 2022 dans le sud de l&rsquo;Iran alors qu&rsquo;il faisait du tourisme et emprisonn\u00e9 \u00e0 la prison d&rsquo;Evin, \u00e0 T\u00e9h\u00e9ran. Deux autres Fran\u00e7ais sont toujours d\u00e9tenus au m\u00eame endroit, comme le rappelle le pr\u00e9sident de la R\u00e9publique.<\/p>\n","protected":false},"excerpt":{"rendered":"<p>Le Fran\u00e7ais Olivier Grondeau, d\u00e9tenu en Iran depuis 2022, \u00ab\u00a0est libre\u00a0\u00bb et de retour en France, annonce sur X le pr\u00e9sident de la R\u00e9publique Emmanuel Macron.Olivier Grondeau est libre\u00a0\u00bb. D\u00e9tenu en Iran depuis 2022, le Fran\u00e7ais a \u00e9t\u00e9 lib\u00e9r\u00e9 et est de retour en France, annonce Emmanuel Macron dans un message post\u00e9 sur X. \u00ab\u00a0Olivier [&hellip;]<\/p>\n","protected":false},"author":2,"featured_media":34049,"comment_status":"open","ping_status":"open","sticky":false,"template":"","format":"standard","meta":{"_jetpack_memberships_contains_paid_content":false,"footnotes":"","jetpack_publicize_message":"","jetpack_publicize_feature_enabled":true,"jetpack_social_post_already_shared":true,"jetpack_social_options":{"image_generator_settings":{"template":"highway","enabled":true,"token":"eyJpbWciOiJodHRwczpcL1wvd3d3LmljZWFnZXR2LmNvbVwvcmFkaW9zaXRlXC93cC1jb250ZW50XC91cGxvYWRzXC8yMDI1XC8wM1wvVW5lLW1hbmlmZXN0YXRpb24tZGUtc291dGllbi1hLU9saXZpZXItR3JvbmRlYXUtbGUtMWVyLWZldnJpZXItMjAyNS0yMDUyNzMyLndlYnAiLCJ0eHQiOiJNYWNyb24gYW5ub25jZSBsYSBsaWJcdTAwZTlyYXRpb24gZHUgRnJhblx1MDBlN2FpcyBPbGl2aWVyIEdyb25kZWF1LCBkXHUwMGU5dGVudSBkZXB1aXMgMjAyMiBlbiBJcmFuIiwidGVtcGxhdGUiOiJoaWdod2F5IiwiYmxvZ19pZCI6MTExMDE2NDYxfQ.eKlPQKZ_e_qvJZUz0mmD9OkjH34iqhcBix3lgt3kicQMQ"},"version":2},"_wpas_customize_per_network":false},"categories":[405],"tags":[],"class_list":["post-34048","post","type-post","status-publish","format-standard","has-post-thumbnail","hentry","category-actu-france-monde"],"jetpack_publicize_connections":[],"jetpack_featured_media_url":"https:\/\/i0.wp.com\/www.iceagetv.com\/radiosite\/wp-content\/uploads\/2025\/03\/Une-manifestation-de-soutien-a-Olivier-Grondeau-le-1er-fevrier-2025-2052732.webp?fit=736%2C414&ssl=1","jetpack_sharing_enabled":true,"_links":{"self":[{"href":"https:\/\/www.iceagetv.com\/radiosite\/wp-json\/wp\/v2\/posts\/34048","targetHints":{"allow":["GET"]}}],"collection":[{"href":"https:\/\/www.iceagetv.com\/radiosite\/wp-json\/wp\/v2\/posts"}],"about":[{"href":"https:\/\/www.iceagetv.com\/radiosite\/wp-json\/wp\/v2\/types\/post"}],"author":[{"embeddable":true,"href":"https:\/\/www.iceagetv.com\/radiosite\/wp-json\/wp\/v2\/users\/2"}],"replies":[{"embeddable":true,"href":"https:\/\/www.iceagetv.com\/radiosite\/wp-json\/wp\/v2\/comments?post=34048"}],"version-history":[{"count":1,"href":"https:\/\/www.iceagetv.com\/radiosite\/wp-json\/wp\/v2\/posts\/34048\/revisions"}],"predecessor-version":[{"id":34050,"href":"https:\/\/www.iceagetv.com\/radiosite\/wp-json\/wp\/v2\/posts\/34048\/revisions\/34050"}],"wp:featuredmedia":[{"embeddable":true,"href":"https:\/\/www.iceagetv.com\/radiosite\/wp-json\/wp\/v2\/media\/34049"}],"wp:attachment":[{"href":"https:\/\/www.iceagetv.com\/radiosite\/wp-json\/wp\/v2\/media?parent=34048"}],"wp:term":[{"taxonomy":"category","embeddable":true,"href":"https:\/\/www.iceagetv.com\/radiosite\/wp-json\/wp\/v2\/categories?post=34048"},{"taxonomy":"post_tag","embeddable":true,"href":"https:\/\/www.iceagetv.com\/radiosite\/wp-json\/wp\/v2\/tags?post=34048"}],"curies":[{"name":"wp","href":"https:\/\/api.w.org\/{rel}","templated":true}]}}