{"id":34063,"date":"2025-03-20T11:46:52","date_gmt":"2025-03-20T10:46:52","guid":{"rendered":"https:\/\/www.iceagetv.com\/radiosite\/?p=34063"},"modified":"2025-03-20T11:46:56","modified_gmt":"2025-03-20T10:46:56","slug":"en-turquie-le-maire-distanbul-et-principal-opposant-a-recep-tayyip-erdogan-a-ete-arrete","status":"publish","type":"post","link":"https:\/\/www.iceagetv.com\/radiosite\/en-turquie-le-maire-distanbul-et-principal-opposant-a-recep-tayyip-erdogan-a-ete-arrete\/","title":{"rendered":"En Turquie, le maire d&rsquo;Istanbul et principal opposant \u00e0 Recep Tayyip Erdogan a \u00e9t\u00e9 arr\u00eat\u00e9"},"content":{"rendered":"\n<p class=\"\">Selon le parquet, Ekrem Imamoglu est notamment accus\u00e9 de \u00ab\u00a0corruption\u00a0\u00bb.Il avait \u00e9t\u00e9&nbsp;<a href=\"https:\/\/www.francetvinfo.fr\/monde\/turquie\/manifestations-turquie\/turquie-l-opposition-du-president-erdogan-conserve-la-mairie-d-istanbul_6461363.html\">triomphalement reconduit il y a un an<\/a>, cinq ans apr\u00e8s son \u00e9lection. Le maire d&rsquo;Istanbul, Ekrem Imamoglu, principal opposant au pr\u00e9sident turc Recep Tayyip Erdogan, a \u00e9t\u00e9 interpell\u00e9 avec plusieurs dizaines de ses collaborateurs, d&rsquo;\u00e9lus et membres de son parti, a annonc\u00e9 le procureur de la ville, mercredi 19 mars. Selon le parquet, l&rsquo;\u00e9lu est notamment accus\u00e9 de \u00ab\u00a0corruption\u00a0\u00bb.&nbsp;L&rsquo;agence \u00e9tatique Anadolu \u00e9voque \u00e9galement des accusations de \u00ab\u00a0terrorisme\u00a0\u00bb et d'\u00a0\u00bbaide au PKK\u00a0\u00bb, le Parti des Travailleurs du Kurdistan, consid\u00e9r\u00e9 comme une organisation terroriste par Ankara.&nbsp;Ekrem Imamoglu fait l&rsquo;objet de deux proc\u00e9dures pour \u00ab\u00a0corruption\u00a0\u00bb et \u00ab\u00a0soutien \u00e0 une organisation terroriste\u00a0\u00bb, a confirm\u00e9 plus tard dans la matin\u00e9e le ministre de la Justice Ylmaz Tunc.<\/p>\n\n\n\n<p class=\"\">Tous les rassemblements et manifestations ont \u00e9t\u00e9 interdits jusqu&rsquo;\u00e0 dimanche par le gouverneur d&rsquo;Istanbul et, selon la chaine de t\u00e9l\u00e9vision priv\u00e9e NTV, la station de m\u00e9tro de l&#8217;embl\u00e9matique place Taksim au centre d&rsquo;Istanbul, a \u00e9t\u00e9 ferm\u00e9e. L&rsquo;acc\u00e8s aux r\u00e9seaux sociaux est aussi ralenti. \u00d6zgur \u00d6zel, le pr\u00e9sident de son parti, a d\u00e9nonc\u00e9\u00a0<em>\u00ab\u00a0un coup de force pour entraver la volont\u00e9 du peuple\u00a0\u00bb\u00a0<\/em>et\u00a0<em>\u00ab\u00a0contre le prochain pr\u00e9sident\u00a0\u00bb<\/em>\u00a0de la Turquie.<a href=\"https:\/\/x.com\/ekrem_imamoglu\/status\/1902211651023118590\" target=\"_blank\" rel=\"noreferrer noopener\">Dans une vid\u00e9o post\u00e9e sur X(Nouvelle fen\u00eatre)<\/a>, l&rsquo;\u00e9dile de 53 ans, en train de s&rsquo;habiller et de nouer sa cravate, a d\u00e9nonc\u00e9 la fouille de son domicile&nbsp;:<em>&nbsp;\u00ab\u00a0Des centaines de policiers sont arriv\u00e9s \u00e0 ma porte. La police fait irruption chez moi et frappe \u00e0 ma porte. Je m&rsquo;en remets \u00e0 ma nation\u00a0\u00bb<\/em>, d\u00e9clare-t-il. Ekrem Imamoglu est seul en lice pour repr\u00e9senter son parti \u00e0 la prochaine pr\u00e9sidentielle pr\u00e9vue en 2028 et devait \u00eatre officiellement d\u00e9sign\u00e9 dimanche.<\/p>\n\n\n\n<p class=\"\">La France, par l&rsquo;interm\u00e9diaire du porte-parole du minist\u00e8re fran\u00e7ais des Affaires \u00e9trang\u00e8res, a exprim\u00e9 sa&nbsp;<em>\u00ab\u00a0profonde pr\u00e9occupation\u00a0\u00bb&nbsp;<\/em>apr\u00e8s cette arrestation du principal opposant politique au pr\u00e9sident turc Recep Tayyip Erdogan, soulignant que cela pourrait avoir&nbsp;<em>\u00ab\u00a0des cons\u00e9quences lourdes sur la d\u00e9mocratie turque\u00a0\u00bb.<\/em><\/p>\n","protected":false},"excerpt":{"rendered":"<p>Selon le parquet, Ekrem Imamoglu est notamment accus\u00e9 de \u00ab\u00a0corruption\u00a0\u00bb.Il avait \u00e9t\u00e9&nbsp;triomphalement reconduit il y a un an, cinq ans apr\u00e8s son \u00e9lection. Le maire d&rsquo;Istanbul, Ekrem Imamoglu, principal opposant au pr\u00e9sident turc Recep Tayyip Erdogan, a \u00e9t\u00e9 interpell\u00e9 avec plusieurs dizaines de ses collaborateurs, d&rsquo;\u00e9lus et membres de son parti, a annonc\u00e9 le procureur [&hellip;]<\/p>\n","protected":false},"author":2,"featured_media":34064,"comment_status":"open","ping_status":"open","sticky":false,"template":"","format":"standard","meta":{"_jetpack_memberships_contains_paid_content":false,"footnotes":"","jetpack_publicize_message":"","jetpack_publicize_feature_enabled":true,"jetpack_social_post_already_shared":true,"jetpack_social_options":{"image_generator_settings":{"template":"highway","enabled":true,"token":"eyJpbWciOiJodHRwczpcL1wvd3d3LmljZWFnZXR2LmNvbVwvcmFkaW9zaXRlXC93cC1jb250ZW50XC91cGxvYWRzXC8yMDI1XC8wM1wvUmVjZXAtVGF5eWlwLUVyZG9nYW4tYS1ldGUtYXJyZXRlLmpwZyIsInR4dCI6IkVuIFR1cnF1aWUsIGxlIG1haXJlIGQmIzgyMTc7SXN0YW5idWwgZXQgcHJpbmNpcGFsIG9wcG9zYW50IFx1MDBlMCBSZWNlcCBUYXl5aXAgRXJkb2dhbiBhIFx1MDBlOXRcdTAwZTkgYXJyXHUwMGVhdFx1MDBlOSIsInRlbXBsYXRlIjoiaGlnaHdheSIsImJsb2dfaWQiOjExMTAxNjQ2MX0.GWNCJX92NqtnRSGlJkmgFw50CAxlGrFTwmljixMR5qQMQ"},"version":2},"_wpas_customize_per_network":false},"categories":[405],"tags":[],"class_list":["post-34063","post","type-post","status-publish","format-standard","has-post-thumbnail","hentry","category-actu-france-monde"],"jetpack_publicize_connections":[],"jetpack_featured_media_url":"https:\/\/i0.wp.com\/www.iceagetv.com\/radiosite\/wp-content\/uploads\/2025\/03\/Recep-Tayyip-Erdogan-a-ete-arrete.jpg?fit=866%2C432&ssl=1","jetpack_sharing_enabled":true,"_links":{"self":[{"href":"https:\/\/www.iceagetv.com\/radiosite\/wp-json\/wp\/v2\/posts\/34063","targetHints":{"allow":["GET"]}}],"collection":[{"href":"https:\/\/www.iceagetv.com\/radiosite\/wp-json\/wp\/v2\/posts"}],"about":[{"href":"https:\/\/www.iceagetv.com\/radiosite\/wp-json\/wp\/v2\/types\/post"}],"author":[{"embeddable":true,"href":"https:\/\/www.iceagetv.com\/radiosite\/wp-json\/wp\/v2\/users\/2"}],"replies":[{"embeddable":true,"href":"https:\/\/www.iceagetv.com\/radiosite\/wp-json\/wp\/v2\/comments?post=34063"}],"version-history":[{"count":1,"href":"https:\/\/www.iceagetv.com\/radiosite\/wp-json\/wp\/v2\/posts\/34063\/revisions"}],"predecessor-version":[{"id":34065,"href":"https:\/\/www.iceagetv.com\/radiosite\/wp-json\/wp\/v2\/posts\/34063\/revisions\/34065"}],"wp:featuredmedia":[{"embeddable":true,"href":"https:\/\/www.iceagetv.com\/radiosite\/wp-json\/wp\/v2\/media\/34064"}],"wp:attachment":[{"href":"https:\/\/www.iceagetv.com\/radiosite\/wp-json\/wp\/v2\/media?parent=34063"}],"wp:term":[{"taxonomy":"category","embeddable":true,"href":"https:\/\/www.iceagetv.com\/radiosite\/wp-json\/wp\/v2\/categories?post=34063"},{"taxonomy":"post_tag","embeddable":true,"href":"https:\/\/www.iceagetv.com\/radiosite\/wp-json\/wp\/v2\/tags?post=34063"}],"curies":[{"name":"wp","href":"https:\/\/api.w.org\/{rel}","templated":true}]}}