{"id":34070,"date":"2025-03-20T12:51:05","date_gmt":"2025-03-20T11:51:05","guid":{"rendered":"https:\/\/www.iceagetv.com\/radiosite\/?p=34070"},"modified":"2025-03-20T12:51:09","modified_gmt":"2025-03-20T11:51:09","slug":"le-parquet-algerien-a-requis-une-peine-de-dix-ans-de-prison-ferme-contre-lecrivain-franco-algerien-boualem-sansal-incarcere-depuis-mi-novembre","status":"publish","type":"post","link":"https:\/\/www.iceagetv.com\/radiosite\/le-parquet-algerien-a-requis-une-peine-de-dix-ans-de-prison-ferme-contre-lecrivain-franco-algerien-boualem-sansal-incarcere-depuis-mi-novembre\/","title":{"rendered":"Le parquet alg\u00e9rien a requis une peine de dix ans de prison ferme contre l\u2019\u00e9crivain franco-alg\u00e9rien Boualem Sansal, incarc\u00e9r\u00e9 depuis mi-novembre"},"content":{"rendered":"\n<p class=\"\">Le parquet alg\u00e9rien a requis une peine de dix ans de prison ferme contre l\u2019\u00e9crivain franco-alg\u00e9rien Boualem Sansal, incarc\u00e9r\u00e9 depuis mi-novembre. Une amende d&rsquo;un million de dinars a \u00e9galement \u00e9t\u00e9 requise contre lui. Le verdict est attendu dans une semaine, le 27 mars prochain, rapporte&nbsp;<a href=\"https:\/\/www.lepoint.fr\/monde\/urgent-le-verdict-pour-sansal-fixe-au-27-mars-20-03-2025-2585230_24.php\" target=\"_blank\" rel=\"noreferrer noopener\">Le Point<\/a>.&nbsp;<\/p>\n\n\n\n<p class=\"\">Boualem Sansal est poursuivi en vertu de l\u2019article 87 bis du Code p\u00e9nal, qui sanctionne en Alg\u00e9rie \u00ab&nbsp;comme acte terroriste ou subversif, tout acte visant la s\u00fbret\u00e9 de l\u2019\u00c9tat, l\u2019int\u00e9grit\u00e9 du territoire, la stabilit\u00e9 et le fonctionnement normal des institutions&nbsp;\u00bb.<\/p>\n\n\n\n<p class=\"\">Selon le quotidien Le Monde, le pouvoir alg\u00e9rien aurait mal pris ses d\u00e9clarations au m\u00e9dia fran\u00e7ais Fronti\u00e8res, r\u00e9put\u00e9 d\u2019extr\u00eame droite, reprenant la position du Maroc selon laquelle le territoire de ce dernier pays aurait \u00e9t\u00e9 tronqu\u00e9 sous la colonisation fran\u00e7aise au profit de l\u2019Alg\u00e9rie.<\/p>\n\n\n\n<p class=\"\">Son incarc\u00e9ration a provoqu\u00e9 les protestations de nombreux intellectuels et \u00e9crivains, qui estiment les poursuites sans aucun fondement. \u00ab&nbsp;Au regard des accusations qui sont port\u00e9es contre lui, il est d\u2019abord innocent&nbsp;\u00bb, selon Me Zimeray.<\/p>\n","protected":false},"excerpt":{"rendered":"<p>Le parquet alg\u00e9rien a requis une peine de dix ans de prison ferme contre l\u2019\u00e9crivain franco-alg\u00e9rien Boualem Sansal, incarc\u00e9r\u00e9 depuis mi-novembre. Une amende d&rsquo;un million de dinars a \u00e9galement \u00e9t\u00e9 requise contre lui. Le verdict est attendu dans une semaine, le 27 mars prochain, rapporte&nbsp;Le Point.&nbsp; Boualem Sansal est poursuivi en vertu de l\u2019article 87 [&hellip;]<\/p>\n","protected":false},"author":2,"featured_media":34071,"comment_status":"open","ping_status":"open","sticky":false,"template":"","format":"standard","meta":{"_jetpack_memberships_contains_paid_content":false,"footnotes":"","jetpack_publicize_message":"","jetpack_publicize_feature_enabled":true,"jetpack_social_post_already_shared":true,"jetpack_social_options":{"image_generator_settings":{"template":"highway","enabled":true,"token":"eyJpbWciOiJodHRwczpcL1wvd3d3LmljZWFnZXR2LmNvbVwvcmFkaW9zaXRlXC93cC1jb250ZW50XC91cGxvYWRzXC8yMDI1XC8wM1wvbEhqQXVkODAuanBnIiwidHh0IjoiTGUgcGFycXVldCBhbGdcdTAwZTlyaWVuIGEgcmVxdWlzIHVuZSBwZWluZSBkZSBkaXggYW5zIGRlIHByaXNvbiBmZXJtZSBjb250cmUgbFx1MjAxOVx1MDBlOWNyaXZhaW4gZnJhbmNvLWFsZ1x1MDBlOXJpZW4gQm91YWxlbSBTYW5zYWwsIGluY2FyY1x1MDBlOXJcdTAwZTkgZGVwdWlzIG1pLW5vdmVtYnJlIiwidGVtcGxhdGUiOiJoaWdod2F5IiwiYmxvZ19pZCI6MTExMDE2NDYxfQ.QNqRm6nDXC9AjqliHsRrqt36pSAX9Pgeo6GwixqnGgEMQ"},"version":2},"_wpas_customize_per_network":false},"categories":[405],"tags":[],"class_list":["post-34070","post","type-post","status-publish","format-standard","has-post-thumbnail","hentry","category-actu-france-monde"],"jetpack_publicize_connections":[],"jetpack_featured_media_url":"https:\/\/i0.wp.com\/www.iceagetv.com\/radiosite\/wp-content\/uploads\/2025\/03\/lHjAud80.jpg?fit=679%2C293&ssl=1","jetpack_sharing_enabled":true,"_links":{"self":[{"href":"https:\/\/www.iceagetv.com\/radiosite\/wp-json\/wp\/v2\/posts\/34070","targetHints":{"allow":["GET"]}}],"collection":[{"href":"https:\/\/www.iceagetv.com\/radiosite\/wp-json\/wp\/v2\/posts"}],"about":[{"href":"https:\/\/www.iceagetv.com\/radiosite\/wp-json\/wp\/v2\/types\/post"}],"author":[{"embeddable":true,"href":"https:\/\/www.iceagetv.com\/radiosite\/wp-json\/wp\/v2\/users\/2"}],"replies":[{"embeddable":true,"href":"https:\/\/www.iceagetv.com\/radiosite\/wp-json\/wp\/v2\/comments?post=34070"}],"version-history":[{"count":1,"href":"https:\/\/www.iceagetv.com\/radiosite\/wp-json\/wp\/v2\/posts\/34070\/revisions"}],"predecessor-version":[{"id":34072,"href":"https:\/\/www.iceagetv.com\/radiosite\/wp-json\/wp\/v2\/posts\/34070\/revisions\/34072"}],"wp:featuredmedia":[{"embeddable":true,"href":"https:\/\/www.iceagetv.com\/radiosite\/wp-json\/wp\/v2\/media\/34071"}],"wp:attachment":[{"href":"https:\/\/www.iceagetv.com\/radiosite\/wp-json\/wp\/v2\/media?parent=34070"}],"wp:term":[{"taxonomy":"category","embeddable":true,"href":"https:\/\/www.iceagetv.com\/radiosite\/wp-json\/wp\/v2\/categories?post=34070"},{"taxonomy":"post_tag","embeddable":true,"href":"https:\/\/www.iceagetv.com\/radiosite\/wp-json\/wp\/v2\/tags?post=34070"}],"curies":[{"name":"wp","href":"https:\/\/api.w.org\/{rel}","templated":true}]}}