{"id":34091,"date":"2025-03-21T11:52:26","date_gmt":"2025-03-21T10:52:26","guid":{"rendered":"https:\/\/www.iceagetv.com\/radiosite\/?p=34091"},"modified":"2025-03-21T11:52:30","modified_gmt":"2025-03-21T10:52:30","slug":"horreur-dans-le-tres-chic-16e-arrondissement-de-paris-un-eleve-de-17-ans-attaque-et-blesse-par-un-individu-arme-dun-sabre-et-dun-couteau-devant-le-lycee-rene-cassin-le-lycee-sera-securise-par","status":"publish","type":"post","link":"https:\/\/www.iceagetv.com\/radiosite\/horreur-dans-le-tres-chic-16e-arrondissement-de-paris-un-eleve-de-17-ans-attaque-et-blesse-par-un-individu-arme-dun-sabre-et-dun-couteau-devant-le-lycee-rene-cassin-le-lycee-sera-securise-par\/","title":{"rendered":"Horreur dans le tr\u00e8s chic 16e arrondissement de Paris : Un \u00e9l\u00e8ve de 17 ans attaqu\u00e9 et bless\u00e9 par un individu arm\u00e9 d&rsquo;un sabre et d&rsquo;un couteau devant le lyc\u00e9e Ren\u00e9-Cassin &#8211; Le lyc\u00e9e sera s\u00e9curis\u00e9 par la police toute la journ\u00e9e"},"content":{"rendered":"\n<p class=\"\">L\u2019horreur hier dans le tr\u00e8s chic 16e arrondissement de Paris quand un \u00e9l\u00e8ve 17 ans a \u00e9t\u00e9 attaqu\u00e9 et bless\u00e9 par un individu avec un sabre ! Vous avez bien entendu une attaque au sabre en pleine Paris et en pleine journ\u00e9e puisqu\u2019il \u00e9tait midi 40. Cela s\u2019est pass\u00e9 devant le lyc\u00e9e Ren\u00e9-Cassin.<\/p>\n\n\n\n<p class=\"\">\u00c0 l&rsquo;arriv\u00e9e des surveillants, l\u2019assaillant a pos\u00e9 son sabre et un des adultes a d\u00e9couvert en plus, un couteau dans son. Quant \u00e0 la victime, les sapeurs-pompiers l&rsquo;ont prise en charge et conduite \u00e0 l&rsquo;h\u00f4pital Ambroise-Par\u00e9, dans les Hauts-de-Seine. Son pronostic vital n&rsquo;est heureusement pas engag\u00e9.&nbsp;<\/p>\n\n\n\n<p class=\"\">Ce n\u2019est pas la premi\u00e8re fois qu\u2019un \u00e9l\u00e8ve du lyc\u00e9e Ren\u00e9-Cassin est impliqu\u00e9 dans une agression \u00e0 l\u2019arme blanche. En d\u00e9cembre dernier, une rixe avait \u00e9clat\u00e9 aux abords de ce lyc\u00e9e situ\u00e9 avenue de Versailles.<\/p>\n\n\n\n<p class=\"\">Ce jour-l\u00e0, un adolescent avait essuy\u00e9 un coup de couteau \u00e0 une cuisse lors d\u2019une altercation. Une semaine plus tard, on retrouvait ce m\u00eame adolescent dans une nouvelle rixe, mais cette fois dans le XIIIe arrondissement, devant le lyc\u00e9e Rodin.<\/p>\n\n\n\n<p class=\"\">Une semaine seulement apr\u00e8s avoir \u00e9t\u00e9 bless\u00e9, Abass 16 ans, \u00e9tait de nouveau attaqu\u00e9 \u00e0 coups de couteau et cette fois, il succombait apr\u00e8s avoir re\u00e7u un nouveau coup de couteau.<\/p>\n","protected":false},"excerpt":{"rendered":"<p>L\u2019horreur hier dans le tr\u00e8s chic 16e arrondissement de Paris quand un \u00e9l\u00e8ve 17 ans a \u00e9t\u00e9 attaqu\u00e9 et bless\u00e9 par un individu avec un sabre ! Vous avez bien entendu une attaque au sabre en pleine Paris et en pleine journ\u00e9e puisqu\u2019il \u00e9tait midi 40. Cela s\u2019est pass\u00e9 devant le lyc\u00e9e Ren\u00e9-Cassin. \u00c0 l&rsquo;arriv\u00e9e [&hellip;]<\/p>\n","protected":false},"author":2,"featured_media":34093,"comment_status":"open","ping_status":"open","sticky":false,"template":"","format":"standard","meta":{"_jetpack_memberships_contains_paid_content":false,"footnotes":"","jetpack_publicize_message":"","jetpack_publicize_feature_enabled":true,"jetpack_social_post_already_shared":true,"jetpack_social_options":{"image_generator_settings":{"template":"highway","enabled":true,"token":"eyJpbWciOiJodHRwczpcL1wvd3d3LmljZWFnZXR2LmNvbVwvcmFkaW9zaXRlXC93cC1jb250ZW50XC91cGxvYWRzXC8yMDI1XC8wM1wvOXRuZDBxdjAuanBnIiwidHh0IjoiSG9ycmV1ciBkYW5zIGxlIHRyXHUwMGU4cyBjaGljIDE2ZSBhcnJvbmRpc3NlbWVudCBkZSBQYXJpcyA6IFVuIFx1MDBlOWxcdTAwZTh2ZSBkZSAxNyBhbnMgYXR0YXF1XHUwMGU5IGV0IGJsZXNzXHUwMGU5IHBhciB1biBpbmRpdmlkdSBhcm1cdTAwZTkgZCYjODIxNzt1biBzYWJyZSBldCBkJiM4MjE3O3VuIGNvdXRlYXUgZGV2YW50IGxlIGx5Y1x1MDBlOWUgUmVuXHUwMGU5LUNhc3NpbiAmIzgyMTE7IExlIGx5Y1x1MDBlOWUgc2VyYSBzXHUwMGU5Y3VyaXNcdTAwZTkgcGFyIGxhIHBvbGljZSB0b3V0ZSBsYSBqb3Vyblx1MDBlOWUiLCJ0ZW1wbGF0ZSI6ImhpZ2h3YXkiLCJibG9nX2lkIjoxMTEwMTY0NjF9.Yzg8qoD7rm4EmsP8rGIkTn4dSTqGwP7UVi1tHQkTD7kMQ"},"version":2},"_wpas_customize_per_network":false},"categories":[405],"tags":[],"class_list":["post-34091","post","type-post","status-publish","format-standard","has-post-thumbnail","hentry","category-actu-france-monde"],"jetpack_publicize_connections":[],"jetpack_featured_media_url":"https:\/\/i0.wp.com\/www.iceagetv.com\/radiosite\/wp-content\/uploads\/2025\/03\/9tnd0qv0.jpg?fit=679%2C293&ssl=1","jetpack_sharing_enabled":true,"_links":{"self":[{"href":"https:\/\/www.iceagetv.com\/radiosite\/wp-json\/wp\/v2\/posts\/34091","targetHints":{"allow":["GET"]}}],"collection":[{"href":"https:\/\/www.iceagetv.com\/radiosite\/wp-json\/wp\/v2\/posts"}],"about":[{"href":"https:\/\/www.iceagetv.com\/radiosite\/wp-json\/wp\/v2\/types\/post"}],"author":[{"embeddable":true,"href":"https:\/\/www.iceagetv.com\/radiosite\/wp-json\/wp\/v2\/users\/2"}],"replies":[{"embeddable":true,"href":"https:\/\/www.iceagetv.com\/radiosite\/wp-json\/wp\/v2\/comments?post=34091"}],"version-history":[{"count":1,"href":"https:\/\/www.iceagetv.com\/radiosite\/wp-json\/wp\/v2\/posts\/34091\/revisions"}],"predecessor-version":[{"id":34094,"href":"https:\/\/www.iceagetv.com\/radiosite\/wp-json\/wp\/v2\/posts\/34091\/revisions\/34094"}],"wp:featuredmedia":[{"embeddable":true,"href":"https:\/\/www.iceagetv.com\/radiosite\/wp-json\/wp\/v2\/media\/34093"}],"wp:attachment":[{"href":"https:\/\/www.iceagetv.com\/radiosite\/wp-json\/wp\/v2\/media?parent=34091"}],"wp:term":[{"taxonomy":"category","embeddable":true,"href":"https:\/\/www.iceagetv.com\/radiosite\/wp-json\/wp\/v2\/categories?post=34091"},{"taxonomy":"post_tag","embeddable":true,"href":"https:\/\/www.iceagetv.com\/radiosite\/wp-json\/wp\/v2\/tags?post=34091"}],"curies":[{"name":"wp","href":"https:\/\/api.w.org\/{rel}","templated":true}]}}