{"id":34127,"date":"2025-03-22T15:21:43","date_gmt":"2025-03-22T14:21:43","guid":{"rendered":"https:\/\/www.iceagetv.com\/radiosite\/?p=34127"},"modified":"2025-03-22T15:21:47","modified_gmt":"2025-03-22T14:21:47","slug":"le-printemps-du-cinema-lune-des-principales-operations-promotionnelles-du-secteur-revient-demain-avec-lespoir-de-relancer-la-frequentation-5-euros-la-seance-pendant-trois-jours-dans-toute-la-fr","status":"publish","type":"post","link":"https:\/\/www.iceagetv.com\/radiosite\/le-printemps-du-cinema-lune-des-principales-operations-promotionnelles-du-secteur-revient-demain-avec-lespoir-de-relancer-la-frequentation-5-euros-la-seance-pendant-trois-jours-dans-toute-la-fr\/","title":{"rendered":"Le Printemps du cin\u00e9ma, l&rsquo;une des principales op\u00e9rations promotionnelles du secteur, revient demain avec l&rsquo;espoir de relancer la fr\u00e9quentation: 5 euros la s\u00e9ance pendant trois jours dans toute la France"},"content":{"rendered":"\n<p class=\"\">Cinq euros la s\u00e9ance pendant trois jours dans toute la France : le Printemps du cin\u00e9ma, l&rsquo;une des principales op\u00e9rations promotionnelles du secteur, revient ce dimanche avec l&rsquo;espoir de relancer la fr\u00e9quentation. \u00ab Les choses se pr\u00e9sentent plut\u00f4t bien \u00bb, a d\u00e9clar\u00e9 \u00e0 l&rsquo;AFP le pr\u00e9sident de la F\u00e9d\u00e9ration nationale des cin\u00e9mas fran\u00e7ais (FNCF), Richard Patry, \u00e0 propos de cette op\u00e9ration qui se tient de dimanche \u00e0 mardi dans 2 500 cin\u00e9mas fran\u00e7ais.<\/p>\n\n\n\n<p class=\"\">\u00ab Il y a cette ann\u00e9e une tr\u00e8s belle proposition de films, avec toute une diversit\u00e9 \u00bb, a-t-il ajout\u00e9, du nouveau Blanche Neige de Disney \u00e0 la com\u00e9die rurale Les Bodin&rsquo;s, en passant par le drame Ma M\u00e8re, Dieu et Sylvie Vartan avec Le\u00efla Bekhti. \u00ab Le Printemps du cin\u00e9ma va jouer son r\u00f4le de r\u00e9amor\u00e7age de la fr\u00e9quentation dans une p\u00e9riode o\u00f9 on est un peu d\u00e9prim\u00e9s par le beau temps, a-t-il estim\u00e9. Il n&rsquo;y a pas que le soleil dans la vie, il y a aussi le cin\u00e9ma. \u00bb<\/p>\n\n\n\n<p class=\"\">Apr\u00e8s une ann\u00e9e port\u00e9e par de grands succ\u00e8s populaires comme Un P&rsquo;tit truc en plus ou Le Comte de Monte-Cristo, les cin\u00e9mas esp\u00e8rent une belle ann\u00e9e 2025, port\u00e9e par le retour des grosses productions am\u00e9ricaines, plus d&rsquo;un an apr\u00e8s la fin de la gr\u00e8ve qui avait paralys\u00e9 Hollywood.<\/p>\n\n\n\n<p class=\"\">\u00c0 fin f\u00e9vrier, sur les deux premiers mois de l&rsquo;ann\u00e9e, les cin\u00e9mas fran\u00e7ais ont engrang\u00e9 28,3 millions d&rsquo;entr\u00e9es, un chiffre quasi stable sur un an (-1,7 %).<\/p>\n","protected":false},"excerpt":{"rendered":"<p>Cinq euros la s\u00e9ance pendant trois jours dans toute la France : le Printemps du cin\u00e9ma, l&rsquo;une des principales op\u00e9rations promotionnelles du secteur, revient ce dimanche avec l&rsquo;espoir de relancer la fr\u00e9quentation. \u00ab Les choses se pr\u00e9sentent plut\u00f4t bien \u00bb, a d\u00e9clar\u00e9 \u00e0 l&rsquo;AFP le pr\u00e9sident de la F\u00e9d\u00e9ration nationale des cin\u00e9mas fran\u00e7ais (FNCF), Richard [&hellip;]<\/p>\n","protected":false},"author":2,"featured_media":34128,"comment_status":"open","ping_status":"open","sticky":false,"template":"","format":"standard","meta":{"_jetpack_memberships_contains_paid_content":false,"footnotes":"","jetpack_publicize_message":"","jetpack_publicize_feature_enabled":true,"jetpack_social_post_already_shared":true,"jetpack_social_options":{"image_generator_settings":{"template":"highway","enabled":true,"token":"eyJpbWciOiJodHRwczpcL1wvd3d3LmljZWFnZXR2LmNvbVwvcmFkaW9zaXRlXC93cC1jb250ZW50XC91cGxvYWRzXC8yMDI1XC8wM1wvUldzanlXS0EuanBnIiwidHh0IjoiTGUgUHJpbnRlbXBzIGR1IGNpblx1MDBlOW1hLCBsJiM4MjE3O3VuZSBkZXMgcHJpbmNpcGFsZXMgb3BcdTAwZTlyYXRpb25zIHByb21vdGlvbm5lbGxlcyBkdSBzZWN0ZXVyLCByZXZpZW50IGRlbWFpbiBhdmVjIGwmIzgyMTc7ZXNwb2lyIGRlIHJlbGFuY2VyIGxhIGZyXHUwMGU5cXVlbnRhdGlvbjogNSBldXJvcyBsYSBzXHUwMGU5YW5jZSBwZW5kYW50IHRyb2lzIGpvdXJzIGRhbnMgdG91dGUgbGEgRnJhbmNlIiwidGVtcGxhdGUiOiJoaWdod2F5IiwiYmxvZ19pZCI6MTExMDE2NDYxfQ.l04vNgN7ztJS5PHtI3lxWF2Q84SNqWvRYzqXp9V9SQsMQ"},"version":2},"_wpas_customize_per_network":false},"categories":[68],"tags":[],"class_list":["post-34127","post","type-post","status-publish","format-standard","has-post-thumbnail","hentry","category-actu-culturelle"],"jetpack_publicize_connections":[],"jetpack_featured_media_url":"https:\/\/i0.wp.com\/www.iceagetv.com\/radiosite\/wp-content\/uploads\/2025\/03\/RWsjyWKA.jpg?fit=652%2C284&ssl=1","jetpack_sharing_enabled":true,"_links":{"self":[{"href":"https:\/\/www.iceagetv.com\/radiosite\/wp-json\/wp\/v2\/posts\/34127","targetHints":{"allow":["GET"]}}],"collection":[{"href":"https:\/\/www.iceagetv.com\/radiosite\/wp-json\/wp\/v2\/posts"}],"about":[{"href":"https:\/\/www.iceagetv.com\/radiosite\/wp-json\/wp\/v2\/types\/post"}],"author":[{"embeddable":true,"href":"https:\/\/www.iceagetv.com\/radiosite\/wp-json\/wp\/v2\/users\/2"}],"replies":[{"embeddable":true,"href":"https:\/\/www.iceagetv.com\/radiosite\/wp-json\/wp\/v2\/comments?post=34127"}],"version-history":[{"count":1,"href":"https:\/\/www.iceagetv.com\/radiosite\/wp-json\/wp\/v2\/posts\/34127\/revisions"}],"predecessor-version":[{"id":34129,"href":"https:\/\/www.iceagetv.com\/radiosite\/wp-json\/wp\/v2\/posts\/34127\/revisions\/34129"}],"wp:featuredmedia":[{"embeddable":true,"href":"https:\/\/www.iceagetv.com\/radiosite\/wp-json\/wp\/v2\/media\/34128"}],"wp:attachment":[{"href":"https:\/\/www.iceagetv.com\/radiosite\/wp-json\/wp\/v2\/media?parent=34127"}],"wp:term":[{"taxonomy":"category","embeddable":true,"href":"https:\/\/www.iceagetv.com\/radiosite\/wp-json\/wp\/v2\/categories?post=34127"},{"taxonomy":"post_tag","embeddable":true,"href":"https:\/\/www.iceagetv.com\/radiosite\/wp-json\/wp\/v2\/tags?post=34127"}],"curies":[{"name":"wp","href":"https:\/\/api.w.org\/{rel}","templated":true}]}}